{"id":48093,"date":"2026-04-23T17:42:36","date_gmt":"2026-04-23T15:42:36","guid":{"rendered":"https:\/\/gardeon.pl\/blog\/domek-ogrodowy-z-dwoma-wiatami-i-montowany-garaz\/"},"modified":"2026-04-23T18:44:23","modified_gmt":"2026-04-23T16:44:23","slug":"domek-ogrodowy-z-dwoma-wiatami-i-montowany-garaz","status":"publish","type":"post","link":"https:\/\/gardeon.pl\/pl\/blog\/domek-ogrodowy-z-dwoma-wiatami-i-montowany-garaz\/","title":{"rendered":"Domek ogrodowy z dwoma wiatami i montowany gara\u017c"},"content":{"rendered":"<h2>Jak to wszystko si\u0119 zacz\u0119\u0142o?<\/h2>\n<p><span style=\"font-weight: 400;\">Sympatyczne ma\u0142\u017ce\u0144stwo zwr\u00f3ci\u0142o si\u0119 do nas z informacj\u0105, \u017ce przy ich nowym domu jednorodzinnym brakuje gara\u017cu i schowka. Um\u00f3wili\u015bmy si\u0119 na osobiste spotkanie z pa\u0144stwem Habov\u0161tiak, podczas kt\u00f3rego dopracowali\u015bmy szczeg\u00f3\u0142y, a gara\u017c pomy\u015blnie zrealizowali\u015bmy jeszcze w tym samym roku. Po kilku latach klienci ponownie si\u0119 z nami skontaktowali, wyra\u017caj\u0105c ch\u0119\u0107 realizacji domku ogrodowego z wiat\u0105. W ten spos\u00f3b spe\u0142nili\u015bmy ich kolejne \u201ema\u0142e-wielkie\u201d marzenie.   <\/span><\/p>\n<h3>Recenzja zaraz po monta\u017cu<\/h3>\n<p><img loading=\"lazy\" decoding=\"async\" class=\"aligncenter size-full wp-image-27846\" src=\"http:\/\/gardeon.pl\/wp-content\/uploads\/2020\/09\/recenzia-gardeon-2-1.png\" alt=\"Recenzje GARDEON\" width=\"1086\" height=\"462\" srcset=\"https:\/\/gardeon.pl\/wp-content\/uploads\/2020\/09\/recenzia-gardeon-2-1.png 1086w, https:\/\/gardeon.pl\/wp-content\/uploads\/2020\/09\/recenzia-gardeon-2-1-300x128.png 300w, https:\/\/gardeon.pl\/wp-content\/uploads\/2020\/09\/recenzia-gardeon-2-1-1024x436.png 1024w, https:\/\/gardeon.pl\/wp-content\/uploads\/2020\/09\/recenzia-gardeon-2-1-768x327.png 768w\" sizes=\"auto, (max-width: 1086px) 100vw, 1086px\" \/><\/p>\n<h2>A jakie s\u0105 ich wra\u017cenia z perspektywy czasu?<\/h2>\n<p><i><span style=\"font-weight: 400;\">\u201ePrzed 3 laty firma Gardeon, dzia\u0142aj\u0105ca w\u00f3wczas jeszcze pod nazw\u0105 \u201eGar\u00e1\u017ee na k\u013e\u00fa\u010d\u201d, postawi\u0142a nam gara\u017c samochodowy z pomieszczeniem gospodarczym. Byli\u015bmy bardzo zadowoleni z podej\u015bcia firmy, a przede wszystkim z efekt\u00f3w pracy Gardeon. Dlatego po dw\u00f3ch latach zdecydowali\u015bmy si\u0119 na budow\u0119 ma\u0142ego domku z wiat\u0105 do wypoczynku. Ponownie byli\u015bmy bardzo usatysfakcjonowani, a dzi\u0119ki tej altanie nasza przestrze\u0144 ogrodowa sta\u0142a si\u0119 znacznie pi\u0119kniejsza.\u201d   <\/span><\/i><\/p>\n<p><i><span style=\"font-weight: 400;\">A tego lata firma Gardeon wymieni\u0142a wype\u0142nienie altany na pe\u0142ne panele, aby\u015bmy mieli prywatno\u015b\u0107, cieplejsze i czystsze \u015brodowisko w altanie. W tym okresie robili\u015bmy now\u0105 wycen\u0119 rzeczoznawcy domu z ogrodem, gdzie pi\u0119knie wzros\u0142a nam kwota, poniewa\u017c mamy dzia\u0142k\u0119 bardzo dobrze zagospodarowan\u0105. Z firm\u0105 Gardeon \u015bwietnie si\u0119 komunikuje, potrafi uszy\u0107 na miar\u0119 dla ka\u017cdego to, czego potrzebuje. Gor\u0105co polecam wszystkim klientom i spokojnie mo\u017cna przyjecha\u0107 zobaczy\u0107 nasz gara\u017c i altan\u0119 do Kras\u0148an.   <\/span><\/i><\/p>\n<h3>Zdj\u0119cia cz\u0119\u015bci zewn\u0119trznej<\/h3>\n<h4>Projekt letni<\/h4>\n<p><img loading=\"lazy\" decoding=\"async\" class=\"aligncenter size-full wp-image-27850\" src=\"http:\/\/gardeon.pl\/wp-content\/uploads\/2020\/09\/GARDEON-foto-od-zakaznikov-25-scaled.jpg\" alt=\"Gara\u017c na jeden samoch\u00f3d w bia\u0142ym tynku\" width=\"2560\" height=\"1213\" srcset=\"https:\/\/gardeon.pl\/wp-content\/uploads\/2020\/09\/GARDEON-foto-od-zakaznikov-25-scaled.jpg 2560w, https:\/\/gardeon.pl\/wp-content\/uploads\/2020\/09\/GARDEON-foto-od-zakaznikov-25-300x142.jpg 300w, https:\/\/gardeon.pl\/wp-content\/uploads\/2020\/09\/GARDEON-foto-od-zakaznikov-25-1024x485.jpg 1024w, https:\/\/gardeon.pl\/wp-content\/uploads\/2020\/09\/GARDEON-foto-od-zakaznikov-25-768x364.jpg 768w, https:\/\/gardeon.pl\/wp-content\/uploads\/2020\/09\/GARDEON-foto-od-zakaznikov-25-1536x728.jpg 1536w, https:\/\/gardeon.pl\/wp-content\/uploads\/2020\/09\/GARDEON-foto-od-zakaznikov-25-2048x971.jpg 2048w\" sizes=\"auto, (max-width: 2560px) 100vw, 2560px\" \/><\/p>\n<p><img loading=\"lazy\" decoding=\"async\" class=\"aligncenter size-full wp-image-27848\" src=\"http:\/\/gardeon.pl\/wp-content\/uploads\/2020\/09\/GARDEON-foto-od-zakaznikov-26-scaled.jpg\" alt=\"Domek ogrodowy z dwoma wiatami\" width=\"2560\" height=\"1211\" srcset=\"https:\/\/gardeon.pl\/wp-content\/uploads\/2020\/09\/GARDEON-foto-od-zakaznikov-26-scaled.jpg 2560w, https:\/\/gardeon.pl\/wp-content\/uploads\/2020\/09\/GARDEON-foto-od-zakaznikov-26-300x142.jpg 300w, https:\/\/gardeon.pl\/wp-content\/uploads\/2020\/09\/GARDEON-foto-od-zakaznikov-26-1024x485.jpg 1024w, https:\/\/gardeon.pl\/wp-content\/uploads\/2020\/09\/GARDEON-foto-od-zakaznikov-26-768x363.jpg 768w, https:\/\/gardeon.pl\/wp-content\/uploads\/2020\/09\/GARDEON-foto-od-zakaznikov-26-1536x727.jpg 1536w, https:\/\/gardeon.pl\/wp-content\/uploads\/2020\/09\/GARDEON-foto-od-zakaznikov-26-2048x969.jpg 2048w, https:\/\/gardeon.pl\/wp-content\/uploads\/2020\/09\/GARDEON-foto-od-zakaznikov-26-scaled-1200x568.jpg 1200w\" sizes=\"auto, (max-width: 2560px) 100vw, 2560px\" \/><\/p>\n<p><img loading=\"lazy\" decoding=\"async\" class=\"aligncenter size-full wp-image-27852\" src=\"http:\/\/gardeon.pl\/wp-content\/uploads\/2020\/09\/GARDEON-foto-od-zakaznikov-27-scaled.jpg\" alt=\"Domek ogrodowy z wiat\u0105 po lewej i prawej stronie\" width=\"2560\" height=\"1211\" srcset=\"https:\/\/gardeon.pl\/wp-content\/uploads\/2020\/09\/GARDEON-foto-od-zakaznikov-27-scaled.jpg 2560w, https:\/\/gardeon.pl\/wp-content\/uploads\/2020\/09\/GARDEON-foto-od-zakaznikov-27-300x142.jpg 300w, https:\/\/gardeon.pl\/wp-content\/uploads\/2020\/09\/GARDEON-foto-od-zakaznikov-27-1024x485.jpg 1024w, https:\/\/gardeon.pl\/wp-content\/uploads\/2020\/09\/GARDEON-foto-od-zakaznikov-27-768x363.jpg 768w, https:\/\/gardeon.pl\/wp-content\/uploads\/2020\/09\/GARDEON-foto-od-zakaznikov-27-1536x727.jpg 1536w, https:\/\/gardeon.pl\/wp-content\/uploads\/2020\/09\/GARDEON-foto-od-zakaznikov-27-2048x969.jpg 2048w\" sizes=\"auto, (max-width: 2560px) 100vw, 2560px\" \/><\/p>\n<h4>Projekt jesienny<\/h4>\n<h4><a href=\"http:\/\/gardeon.pl\/wp-content\/uploads\/2020\/10\/GARDEON-foto-od-zakaznikov-98.jpg\"><br \/>\n<img loading=\"lazy\" decoding=\"async\" class=\"aligncenter wp-image-29114\" src=\"http:\/\/gardeon.pl\/wp-content\/uploads\/2020\/10\/GARDEON-foto-od-zakaznikov-98.jpg\" alt=\"Domek ogrodowy przykryty plandek\u0105\" width=\"800\" height=\"379\" srcset=\"https:\/\/gardeon.pl\/wp-content\/uploads\/2020\/10\/GARDEON-foto-od-zakaznikov-98.jpg 1200w, https:\/\/gardeon.pl\/wp-content\/uploads\/2020\/10\/GARDEON-foto-od-zakaznikov-98-300x142.jpg 300w, https:\/\/gardeon.pl\/wp-content\/uploads\/2020\/10\/GARDEON-foto-od-zakaznikov-98-1024x485.jpg 1024w, https:\/\/gardeon.pl\/wp-content\/uploads\/2020\/10\/GARDEON-foto-od-zakaznikov-98-768x364.jpg 768w\" sizes=\"auto, (max-width: 800px) 100vw, 800px\" \/><\/a><a href=\"http:\/\/gardeon.pl\/wp-content\/uploads\/2020\/10\/GARDEON-foto-od-zakaznikov-99.jpg\"><img loading=\"lazy\" decoding=\"async\" class=\"aligncenter wp-image-29112\" src=\"http:\/\/gardeon.pl\/wp-content\/uploads\/2020\/10\/GARDEON-foto-od-zakaznikov-99.jpg\" alt=\"Domek ogrodowy z lewej strony\" width=\"800\" height=\"379\" srcset=\"https:\/\/gardeon.pl\/wp-content\/uploads\/2020\/10\/GARDEON-foto-od-zakaznikov-99.jpg 1200w, https:\/\/gardeon.pl\/wp-content\/uploads\/2020\/10\/GARDEON-foto-od-zakaznikov-99-300x142.jpg 300w, https:\/\/gardeon.pl\/wp-content\/uploads\/2020\/10\/GARDEON-foto-od-zakaznikov-99-1024x486.jpg 1024w, https:\/\/gardeon.pl\/wp-content\/uploads\/2020\/10\/GARDEON-foto-od-zakaznikov-99-768x364.jpg 768w\" sizes=\"auto, (max-width: 800px) 100vw, 800px\" \/><\/a><\/h4>\n<p><a href=\"http:\/\/gardeon.pl\/wp-content\/uploads\/2020\/10\/GARDEON-foto-od-zakaznikov-100.jpg\"><img loading=\"lazy\" decoding=\"async\" class=\"aligncenter wp-image-29110\" src=\"http:\/\/gardeon.pl\/wp-content\/uploads\/2020\/10\/GARDEON-foto-od-zakaznikov-100.jpg\" alt=\"Przytulny domek ogrodowy w ogrodzie\" width=\"800\" height=\"379\" srcset=\"https:\/\/gardeon.pl\/wp-content\/uploads\/2020\/10\/GARDEON-foto-od-zakaznikov-100.jpg 1200w, https:\/\/gardeon.pl\/wp-content\/uploads\/2020\/10\/GARDEON-foto-od-zakaznikov-100-300x142.jpg 300w, https:\/\/gardeon.pl\/wp-content\/uploads\/2020\/10\/GARDEON-foto-od-zakaznikov-100-1024x485.jpg 1024w, https:\/\/gardeon.pl\/wp-content\/uploads\/2020\/10\/GARDEON-foto-od-zakaznikov-100-768x364.jpg 768w\" sizes=\"auto, (max-width: 800px) 100vw, 800px\" \/><\/a><\/p>\n<p><a href=\"http:\/\/gardeon.pl\/wp-content\/uploads\/2020\/10\/GARDEON-foto-od-zakaznikov-101.jpg\"><img loading=\"lazy\" decoding=\"async\" class=\"aligncenter wp-image-29108\" src=\"http:\/\/gardeon.pl\/wp-content\/uploads\/2020\/10\/GARDEON-foto-od-zakaznikov-101.jpg\" alt=\"Przytulny domek ogrodowy z miejscem do siedzenia\" width=\"800\" height=\"379\" srcset=\"https:\/\/gardeon.pl\/wp-content\/uploads\/2020\/10\/GARDEON-foto-od-zakaznikov-101.jpg 1200w, https:\/\/gardeon.pl\/wp-content\/uploads\/2020\/10\/GARDEON-foto-od-zakaznikov-101-300x142.jpg 300w, https:\/\/gardeon.pl\/wp-content\/uploads\/2020\/10\/GARDEON-foto-od-zakaznikov-101-1024x485.jpg 1024w, https:\/\/gardeon.pl\/wp-content\/uploads\/2020\/10\/GARDEON-foto-od-zakaznikov-101-768x364.jpg 768w\" sizes=\"auto, (max-width: 800px) 100vw, 800px\" \/><\/a><\/p>\n<h2>Podsumowanie<\/h2>\n<h3>Gara\u017c<\/h3>\n<ul>\n<li style=\"font-weight: 400;\" aria-level=\"1\"><span style=\"font-weight: 400;\">czas budowy \u2013 5 godzin<\/span><\/li>\n<li style=\"font-weight: 400;\" aria-level=\"1\"><span style=\"font-weight: 400;\">wymiary gara\u017cu \u2013 3 100 x 7 860 mm<\/span><\/li>\n<li style=\"font-weight: 400;\" aria-level=\"1\"><span style=\"font-weight: 400;\">cena gara\u017cu w momencie zam\u00f3wienia \u2013 ok. 115 000 K\u010d z VAT<\/span><\/li>\n<\/ul>\n<h3>Domek ogrodowy<\/h3>\n<ul>\n<li style=\"font-weight: 400;\" aria-level=\"1\"><span style=\"font-weight: 400;\">czas budowy \u2013 3 godziny<\/span><\/li>\n<li style=\"font-weight: 400;\" aria-level=\"1\"><span style=\"font-weight: 400;\">wymiary domku ogrodowego i wiaty \u2013 2 900 x 2 100 mm + 1 500 x 2 100 + 2 500 x 4 000 mm<\/span><\/li>\n<li style=\"font-weight: 400;\" aria-level=\"1\"><span style=\"font-weight: 400;\">cena domku ogrodowego w momencie zam\u00f3wienia \u2013 ok. 105 000 K\u010d z VAT<\/span><\/li>\n<\/ul>\n<p><span style=\"font-weight: 400;\"> <\/span><\/p>\n<h3 style=\"text-align: center;\">Za opini\u0119 zwrotn\u0105 i zdj\u0119cia dzi\u0119kujemy rodzinie Habov\u0161tiak\u00f3w :)<\/h3>\n","protected":false},"excerpt":{"rendered":"<p>Jak to wszystko si\u0119 zacz\u0119\u0142o? Sympatyczne ma\u0142\u017ce\u0144stwo zwr\u00f3ci\u0142o si\u0119 do nas z informacj\u0105, \u017ce przy ich nowym domu jednorodzinnym brakuje gara\u017cu i schowka. Um\u00f3wili\u015bmy si\u0119 na osobiste spotkanie z pa\u0144stwem Habov\u0161tiak, podczas kt\u00f3rego dopracowali\u015bmy szczeg\u00f3\u0142y, a gara\u017c pomy\u015blnie zrealizowali\u015bmy jeszcze w tym samym roku. Po kilku latach klienci ponownie si\u0119 z nami skontaktowali, wyra\u017caj\u0105c ch\u0119\u0107 [&hellip;]<\/p>\n","protected":false},"author":2,"featured_media":48098,"comment_status":"open","ping_status":"open","sticky":false,"template":"","format":"standard","meta":{"_acf_changed":false,"inline_featured_image":false,"footnotes":""},"categories":[770,716],"tags":[],"class_list":["post-48093","post","type-post","status-publish","format-standard","has-post-thumbnail","hentry","category-garaze","category-jak-sie-zyje-z-gardeon"],"acf":[],"yoast_head":"<!-- This site is optimized with the Yoast SEO plugin v27.4 - https:\/\/yoast.com\/product\/yoast-seo-wordpress\/ -->\n<title>Domek ogrodowy z dwoma wiatami i montowany gara\u017c | GARDEON<\/title>\n<meta name=\"robots\" content=\"index, follow, max-snippet:-1, max-image-preview:large, max-video-preview:-1\" \/>\n<link rel=\"canonical\" href=\"https:\/\/gardeon.pl\/pl\/blog\/domek-ogrodowy-z-dwoma-wiatami-i-montowany-garaz\/\" \/>\n<meta property=\"og:locale\" content=\"pl_PL\" \/>\n<meta property=\"og:type\" content=\"article\" \/>\n<meta property=\"og:title\" content=\"Domek ogrodowy z dwoma wiatami i montowany gara\u017c | GARDEON\" \/>\n<meta property=\"og:description\" content=\"Jak to wszystko si\u0119 zacz\u0119\u0142o? Sympatyczne ma\u0142\u017ce\u0144stwo zwr\u00f3ci\u0142o si\u0119 do nas z informacj\u0105, \u017ce przy ich nowym domu jednorodzinnym brakuje gara\u017cu i schowka. Um\u00f3wili\u015bmy si\u0119 na osobiste spotkanie z pa\u0144stwem Habov\u0161tiak, podczas kt\u00f3rego dopracowali\u015bmy szczeg\u00f3\u0142y, a gara\u017c pomy\u015blnie zrealizowali\u015bmy jeszcze w tym samym roku. Po kilku latach klienci ponownie si\u0119 z nami skontaktowali, wyra\u017caj\u0105c ch\u0119\u0107 [&hellip;]\" \/>\n<meta property=\"og:url\" content=\"https:\/\/gardeon.pl\/pl\/blog\/domek-ogrodowy-z-dwoma-wiatami-i-montowany-garaz\/\" \/>\n<meta property=\"og:site_name\" content=\"GARDEON\" \/>\n<meta property=\"article:published_time\" content=\"2026-04-23T15:42:36+00:00\" \/>\n<meta property=\"article:modified_time\" content=\"2026-04-23T16:44:23+00:00\" \/>\n<meta property=\"og:image\" content=\"http:\/\/gardeon.pl\/wp-content\/uploads\/2020\/09\/GARDEON-foto-od-zakaznikov-26-scaled.jpg\" \/>\n\t<meta property=\"og:image:width\" content=\"2560\" \/>\n\t<meta property=\"og:image:height\" content=\"1211\" \/>\n\t<meta property=\"og:image:type\" content=\"image\/jpeg\" \/>\n<meta name=\"author\" content=\"editor\" \/>\n<meta name=\"twitter:card\" content=\"summary_large_image\" \/>\n<meta name=\"twitter:label1\" content=\"Napisane przez\" \/>\n\t<meta name=\"twitter:data1\" content=\"editor\" \/>\n\t<meta name=\"twitter:label2\" content=\"Szacowany czas czytania\" \/>\n\t<meta name=\"twitter:data2\" content=\"2 minuty\" \/>\n<script type=\"application\/ld+json\" class=\"yoast-schema-graph\">{\"@context\":\"https:\\\/\\\/schema.org\",\"@graph\":[{\"@type\":\"Article\",\"@id\":\"https:\\\/\\\/gardeon.pl\\\/pl\\\/blog\\\/domek-ogrodowy-z-dwoma-wiatami-i-montowany-garaz\\\/#article\",\"isPartOf\":{\"@id\":\"https:\\\/\\\/gardeon.pl\\\/pl\\\/blog\\\/domek-ogrodowy-z-dwoma-wiatami-i-montowany-garaz\\\/\"},\"author\":{\"name\":\"editor\",\"@id\":\"https:\\\/\\\/gardeon.pl\\\/#\\\/schema\\\/person\\\/a5762ca5f0790bf92774af0899379463\"},\"headline\":\"Domek ogrodowy z dwoma wiatami i montowany gara\u017c\",\"datePublished\":\"2026-04-23T15:42:36+00:00\",\"dateModified\":\"2026-04-23T16:44:23+00:00\",\"mainEntityOfPage\":{\"@id\":\"https:\\\/\\\/gardeon.pl\\\/pl\\\/blog\\\/domek-ogrodowy-z-dwoma-wiatami-i-montowany-garaz\\\/\"},\"wordCount\":339,\"commentCount\":0,\"image\":{\"@id\":\"https:\\\/\\\/gardeon.pl\\\/pl\\\/blog\\\/domek-ogrodowy-z-dwoma-wiatami-i-montowany-garaz\\\/#primaryimage\"},\"thumbnailUrl\":\"https:\\\/\\\/gardeon.pl\\\/wp-content\\\/uploads\\\/2020\\\/09\\\/GARDEON-foto-od-zakaznikov-26-scaled.jpg\",\"articleSection\":[\"Gara\u017ce\",\"Jak si\u0119 \u017cyje z GARDEON\"],\"inLanguage\":\"pl-PL\",\"potentialAction\":[{\"@type\":\"CommentAction\",\"name\":\"Comment\",\"target\":[\"https:\\\/\\\/gardeon.pl\\\/pl\\\/blog\\\/domek-ogrodowy-z-dwoma-wiatami-i-montowany-garaz\\\/#respond\"]}]},{\"@type\":\"WebPage\",\"@id\":\"https:\\\/\\\/gardeon.pl\\\/pl\\\/blog\\\/domek-ogrodowy-z-dwoma-wiatami-i-montowany-garaz\\\/\",\"url\":\"https:\\\/\\\/gardeon.pl\\\/pl\\\/blog\\\/domek-ogrodowy-z-dwoma-wiatami-i-montowany-garaz\\\/\",\"name\":\"Domek ogrodowy z dwoma wiatami i montowany gara\u017c | GARDEON\",\"isPartOf\":{\"@id\":\"https:\\\/\\\/gardeon.pl\\\/#website\"},\"primaryImageOfPage\":{\"@id\":\"https:\\\/\\\/gardeon.pl\\\/pl\\\/blog\\\/domek-ogrodowy-z-dwoma-wiatami-i-montowany-garaz\\\/#primaryimage\"},\"image\":{\"@id\":\"https:\\\/\\\/gardeon.pl\\\/pl\\\/blog\\\/domek-ogrodowy-z-dwoma-wiatami-i-montowany-garaz\\\/#primaryimage\"},\"thumbnailUrl\":\"https:\\\/\\\/gardeon.pl\\\/wp-content\\\/uploads\\\/2020\\\/09\\\/GARDEON-foto-od-zakaznikov-26-scaled.jpg\",\"datePublished\":\"2026-04-23T15:42:36+00:00\",\"dateModified\":\"2026-04-23T16:44:23+00:00\",\"author\":{\"@id\":\"https:\\\/\\\/gardeon.pl\\\/#\\\/schema\\\/person\\\/a5762ca5f0790bf92774af0899379463\"},\"breadcrumb\":{\"@id\":\"https:\\\/\\\/gardeon.pl\\\/pl\\\/blog\\\/domek-ogrodowy-z-dwoma-wiatami-i-montowany-garaz\\\/#breadcrumb\"},\"inLanguage\":\"pl-PL\",\"potentialAction\":[{\"@type\":\"ReadAction\",\"target\":[\"https:\\\/\\\/gardeon.pl\\\/pl\\\/blog\\\/domek-ogrodowy-z-dwoma-wiatami-i-montowany-garaz\\\/\"]}]},{\"@type\":\"ImageObject\",\"inLanguage\":\"pl-PL\",\"@id\":\"https:\\\/\\\/gardeon.pl\\\/pl\\\/blog\\\/domek-ogrodowy-z-dwoma-wiatami-i-montowany-garaz\\\/#primaryimage\",\"url\":\"https:\\\/\\\/gardeon.pl\\\/wp-content\\\/uploads\\\/2020\\\/09\\\/GARDEON-foto-od-zakaznikov-26-scaled.jpg\",\"contentUrl\":\"https:\\\/\\\/gardeon.pl\\\/wp-content\\\/uploads\\\/2020\\\/09\\\/GARDEON-foto-od-zakaznikov-26-scaled.jpg\",\"width\":2560,\"height\":1211,\"caption\":\"Domek ogrodowy z dwoma wiatami\"},{\"@type\":\"BreadcrumbList\",\"@id\":\"https:\\\/\\\/gardeon.pl\\\/pl\\\/blog\\\/domek-ogrodowy-z-dwoma-wiatami-i-montowany-garaz\\\/#breadcrumb\",\"itemListElement\":[{\"@type\":\"ListItem\",\"position\":1,\"name\":\"Domov\",\"item\":\"https:\\\/\\\/gardeon.pl\\\/pl\\\/\"},{\"@type\":\"ListItem\",\"position\":2,\"name\":\"Domek ogrodowy z dwoma wiatami i montowany gara\u017c\"}]},{\"@type\":\"WebSite\",\"@id\":\"https:\\\/\\\/gardeon.pl\\\/#website\",\"url\":\"https:\\\/\\\/gardeon.pl\\\/\",\"name\":\"GARDEON\",\"description\":\"\",\"potentialAction\":[{\"@type\":\"SearchAction\",\"target\":{\"@type\":\"EntryPoint\",\"urlTemplate\":\"https:\\\/\\\/gardeon.pl\\\/?s={search_term_string}\"},\"query-input\":{\"@type\":\"PropertyValueSpecification\",\"valueRequired\":true,\"valueName\":\"search_term_string\"}}],\"inLanguage\":\"pl-PL\"},{\"@type\":\"Person\",\"@id\":\"https:\\\/\\\/gardeon.pl\\\/#\\\/schema\\\/person\\\/a5762ca5f0790bf92774af0899379463\",\"name\":\"editor\",\"image\":{\"@type\":\"ImageObject\",\"inLanguage\":\"pl-PL\",\"@id\":\"https:\\\/\\\/secure.gravatar.com\\\/avatar\\\/2b748151c2c748327307fd289a91b3bdafdd9e64e2d000e65e53d6dcf11c5830?s=96&d=mm&r=g\",\"url\":\"https:\\\/\\\/secure.gravatar.com\\\/avatar\\\/2b748151c2c748327307fd289a91b3bdafdd9e64e2d000e65e53d6dcf11c5830?s=96&d=mm&r=g\",\"contentUrl\":\"https:\\\/\\\/secure.gravatar.com\\\/avatar\\\/2b748151c2c748327307fd289a91b3bdafdd9e64e2d000e65e53d6dcf11c5830?s=96&d=mm&r=g\",\"caption\":\"editor\"}}]}<\/script>\n<!-- \/ Yoast SEO plugin. -->","yoast_head_json":{"title":"Domek ogrodowy z dwoma wiatami i montowany gara\u017c | GARDEON","robots":{"index":"index","follow":"follow","max-snippet":"max-snippet:-1","max-image-preview":"max-image-preview:large","max-video-preview":"max-video-preview:-1"},"canonical":"https:\/\/gardeon.pl\/pl\/blog\/domek-ogrodowy-z-dwoma-wiatami-i-montowany-garaz\/","og_locale":"pl_PL","og_type":"article","og_title":"Domek ogrodowy z dwoma wiatami i montowany gara\u017c | GARDEON","og_description":"Jak to wszystko si\u0119 zacz\u0119\u0142o? Sympatyczne ma\u0142\u017ce\u0144stwo zwr\u00f3ci\u0142o si\u0119 do nas z informacj\u0105, \u017ce przy ich nowym domu jednorodzinnym brakuje gara\u017cu i schowka. Um\u00f3wili\u015bmy si\u0119 na osobiste spotkanie z pa\u0144stwem Habov\u0161tiak, podczas kt\u00f3rego dopracowali\u015bmy szczeg\u00f3\u0142y, a gara\u017c pomy\u015blnie zrealizowali\u015bmy jeszcze w tym samym roku. Po kilku latach klienci ponownie si\u0119 z nami skontaktowali, wyra\u017caj\u0105c ch\u0119\u0107 [&hellip;]","og_url":"https:\/\/gardeon.pl\/pl\/blog\/domek-ogrodowy-z-dwoma-wiatami-i-montowany-garaz\/","og_site_name":"GARDEON","article_published_time":"2026-04-23T15:42:36+00:00","article_modified_time":"2026-04-23T16:44:23+00:00","og_image":[{"width":2560,"height":1211,"url":"http:\/\/gardeon.pl\/wp-content\/uploads\/2020\/09\/GARDEON-foto-od-zakaznikov-26-scaled.jpg","type":"image\/jpeg"}],"author":"editor","twitter_card":"summary_large_image","twitter_misc":{"Napisane przez":"editor","Szacowany czas czytania":"2 minuty"},"schema":{"@context":"https:\/\/schema.org","@graph":[{"@type":"Article","@id":"https:\/\/gardeon.pl\/pl\/blog\/domek-ogrodowy-z-dwoma-wiatami-i-montowany-garaz\/#article","isPartOf":{"@id":"https:\/\/gardeon.pl\/pl\/blog\/domek-ogrodowy-z-dwoma-wiatami-i-montowany-garaz\/"},"author":{"name":"editor","@id":"https:\/\/gardeon.pl\/#\/schema\/person\/a5762ca5f0790bf92774af0899379463"},"headline":"Domek ogrodowy z dwoma wiatami i montowany gara\u017c","datePublished":"2026-04-23T15:42:36+00:00","dateModified":"2026-04-23T16:44:23+00:00","mainEntityOfPage":{"@id":"https:\/\/gardeon.pl\/pl\/blog\/domek-ogrodowy-z-dwoma-wiatami-i-montowany-garaz\/"},"wordCount":339,"commentCount":0,"image":{"@id":"https:\/\/gardeon.pl\/pl\/blog\/domek-ogrodowy-z-dwoma-wiatami-i-montowany-garaz\/#primaryimage"},"thumbnailUrl":"https:\/\/gardeon.pl\/wp-content\/uploads\/2020\/09\/GARDEON-foto-od-zakaznikov-26-scaled.jpg","articleSection":["Gara\u017ce","Jak si\u0119 \u017cyje z GARDEON"],"inLanguage":"pl-PL","potentialAction":[{"@type":"CommentAction","name":"Comment","target":["https:\/\/gardeon.pl\/pl\/blog\/domek-ogrodowy-z-dwoma-wiatami-i-montowany-garaz\/#respond"]}]},{"@type":"WebPage","@id":"https:\/\/gardeon.pl\/pl\/blog\/domek-ogrodowy-z-dwoma-wiatami-i-montowany-garaz\/","url":"https:\/\/gardeon.pl\/pl\/blog\/domek-ogrodowy-z-dwoma-wiatami-i-montowany-garaz\/","name":"Domek ogrodowy z dwoma wiatami i montowany gara\u017c | GARDEON","isPartOf":{"@id":"https:\/\/gardeon.pl\/#website"},"primaryImageOfPage":{"@id":"https:\/\/gardeon.pl\/pl\/blog\/domek-ogrodowy-z-dwoma-wiatami-i-montowany-garaz\/#primaryimage"},"image":{"@id":"https:\/\/gardeon.pl\/pl\/blog\/domek-ogrodowy-z-dwoma-wiatami-i-montowany-garaz\/#primaryimage"},"thumbnailUrl":"https:\/\/gardeon.pl\/wp-content\/uploads\/2020\/09\/GARDEON-foto-od-zakaznikov-26-scaled.jpg","datePublished":"2026-04-23T15:42:36+00:00","dateModified":"2026-04-23T16:44:23+00:00","author":{"@id":"https:\/\/gardeon.pl\/#\/schema\/person\/a5762ca5f0790bf92774af0899379463"},"breadcrumb":{"@id":"https:\/\/gardeon.pl\/pl\/blog\/domek-ogrodowy-z-dwoma-wiatami-i-montowany-garaz\/#breadcrumb"},"inLanguage":"pl-PL","potentialAction":[{"@type":"ReadAction","target":["https:\/\/gardeon.pl\/pl\/blog\/domek-ogrodowy-z-dwoma-wiatami-i-montowany-garaz\/"]}]},{"@type":"ImageObject","inLanguage":"pl-PL","@id":"https:\/\/gardeon.pl\/pl\/blog\/domek-ogrodowy-z-dwoma-wiatami-i-montowany-garaz\/#primaryimage","url":"https:\/\/gardeon.pl\/wp-content\/uploads\/2020\/09\/GARDEON-foto-od-zakaznikov-26-scaled.jpg","contentUrl":"https:\/\/gardeon.pl\/wp-content\/uploads\/2020\/09\/GARDEON-foto-od-zakaznikov-26-scaled.jpg","width":2560,"height":1211,"caption":"Domek ogrodowy z dwoma wiatami"},{"@type":"BreadcrumbList","@id":"https:\/\/gardeon.pl\/pl\/blog\/domek-ogrodowy-z-dwoma-wiatami-i-montowany-garaz\/#breadcrumb","itemListElement":[{"@type":"ListItem","position":1,"name":"Domov","item":"https:\/\/gardeon.pl\/pl\/"},{"@type":"ListItem","position":2,"name":"Domek ogrodowy z dwoma wiatami i montowany gara\u017c"}]},{"@type":"WebSite","@id":"https:\/\/gardeon.pl\/#website","url":"https:\/\/gardeon.pl\/","name":"GARDEON","description":"","potentialAction":[{"@type":"SearchAction","target":{"@type":"EntryPoint","urlTemplate":"https:\/\/gardeon.pl\/?s={search_term_string}"},"query-input":{"@type":"PropertyValueSpecification","valueRequired":true,"valueName":"search_term_string"}}],"inLanguage":"pl-PL"},{"@type":"Person","@id":"https:\/\/gardeon.pl\/#\/schema\/person\/a5762ca5f0790bf92774af0899379463","name":"editor","image":{"@type":"ImageObject","inLanguage":"pl-PL","@id":"https:\/\/secure.gravatar.com\/avatar\/2b748151c2c748327307fd289a91b3bdafdd9e64e2d000e65e53d6dcf11c5830?s=96&d=mm&r=g","url":"https:\/\/secure.gravatar.com\/avatar\/2b748151c2c748327307fd289a91b3bdafdd9e64e2d000e65e53d6dcf11c5830?s=96&d=mm&r=g","contentUrl":"https:\/\/secure.gravatar.com\/avatar\/2b748151c2c748327307fd289a91b3bdafdd9e64e2d000e65e53d6dcf11c5830?s=96&d=mm&r=g","caption":"editor"}}]}},"_links":{"self":[{"href":"https:\/\/gardeon.pl\/pl\/wp-json\/wp\/v2\/posts\/48093","targetHints":{"allow":["GET"]}}],"collection":[{"href":"https:\/\/gardeon.pl\/pl\/wp-json\/wp\/v2\/posts"}],"about":[{"href":"https:\/\/gardeon.pl\/pl\/wp-json\/wp\/v2\/types\/post"}],"author":[{"embeddable":true,"href":"https:\/\/gardeon.pl\/pl\/wp-json\/wp\/v2\/users\/2"}],"replies":[{"embeddable":true,"href":"https:\/\/gardeon.pl\/pl\/wp-json\/wp\/v2\/comments?post=48093"}],"version-history":[{"count":0,"href":"https:\/\/gardeon.pl\/pl\/wp-json\/wp\/v2\/posts\/48093\/revisions"}],"wp:featuredmedia":[{"embeddable":true,"href":"https:\/\/gardeon.pl\/pl\/wp-json\/wp\/v2\/media\/48098"}],"wp:attachment":[{"href":"https:\/\/gardeon.pl\/pl\/wp-json\/wp\/v2\/media?parent=48093"}],"wp:term":[{"taxonomy":"category","embeddable":true,"href":"https:\/\/gardeon.pl\/pl\/wp-json\/wp\/v2\/categories?post=48093"},{"taxonomy":"post_tag","embeddable":true,"href":"https:\/\/gardeon.pl\/pl\/wp-json\/wp\/v2\/tags?post=48093"}],"curies":[{"name":"wp","href":"https:\/\/api.w.org\/{rel}","templated":true}]}}