{"id":48109,"date":"2026-04-23T17:42:36","date_gmt":"2026-04-23T15:42:36","guid":{"rendered":"https:\/\/gardeon.pl\/blog\/specjalny-montaz-poza-ue-gardeon-w-szwajcarii\/"},"modified":"2026-04-23T18:44:23","modified_gmt":"2026-04-23T16:44:23","slug":"specjalny-montaz-poza-ue-gardeon-w-szwajcarii","status":"publish","type":"post","link":"https:\/\/gardeon.pl\/pl\/blog\/specjalny-montaz-poza-ue-gardeon-w-szwajcarii\/","title":{"rendered":"Specjalny monta\u017c poza UE \u2013 GARDEON w Szwajcarii!"},"content":{"rendered":"<p><i><span style=\"font-weight: 400;\">Jak ka\u017cda innowacyjna firma, r\u00f3wnie\u017c my staramy si\u0119 nieustannie doskonali\u0107, rozwija\u0107 i poszerza\u0107 nasze mo\u017cliwo\u015bci. Tym razem stan\u0119li\u015bmy przed du\u017cym wyzwaniem na terytorium poza Uni\u0105 Europejsk\u0105, gdzie sprawdzili\u015bmy nie tylko logistyczne, ale tak\u017ce biurokratyczne kompetencje naszych koleg\u00f3w.<\/span><\/i><\/p>\n<p><i><span style=\"font-weight: 400;\">Drodzy GARDEONI\u015aCI \u2013 prezentujemy Pa\u0144stwu nasz pierwszy projekt poza granicami Unii \u2013 GARDEON w Szwajcarii!<\/span><\/i><!--more--><\/p>\n","protected":false},"excerpt":{"rendered":"<p>Jak ka\u017cda innowacyjna firma, r\u00f3wnie\u017c my staramy si\u0119 nieustannie doskonali\u0107, rozwija\u0107 i poszerza\u0107 nasze mo\u017cliwo\u015bci. Tym razem stan\u0119li\u015bmy przed du\u017cym wyzwaniem na terytorium poza Uni\u0105 Europejsk\u0105, gdzie sprawdzili\u015bmy nie tylko logistyczne, ale tak\u017ce biurokratyczne kompetencje naszych koleg\u00f3w. Drodzy GARDEONI\u015aCI \u2013 prezentujemy Pa\u0144stwu nasz pierwszy projekt poza granicami Unii \u2013 GARDEON w Szwajcarii!<\/p>\n","protected":false},"author":2,"featured_media":48135,"comment_status":"open","ping_status":"open","sticky":false,"template":"","format":"standard","meta":{"_acf_changed":false,"inline_featured_image":false,"footnotes":""},"categories":[593],"tags":[581,579,714,938,939],"class_list":["post-48109","post","type-post","status-publish","format-standard","has-post-thumbnail","hentry","category-aktualnosci","tag-garaz","tag-gardeon","tag-montaz","tag-szwajcaria","tag-zagranica"],"acf":[],"yoast_head":"<!-- This site is optimized with the Yoast SEO plugin v27.4 - https:\/\/yoast.com\/product\/yoast-seo-wordpress\/ -->\n<title>Specjalny monta\u017c poza UE \u2013 GARDEON w Szwajcarii! | GARDEON<\/title>\n<meta name=\"robots\" content=\"index, follow, max-snippet:-1, max-image-preview:large, max-video-preview:-1\" \/>\n<link rel=\"canonical\" href=\"https:\/\/gardeon.pl\/pl\/blog\/specjalny-montaz-poza-ue-gardeon-w-szwajcarii\/\" \/>\n<meta property=\"og:locale\" content=\"pl_PL\" \/>\n<meta property=\"og:type\" content=\"article\" \/>\n<meta property=\"og:title\" content=\"Specjalny monta\u017c poza UE \u2013 GARDEON w Szwajcarii! | GARDEON\" \/>\n<meta property=\"og:description\" content=\"Jak ka\u017cda innowacyjna firma, r\u00f3wnie\u017c my staramy si\u0119 nieustannie doskonali\u0107, rozwija\u0107 i poszerza\u0107 nasze mo\u017cliwo\u015bci. Tym razem stan\u0119li\u015bmy przed du\u017cym wyzwaniem na terytorium poza Uni\u0105 Europejsk\u0105, gdzie sprawdzili\u015bmy nie tylko logistyczne, ale tak\u017ce biurokratyczne kompetencje naszych koleg\u00f3w. Drodzy GARDEONI\u015aCI \u2013 prezentujemy Pa\u0144stwu nasz pierwszy projekt poza granicami Unii \u2013 GARDEON w Szwajcarii!\" \/>\n<meta property=\"og:url\" content=\"https:\/\/gardeon.pl\/pl\/blog\/specjalny-montaz-poza-ue-gardeon-w-szwajcarii\/\" \/>\n<meta property=\"og:site_name\" content=\"GARDEON\" \/>\n<meta property=\"article:published_time\" content=\"2026-04-23T15:42:36+00:00\" \/>\n<meta property=\"article:modified_time\" content=\"2026-04-23T16:44:23+00:00\" \/>\n<meta property=\"og:image\" content=\"http:\/\/gardeon.pl\/wp-content\/uploads\/2022\/04\/gardeon-svajciarsko-montaz-15-1.webp\" \/>\n\t<meta property=\"og:image:width\" content=\"1000\" \/>\n\t<meta property=\"og:image:height\" content=\"750\" \/>\n\t<meta property=\"og:image:type\" content=\"image\/webp\" \/>\n<meta name=\"author\" content=\"editor\" \/>\n<meta name=\"twitter:card\" content=\"summary_large_image\" \/>\n<meta name=\"twitter:label1\" content=\"Napisane przez\" \/>\n\t<meta name=\"twitter:data1\" content=\"editor\" \/>\n<script type=\"application\/ld+json\" class=\"yoast-schema-graph\">{\"@context\":\"https:\\\/\\\/schema.org\",\"@graph\":[{\"@type\":\"Article\",\"@id\":\"https:\\\/\\\/gardeon.pl\\\/pl\\\/blog\\\/specjalny-montaz-poza-ue-gardeon-w-szwajcarii\\\/#article\",\"isPartOf\":{\"@id\":\"https:\\\/\\\/gardeon.pl\\\/pl\\\/blog\\\/specjalny-montaz-poza-ue-gardeon-w-szwajcarii\\\/\"},\"author\":{\"name\":\"editor\",\"@id\":\"https:\\\/\\\/gardeon.pl\\\/#\\\/schema\\\/person\\\/a5762ca5f0790bf92774af0899379463\"},\"headline\":\"Specjalny monta\u017c poza UE \u2013 GARDEON w Szwajcarii!\",\"datePublished\":\"2026-04-23T15:42:36+00:00\",\"dateModified\":\"2026-04-23T16:44:23+00:00\",\"mainEntityOfPage\":{\"@id\":\"https:\\\/\\\/gardeon.pl\\\/pl\\\/blog\\\/specjalny-montaz-poza-ue-gardeon-w-szwajcarii\\\/\"},\"wordCount\":69,\"commentCount\":0,\"image\":{\"@id\":\"https:\\\/\\\/gardeon.pl\\\/pl\\\/blog\\\/specjalny-montaz-poza-ue-gardeon-w-szwajcarii\\\/#primaryimage\"},\"thumbnailUrl\":\"https:\\\/\\\/gardeon.pl\\\/wp-content\\\/uploads\\\/2022\\\/04\\\/gardeon-svajciarsko-montaz-15-1.webp\",\"keywords\":[\"gara\u017c\",\"GARDEON\",\"monta\u017c\",\"szwajcaria\",\"zagranica\"],\"articleSection\":[\"Aktualno\u015bci\"],\"inLanguage\":\"pl-PL\",\"potentialAction\":[{\"@type\":\"CommentAction\",\"name\":\"Comment\",\"target\":[\"https:\\\/\\\/gardeon.pl\\\/pl\\\/blog\\\/specjalny-montaz-poza-ue-gardeon-w-szwajcarii\\\/#respond\"]}]},{\"@type\":\"WebPage\",\"@id\":\"https:\\\/\\\/gardeon.pl\\\/pl\\\/blog\\\/specjalny-montaz-poza-ue-gardeon-w-szwajcarii\\\/\",\"url\":\"https:\\\/\\\/gardeon.pl\\\/pl\\\/blog\\\/specjalny-montaz-poza-ue-gardeon-w-szwajcarii\\\/\",\"name\":\"Specjalny monta\u017c poza UE \u2013 GARDEON w Szwajcarii! | GARDEON\",\"isPartOf\":{\"@id\":\"https:\\\/\\\/gardeon.pl\\\/#website\"},\"primaryImageOfPage\":{\"@id\":\"https:\\\/\\\/gardeon.pl\\\/pl\\\/blog\\\/specjalny-montaz-poza-ue-gardeon-w-szwajcarii\\\/#primaryimage\"},\"image\":{\"@id\":\"https:\\\/\\\/gardeon.pl\\\/pl\\\/blog\\\/specjalny-montaz-poza-ue-gardeon-w-szwajcarii\\\/#primaryimage\"},\"thumbnailUrl\":\"https:\\\/\\\/gardeon.pl\\\/wp-content\\\/uploads\\\/2022\\\/04\\\/gardeon-svajciarsko-montaz-15-1.webp\",\"datePublished\":\"2026-04-23T15:42:36+00:00\",\"dateModified\":\"2026-04-23T16:44:23+00:00\",\"author\":{\"@id\":\"https:\\\/\\\/gardeon.pl\\\/#\\\/schema\\\/person\\\/a5762ca5f0790bf92774af0899379463\"},\"breadcrumb\":{\"@id\":\"https:\\\/\\\/gardeon.pl\\\/pl\\\/blog\\\/specjalny-montaz-poza-ue-gardeon-w-szwajcarii\\\/#breadcrumb\"},\"inLanguage\":\"pl-PL\",\"potentialAction\":[{\"@type\":\"ReadAction\",\"target\":[\"https:\\\/\\\/gardeon.pl\\\/pl\\\/blog\\\/specjalny-montaz-poza-ue-gardeon-w-szwajcarii\\\/\"]}]},{\"@type\":\"ImageObject\",\"inLanguage\":\"pl-PL\",\"@id\":\"https:\\\/\\\/gardeon.pl\\\/pl\\\/blog\\\/specjalny-montaz-poza-ue-gardeon-w-szwajcarii\\\/#primaryimage\",\"url\":\"https:\\\/\\\/gardeon.pl\\\/wp-content\\\/uploads\\\/2022\\\/04\\\/gardeon-svajciarsko-montaz-15-1.webp\",\"contentUrl\":\"https:\\\/\\\/gardeon.pl\\\/wp-content\\\/uploads\\\/2022\\\/04\\\/gardeon-svajciarsko-montaz-15-1.webp\",\"width\":1000,\"height\":750,\"caption\":\"Gara\u017c na jedno auto w Szwajcarii\"},{\"@type\":\"BreadcrumbList\",\"@id\":\"https:\\\/\\\/gardeon.pl\\\/pl\\\/blog\\\/specjalny-montaz-poza-ue-gardeon-w-szwajcarii\\\/#breadcrumb\",\"itemListElement\":[{\"@type\":\"ListItem\",\"position\":1,\"name\":\"Domov\",\"item\":\"https:\\\/\\\/gardeon.pl\\\/pl\\\/\"},{\"@type\":\"ListItem\",\"position\":2,\"name\":\"Specjalny monta\u017c poza UE \u2013 GARDEON w Szwajcarii!\"}]},{\"@type\":\"WebSite\",\"@id\":\"https:\\\/\\\/gardeon.pl\\\/#website\",\"url\":\"https:\\\/\\\/gardeon.pl\\\/\",\"name\":\"GARDEON\",\"description\":\"\",\"potentialAction\":[{\"@type\":\"SearchAction\",\"target\":{\"@type\":\"EntryPoint\",\"urlTemplate\":\"https:\\\/\\\/gardeon.pl\\\/?s={search_term_string}\"},\"query-input\":{\"@type\":\"PropertyValueSpecification\",\"valueRequired\":true,\"valueName\":\"search_term_string\"}}],\"inLanguage\":\"pl-PL\"},{\"@type\":\"Person\",\"@id\":\"https:\\\/\\\/gardeon.pl\\\/#\\\/schema\\\/person\\\/a5762ca5f0790bf92774af0899379463\",\"name\":\"editor\",\"image\":{\"@type\":\"ImageObject\",\"inLanguage\":\"pl-PL\",\"@id\":\"https:\\\/\\\/secure.gravatar.com\\\/avatar\\\/2b748151c2c748327307fd289a91b3bdafdd9e64e2d000e65e53d6dcf11c5830?s=96&d=mm&r=g\",\"url\":\"https:\\\/\\\/secure.gravatar.com\\\/avatar\\\/2b748151c2c748327307fd289a91b3bdafdd9e64e2d000e65e53d6dcf11c5830?s=96&d=mm&r=g\",\"contentUrl\":\"https:\\\/\\\/secure.gravatar.com\\\/avatar\\\/2b748151c2c748327307fd289a91b3bdafdd9e64e2d000e65e53d6dcf11c5830?s=96&d=mm&r=g\",\"caption\":\"editor\"}}]}<\/script>\n<!-- \/ Yoast SEO plugin. -->","yoast_head_json":{"title":"Specjalny monta\u017c poza UE \u2013 GARDEON w Szwajcarii! | GARDEON","robots":{"index":"index","follow":"follow","max-snippet":"max-snippet:-1","max-image-preview":"max-image-preview:large","max-video-preview":"max-video-preview:-1"},"canonical":"https:\/\/gardeon.pl\/pl\/blog\/specjalny-montaz-poza-ue-gardeon-w-szwajcarii\/","og_locale":"pl_PL","og_type":"article","og_title":"Specjalny monta\u017c poza UE \u2013 GARDEON w Szwajcarii! | GARDEON","og_description":"Jak ka\u017cda innowacyjna firma, r\u00f3wnie\u017c my staramy si\u0119 nieustannie doskonali\u0107, rozwija\u0107 i poszerza\u0107 nasze mo\u017cliwo\u015bci. Tym razem stan\u0119li\u015bmy przed du\u017cym wyzwaniem na terytorium poza Uni\u0105 Europejsk\u0105, gdzie sprawdzili\u015bmy nie tylko logistyczne, ale tak\u017ce biurokratyczne kompetencje naszych koleg\u00f3w. Drodzy GARDEONI\u015aCI \u2013 prezentujemy Pa\u0144stwu nasz pierwszy projekt poza granicami Unii \u2013 GARDEON w Szwajcarii!","og_url":"https:\/\/gardeon.pl\/pl\/blog\/specjalny-montaz-poza-ue-gardeon-w-szwajcarii\/","og_site_name":"GARDEON","article_published_time":"2026-04-23T15:42:36+00:00","article_modified_time":"2026-04-23T16:44:23+00:00","og_image":[{"width":1000,"height":750,"url":"http:\/\/gardeon.pl\/wp-content\/uploads\/2022\/04\/gardeon-svajciarsko-montaz-15-1.webp","type":"image\/webp"}],"author":"editor","twitter_card":"summary_large_image","twitter_misc":{"Napisane przez":"editor"},"schema":{"@context":"https:\/\/schema.org","@graph":[{"@type":"Article","@id":"https:\/\/gardeon.pl\/pl\/blog\/specjalny-montaz-poza-ue-gardeon-w-szwajcarii\/#article","isPartOf":{"@id":"https:\/\/gardeon.pl\/pl\/blog\/specjalny-montaz-poza-ue-gardeon-w-szwajcarii\/"},"author":{"name":"editor","@id":"https:\/\/gardeon.pl\/#\/schema\/person\/a5762ca5f0790bf92774af0899379463"},"headline":"Specjalny monta\u017c poza UE \u2013 GARDEON w Szwajcarii!","datePublished":"2026-04-23T15:42:36+00:00","dateModified":"2026-04-23T16:44:23+00:00","mainEntityOfPage":{"@id":"https:\/\/gardeon.pl\/pl\/blog\/specjalny-montaz-poza-ue-gardeon-w-szwajcarii\/"},"wordCount":69,"commentCount":0,"image":{"@id":"https:\/\/gardeon.pl\/pl\/blog\/specjalny-montaz-poza-ue-gardeon-w-szwajcarii\/#primaryimage"},"thumbnailUrl":"https:\/\/gardeon.pl\/wp-content\/uploads\/2022\/04\/gardeon-svajciarsko-montaz-15-1.webp","keywords":["gara\u017c","GARDEON","monta\u017c","szwajcaria","zagranica"],"articleSection":["Aktualno\u015bci"],"inLanguage":"pl-PL","potentialAction":[{"@type":"CommentAction","name":"Comment","target":["https:\/\/gardeon.pl\/pl\/blog\/specjalny-montaz-poza-ue-gardeon-w-szwajcarii\/#respond"]}]},{"@type":"WebPage","@id":"https:\/\/gardeon.pl\/pl\/blog\/specjalny-montaz-poza-ue-gardeon-w-szwajcarii\/","url":"https:\/\/gardeon.pl\/pl\/blog\/specjalny-montaz-poza-ue-gardeon-w-szwajcarii\/","name":"Specjalny monta\u017c poza UE \u2013 GARDEON w Szwajcarii! | GARDEON","isPartOf":{"@id":"https:\/\/gardeon.pl\/#website"},"primaryImageOfPage":{"@id":"https:\/\/gardeon.pl\/pl\/blog\/specjalny-montaz-poza-ue-gardeon-w-szwajcarii\/#primaryimage"},"image":{"@id":"https:\/\/gardeon.pl\/pl\/blog\/specjalny-montaz-poza-ue-gardeon-w-szwajcarii\/#primaryimage"},"thumbnailUrl":"https:\/\/gardeon.pl\/wp-content\/uploads\/2022\/04\/gardeon-svajciarsko-montaz-15-1.webp","datePublished":"2026-04-23T15:42:36+00:00","dateModified":"2026-04-23T16:44:23+00:00","author":{"@id":"https:\/\/gardeon.pl\/#\/schema\/person\/a5762ca5f0790bf92774af0899379463"},"breadcrumb":{"@id":"https:\/\/gardeon.pl\/pl\/blog\/specjalny-montaz-poza-ue-gardeon-w-szwajcarii\/#breadcrumb"},"inLanguage":"pl-PL","potentialAction":[{"@type":"ReadAction","target":["https:\/\/gardeon.pl\/pl\/blog\/specjalny-montaz-poza-ue-gardeon-w-szwajcarii\/"]}]},{"@type":"ImageObject","inLanguage":"pl-PL","@id":"https:\/\/gardeon.pl\/pl\/blog\/specjalny-montaz-poza-ue-gardeon-w-szwajcarii\/#primaryimage","url":"https:\/\/gardeon.pl\/wp-content\/uploads\/2022\/04\/gardeon-svajciarsko-montaz-15-1.webp","contentUrl":"https:\/\/gardeon.pl\/wp-content\/uploads\/2022\/04\/gardeon-svajciarsko-montaz-15-1.webp","width":1000,"height":750,"caption":"Gara\u017c na jedno auto w Szwajcarii"},{"@type":"BreadcrumbList","@id":"https:\/\/gardeon.pl\/pl\/blog\/specjalny-montaz-poza-ue-gardeon-w-szwajcarii\/#breadcrumb","itemListElement":[{"@type":"ListItem","position":1,"name":"Domov","item":"https:\/\/gardeon.pl\/pl\/"},{"@type":"ListItem","position":2,"name":"Specjalny monta\u017c poza UE \u2013 GARDEON w Szwajcarii!"}]},{"@type":"WebSite","@id":"https:\/\/gardeon.pl\/#website","url":"https:\/\/gardeon.pl\/","name":"GARDEON","description":"","potentialAction":[{"@type":"SearchAction","target":{"@type":"EntryPoint","urlTemplate":"https:\/\/gardeon.pl\/?s={search_term_string}"},"query-input":{"@type":"PropertyValueSpecification","valueRequired":true,"valueName":"search_term_string"}}],"inLanguage":"pl-PL"},{"@type":"Person","@id":"https:\/\/gardeon.pl\/#\/schema\/person\/a5762ca5f0790bf92774af0899379463","name":"editor","image":{"@type":"ImageObject","inLanguage":"pl-PL","@id":"https:\/\/secure.gravatar.com\/avatar\/2b748151c2c748327307fd289a91b3bdafdd9e64e2d000e65e53d6dcf11c5830?s=96&d=mm&r=g","url":"https:\/\/secure.gravatar.com\/avatar\/2b748151c2c748327307fd289a91b3bdafdd9e64e2d000e65e53d6dcf11c5830?s=96&d=mm&r=g","contentUrl":"https:\/\/secure.gravatar.com\/avatar\/2b748151c2c748327307fd289a91b3bdafdd9e64e2d000e65e53d6dcf11c5830?s=96&d=mm&r=g","caption":"editor"}}]}},"_links":{"self":[{"href":"https:\/\/gardeon.pl\/pl\/wp-json\/wp\/v2\/posts\/48109","targetHints":{"allow":["GET"]}}],"collection":[{"href":"https:\/\/gardeon.pl\/pl\/wp-json\/wp\/v2\/posts"}],"about":[{"href":"https:\/\/gardeon.pl\/pl\/wp-json\/wp\/v2\/types\/post"}],"author":[{"embeddable":true,"href":"https:\/\/gardeon.pl\/pl\/wp-json\/wp\/v2\/users\/2"}],"replies":[{"embeddable":true,"href":"https:\/\/gardeon.pl\/pl\/wp-json\/wp\/v2\/comments?post=48109"}],"version-history":[{"count":0,"href":"https:\/\/gardeon.pl\/pl\/wp-json\/wp\/v2\/posts\/48109\/revisions"}],"wp:featuredmedia":[{"embeddable":true,"href":"https:\/\/gardeon.pl\/pl\/wp-json\/wp\/v2\/media\/48135"}],"wp:attachment":[{"href":"https:\/\/gardeon.pl\/pl\/wp-json\/wp\/v2\/media?parent=48109"}],"wp:term":[{"taxonomy":"category","embeddable":true,"href":"https:\/\/gardeon.pl\/pl\/wp-json\/wp\/v2\/categories?post=48109"},{"taxonomy":"post_tag","embeddable":true,"href":"https:\/\/gardeon.pl\/pl\/wp-json\/wp\/v2\/tags?post=48109"}],"curies":[{"name":"wp","href":"https:\/\/api.w.org\/{rel}","templated":true}]}}