{"id":48137,"date":"2026-04-23T17:42:37","date_gmt":"2026-04-23T15:42:37","guid":{"rendered":"https:\/\/gardeon.pl\/blog\/domek-ogrodowy-29-x-41-m\/"},"modified":"2026-04-23T18:44:22","modified_gmt":"2026-04-23T16:44:22","slug":"domek-ogrodowy-29-x-41-m","status":"publish","type":"post","link":"https:\/\/gardeon.pl\/pl\/blog\/domek-ogrodowy-29-x-41-m\/","title":{"rendered":"Domek ogrodowy 2,9 x 4,1 m"},"content":{"rendered":"<h2>Jak to wszystko si\u0119 zacz\u0119\u0142o?<\/h2>\n<p><span style=\"font-weight: 400;\">Pan Krn\u00e1\u010d skontaktowa\u0142 si\u0119 z nami w marcu z informacj\u0105, \u017ce potrzebuje domku ogrodowego do przechowywania narz\u0119dzi ogrodowych, takich jak kosiarka, grabie, rzeczy sezonowe\u2026 W domu mia\u0142 ju\u017c postawiony montowany gara\u017c, wi\u0119c zna\u0142 technologi\u0119 i jest zadowolony z rezultatu. Jako pod\u0142o\u017ce przygotowa\u0142 p\u0142yt\u0119 betonow\u0105, na kt\u00f3rej nast\u0119pnie zamontowano domek ogrodowy. <\/span><\/p>\n<p><img loading=\"lazy\" decoding=\"async\" class=\"aligncenter size-full wp-image-27924\" src=\"http:\/\/gardeon.pl\/wp-content\/uploads\/2020\/09\/GARDEON-foto-od-zakaznikov-36-1.jpg\" alt=\"P\u0142yta betonowa pod domek ogrodowy\" width=\"800\" height=\"600\" srcset=\"https:\/\/gardeon.pl\/wp-content\/uploads\/2020\/09\/GARDEON-foto-od-zakaznikov-36-1.jpg 800w, https:\/\/gardeon.pl\/wp-content\/uploads\/2020\/09\/GARDEON-foto-od-zakaznikov-36-1-300x225.jpg 300w, https:\/\/gardeon.pl\/wp-content\/uploads\/2020\/09\/GARDEON-foto-od-zakaznikov-36-1-768x576.jpg 768w\" sizes=\"auto, (max-width: 800px) 100vw, 800px\" \/><\/p>\n<h3>Recenzja zaraz po monta\u017cu<\/h3>\n<p><i><span style=\"font-weight: 400;\">\u201eKomunikacja z Pa\u0144stwem by\u0142a znakomita. Monterzy byli \u015bwietni i wszystko przebieg\u0142o bez problem\u00f3w. Najwi\u0119ksze zalety widz\u0119 w szybko\u015bci budowy i wierz\u0119, \u017ce tak\u017ce w trwa\u0142o\u015bci. Zdecydowa\u0142a cena i znalaz\u0142em dok\u0142adnie to, czego potrzebowa\u0142em, a zdj\u0119cia na stronie internetowej pozwalaj\u0105 wszystko obejrze\u0107.\u201d   <\/span><\/i><\/p>\n<h2>A jakie s\u0105 jego wra\u017cenia z perspektywy czasu?<\/h2>\n<p><i><span style=\"font-weight: 400;\">\u201eMusz\u0119 powiedzie\u0107, \u017ce jeste\u015bmy zadowoleni. Szybka budowa, dobra cena. Gdybym mia\u0142 to na przyk\u0142ad murowa\u0107 itp., to\u2026 zdecydowanie polecam.\u201d  <\/span><\/i><\/p>\n<h3>Zdj\u0119cia cz\u0119\u015bci zewn\u0119trznej<\/h3>\n<p><img loading=\"lazy\" decoding=\"async\" class=\"aligncenter size-full wp-image-27920\" src=\"http:\/\/gardeon.pl\/wp-content\/uploads\/2020\/09\/GARDEON-foto-od-zakaznikov-37-1.jpg\" alt=\"Domek ogrodowy w bia\u0142ym tynku\" width=\"800\" height=\"389\" srcset=\"https:\/\/gardeon.pl\/wp-content\/uploads\/2020\/09\/GARDEON-foto-od-zakaznikov-37-1.jpg 800w, https:\/\/gardeon.pl\/wp-content\/uploads\/2020\/09\/GARDEON-foto-od-zakaznikov-37-1-300x146.jpg 300w, https:\/\/gardeon.pl\/wp-content\/uploads\/2020\/09\/GARDEON-foto-od-zakaznikov-37-1-768x373.jpg 768w\" sizes=\"auto, (max-width: 800px) 100vw, 800px\" \/><\/p>\n<p><img loading=\"lazy\" decoding=\"async\" class=\"aligncenter size-full wp-image-27922\" src=\"http:\/\/gardeon.pl\/wp-content\/uploads\/2020\/09\/GARDEON-foto-od-zakaznikov-38-1.jpg\" alt=\"Domek ogrodowy przy domu jednorodzinnym\" width=\"800\" height=\"389\" srcset=\"https:\/\/gardeon.pl\/wp-content\/uploads\/2020\/09\/GARDEON-foto-od-zakaznikov-38-1.jpg 800w, https:\/\/gardeon.pl\/wp-content\/uploads\/2020\/09\/GARDEON-foto-od-zakaznikov-38-1-300x146.jpg 300w, https:\/\/gardeon.pl\/wp-content\/uploads\/2020\/09\/GARDEON-foto-od-zakaznikov-38-1-768x373.jpg 768w\" sizes=\"auto, (max-width: 800px) 100vw, 800px\" \/><\/p>\n<h2>Podsumowanie<\/h2>\n<ul>\n<li style=\"font-weight: 400;\" aria-level=\"1\"><span style=\"font-weight: 400;\">czas budowy \u2013 2 godziny<\/span><\/li>\n<li style=\"font-weight: 400;\" aria-level=\"1\"><span style=\"font-weight: 400;\">wymiary domku ogrodowego \u2013 2 900 x 4 100 mm<\/span><\/li>\n<li style=\"font-weight: 400;\" aria-level=\"1\"><span style=\"font-weight: 400;\">cena domku ogrodowego w momencie zam\u00f3wienia \u2013 ok. 85 000 K\u010d z VAT<\/span><\/li>\n<\/ul>\n<p><span style=\"font-weight: 400;\"> <\/span><\/p>\n<h3 style=\"text-align: center;\">Za opini\u0119 i zdj\u0119cia dzi\u0119kujemy panu Krn\u00e1\u010dowi :)<\/h3>\n","protected":false},"excerpt":{"rendered":"<p>Jak to wszystko si\u0119 zacz\u0119\u0142o? Pan Krn\u00e1\u010d skontaktowa\u0142 si\u0119 z nami w marcu z informacj\u0105, \u017ce potrzebuje domku ogrodowego do przechowywania narz\u0119dzi ogrodowych, takich jak kosiarka, grabie, rzeczy sezonowe\u2026 W domu mia\u0142 ju\u017c postawiony montowany gara\u017c, wi\u0119c zna\u0142 technologi\u0119 i jest zadowolony z rezultatu. Jako pod\u0142o\u017ce przygotowa\u0142 p\u0142yt\u0119 betonow\u0105, na kt\u00f3rej nast\u0119pnie zamontowano domek ogrodowy. [&hellip;]<\/p>\n","protected":false},"author":2,"featured_media":48140,"comment_status":"open","ping_status":"open","sticky":false,"template":"","format":"standard","meta":{"_acf_changed":false,"inline_featured_image":false,"footnotes":""},"categories":[717,716],"tags":[],"class_list":["post-48137","post","type-post","status-publish","format-standard","has-post-thumbnail","hentry","category-domki-ogrodowe-2","category-jak-sie-zyje-z-gardeon"],"acf":[],"yoast_head":"<!-- This site is optimized with the Yoast SEO plugin v27.4 - https:\/\/yoast.com\/product\/yoast-seo-wordpress\/ -->\n<title>Domek ogrodowy 2,9 x 4,1 m | GARDEON<\/title>\n<meta name=\"robots\" content=\"index, follow, max-snippet:-1, max-image-preview:large, max-video-preview:-1\" \/>\n<link rel=\"canonical\" href=\"https:\/\/gardeon.pl\/pl\/blog\/domek-ogrodowy-29-x-41-m\/\" \/>\n<meta property=\"og:locale\" content=\"pl_PL\" \/>\n<meta property=\"og:type\" content=\"article\" \/>\n<meta property=\"og:title\" content=\"Domek ogrodowy 2,9 x 4,1 m | GARDEON\" \/>\n<meta property=\"og:description\" content=\"Jak to wszystko si\u0119 zacz\u0119\u0142o? Pan Krn\u00e1\u010d skontaktowa\u0142 si\u0119 z nami w marcu z informacj\u0105, \u017ce potrzebuje domku ogrodowego do przechowywania narz\u0119dzi ogrodowych, takich jak kosiarka, grabie, rzeczy sezonowe\u2026 W domu mia\u0142 ju\u017c postawiony montowany gara\u017c, wi\u0119c zna\u0142 technologi\u0119 i jest zadowolony z rezultatu. Jako pod\u0142o\u017ce przygotowa\u0142 p\u0142yt\u0119 betonow\u0105, na kt\u00f3rej nast\u0119pnie zamontowano domek ogrodowy. [&hellip;]\" \/>\n<meta property=\"og:url\" content=\"https:\/\/gardeon.pl\/pl\/blog\/domek-ogrodowy-29-x-41-m\/\" \/>\n<meta property=\"og:site_name\" content=\"GARDEON\" \/>\n<meta property=\"article:published_time\" content=\"2026-04-23T15:42:37+00:00\" \/>\n<meta property=\"article:modified_time\" content=\"2026-04-23T16:44:22+00:00\" \/>\n<meta property=\"og:image\" content=\"http:\/\/gardeon.pl\/wp-content\/uploads\/2020\/09\/GARDEON-foto-od-zakaznikov-38-1.jpg\" \/>\n\t<meta property=\"og:image:width\" content=\"800\" \/>\n\t<meta property=\"og:image:height\" content=\"389\" \/>\n\t<meta property=\"og:image:type\" content=\"image\/jpeg\" \/>\n<meta name=\"author\" content=\"editor\" \/>\n<meta name=\"twitter:card\" content=\"summary_large_image\" \/>\n<meta name=\"twitter:label1\" content=\"Napisane przez\" \/>\n\t<meta name=\"twitter:data1\" content=\"editor\" \/>\n\t<meta name=\"twitter:label2\" content=\"Szacowany czas czytania\" \/>\n\t<meta name=\"twitter:data2\" content=\"1 minuta\" \/>\n<script type=\"application\/ld+json\" class=\"yoast-schema-graph\">{\"@context\":\"https:\\\/\\\/schema.org\",\"@graph\":[{\"@type\":\"Article\",\"@id\":\"https:\\\/\\\/gardeon.pl\\\/pl\\\/blog\\\/domek-ogrodowy-29-x-41-m\\\/#article\",\"isPartOf\":{\"@id\":\"https:\\\/\\\/gardeon.pl\\\/pl\\\/blog\\\/domek-ogrodowy-29-x-41-m\\\/\"},\"author\":{\"name\":\"editor\",\"@id\":\"https:\\\/\\\/gardeon.pl\\\/#\\\/schema\\\/person\\\/a5762ca5f0790bf92774af0899379463\"},\"headline\":\"Domek ogrodowy 2,9 x 4,1 m\",\"datePublished\":\"2026-04-23T15:42:37+00:00\",\"dateModified\":\"2026-04-23T16:44:22+00:00\",\"mainEntityOfPage\":{\"@id\":\"https:\\\/\\\/gardeon.pl\\\/pl\\\/blog\\\/domek-ogrodowy-29-x-41-m\\\/\"},\"wordCount\":193,\"commentCount\":0,\"image\":{\"@id\":\"https:\\\/\\\/gardeon.pl\\\/pl\\\/blog\\\/domek-ogrodowy-29-x-41-m\\\/#primaryimage\"},\"thumbnailUrl\":\"https:\\\/\\\/gardeon.pl\\\/wp-content\\\/uploads\\\/2020\\\/09\\\/GARDEON-foto-od-zakaznikov-38-1.jpg\",\"articleSection\":[\"Domki ogrodowe\",\"Jak si\u0119 \u017cyje z GARDEON\"],\"inLanguage\":\"pl-PL\",\"potentialAction\":[{\"@type\":\"CommentAction\",\"name\":\"Comment\",\"target\":[\"https:\\\/\\\/gardeon.pl\\\/pl\\\/blog\\\/domek-ogrodowy-29-x-41-m\\\/#respond\"]}]},{\"@type\":\"WebPage\",\"@id\":\"https:\\\/\\\/gardeon.pl\\\/pl\\\/blog\\\/domek-ogrodowy-29-x-41-m\\\/\",\"url\":\"https:\\\/\\\/gardeon.pl\\\/pl\\\/blog\\\/domek-ogrodowy-29-x-41-m\\\/\",\"name\":\"Domek ogrodowy 2,9 x 4,1 m | GARDEON\",\"isPartOf\":{\"@id\":\"https:\\\/\\\/gardeon.pl\\\/#website\"},\"primaryImageOfPage\":{\"@id\":\"https:\\\/\\\/gardeon.pl\\\/pl\\\/blog\\\/domek-ogrodowy-29-x-41-m\\\/#primaryimage\"},\"image\":{\"@id\":\"https:\\\/\\\/gardeon.pl\\\/pl\\\/blog\\\/domek-ogrodowy-29-x-41-m\\\/#primaryimage\"},\"thumbnailUrl\":\"https:\\\/\\\/gardeon.pl\\\/wp-content\\\/uploads\\\/2020\\\/09\\\/GARDEON-foto-od-zakaznikov-38-1.jpg\",\"datePublished\":\"2026-04-23T15:42:37+00:00\",\"dateModified\":\"2026-04-23T16:44:22+00:00\",\"author\":{\"@id\":\"https:\\\/\\\/gardeon.pl\\\/#\\\/schema\\\/person\\\/a5762ca5f0790bf92774af0899379463\"},\"breadcrumb\":{\"@id\":\"https:\\\/\\\/gardeon.pl\\\/pl\\\/blog\\\/domek-ogrodowy-29-x-41-m\\\/#breadcrumb\"},\"inLanguage\":\"pl-PL\",\"potentialAction\":[{\"@type\":\"ReadAction\",\"target\":[\"https:\\\/\\\/gardeon.pl\\\/pl\\\/blog\\\/domek-ogrodowy-29-x-41-m\\\/\"]}]},{\"@type\":\"ImageObject\",\"inLanguage\":\"pl-PL\",\"@id\":\"https:\\\/\\\/gardeon.pl\\\/pl\\\/blog\\\/domek-ogrodowy-29-x-41-m\\\/#primaryimage\",\"url\":\"https:\\\/\\\/gardeon.pl\\\/wp-content\\\/uploads\\\/2020\\\/09\\\/GARDEON-foto-od-zakaznikov-38-1.jpg\",\"contentUrl\":\"https:\\\/\\\/gardeon.pl\\\/wp-content\\\/uploads\\\/2020\\\/09\\\/GARDEON-foto-od-zakaznikov-38-1.jpg\",\"width\":800,\"height\":389,\"caption\":\"Domek ogrodowy przy domu jednorodzinnym\"},{\"@type\":\"BreadcrumbList\",\"@id\":\"https:\\\/\\\/gardeon.pl\\\/pl\\\/blog\\\/domek-ogrodowy-29-x-41-m\\\/#breadcrumb\",\"itemListElement\":[{\"@type\":\"ListItem\",\"position\":1,\"name\":\"Domov\",\"item\":\"https:\\\/\\\/gardeon.pl\\\/pl\\\/\"},{\"@type\":\"ListItem\",\"position\":2,\"name\":\"Domek ogrodowy 2,9 x 4,1 m\"}]},{\"@type\":\"WebSite\",\"@id\":\"https:\\\/\\\/gardeon.pl\\\/#website\",\"url\":\"https:\\\/\\\/gardeon.pl\\\/\",\"name\":\"GARDEON\",\"description\":\"\",\"potentialAction\":[{\"@type\":\"SearchAction\",\"target\":{\"@type\":\"EntryPoint\",\"urlTemplate\":\"https:\\\/\\\/gardeon.pl\\\/?s={search_term_string}\"},\"query-input\":{\"@type\":\"PropertyValueSpecification\",\"valueRequired\":true,\"valueName\":\"search_term_string\"}}],\"inLanguage\":\"pl-PL\"},{\"@type\":\"Person\",\"@id\":\"https:\\\/\\\/gardeon.pl\\\/#\\\/schema\\\/person\\\/a5762ca5f0790bf92774af0899379463\",\"name\":\"editor\",\"image\":{\"@type\":\"ImageObject\",\"inLanguage\":\"pl-PL\",\"@id\":\"https:\\\/\\\/secure.gravatar.com\\\/avatar\\\/2b748151c2c748327307fd289a91b3bdafdd9e64e2d000e65e53d6dcf11c5830?s=96&d=mm&r=g\",\"url\":\"https:\\\/\\\/secure.gravatar.com\\\/avatar\\\/2b748151c2c748327307fd289a91b3bdafdd9e64e2d000e65e53d6dcf11c5830?s=96&d=mm&r=g\",\"contentUrl\":\"https:\\\/\\\/secure.gravatar.com\\\/avatar\\\/2b748151c2c748327307fd289a91b3bdafdd9e64e2d000e65e53d6dcf11c5830?s=96&d=mm&r=g\",\"caption\":\"editor\"}}]}<\/script>\n<!-- \/ Yoast SEO plugin. -->","yoast_head_json":{"title":"Domek ogrodowy 2,9 x 4,1 m | GARDEON","robots":{"index":"index","follow":"follow","max-snippet":"max-snippet:-1","max-image-preview":"max-image-preview:large","max-video-preview":"max-video-preview:-1"},"canonical":"https:\/\/gardeon.pl\/pl\/blog\/domek-ogrodowy-29-x-41-m\/","og_locale":"pl_PL","og_type":"article","og_title":"Domek ogrodowy 2,9 x 4,1 m | GARDEON","og_description":"Jak to wszystko si\u0119 zacz\u0119\u0142o? Pan Krn\u00e1\u010d skontaktowa\u0142 si\u0119 z nami w marcu z informacj\u0105, \u017ce potrzebuje domku ogrodowego do przechowywania narz\u0119dzi ogrodowych, takich jak kosiarka, grabie, rzeczy sezonowe\u2026 W domu mia\u0142 ju\u017c postawiony montowany gara\u017c, wi\u0119c zna\u0142 technologi\u0119 i jest zadowolony z rezultatu. Jako pod\u0142o\u017ce przygotowa\u0142 p\u0142yt\u0119 betonow\u0105, na kt\u00f3rej nast\u0119pnie zamontowano domek ogrodowy. [&hellip;]","og_url":"https:\/\/gardeon.pl\/pl\/blog\/domek-ogrodowy-29-x-41-m\/","og_site_name":"GARDEON","article_published_time":"2026-04-23T15:42:37+00:00","article_modified_time":"2026-04-23T16:44:22+00:00","og_image":[{"width":800,"height":389,"url":"http:\/\/gardeon.pl\/wp-content\/uploads\/2020\/09\/GARDEON-foto-od-zakaznikov-38-1.jpg","type":"image\/jpeg"}],"author":"editor","twitter_card":"summary_large_image","twitter_misc":{"Napisane przez":"editor","Szacowany czas czytania":"1 minuta"},"schema":{"@context":"https:\/\/schema.org","@graph":[{"@type":"Article","@id":"https:\/\/gardeon.pl\/pl\/blog\/domek-ogrodowy-29-x-41-m\/#article","isPartOf":{"@id":"https:\/\/gardeon.pl\/pl\/blog\/domek-ogrodowy-29-x-41-m\/"},"author":{"name":"editor","@id":"https:\/\/gardeon.pl\/#\/schema\/person\/a5762ca5f0790bf92774af0899379463"},"headline":"Domek ogrodowy 2,9 x 4,1 m","datePublished":"2026-04-23T15:42:37+00:00","dateModified":"2026-04-23T16:44:22+00:00","mainEntityOfPage":{"@id":"https:\/\/gardeon.pl\/pl\/blog\/domek-ogrodowy-29-x-41-m\/"},"wordCount":193,"commentCount":0,"image":{"@id":"https:\/\/gardeon.pl\/pl\/blog\/domek-ogrodowy-29-x-41-m\/#primaryimage"},"thumbnailUrl":"https:\/\/gardeon.pl\/wp-content\/uploads\/2020\/09\/GARDEON-foto-od-zakaznikov-38-1.jpg","articleSection":["Domki ogrodowe","Jak si\u0119 \u017cyje z GARDEON"],"inLanguage":"pl-PL","potentialAction":[{"@type":"CommentAction","name":"Comment","target":["https:\/\/gardeon.pl\/pl\/blog\/domek-ogrodowy-29-x-41-m\/#respond"]}]},{"@type":"WebPage","@id":"https:\/\/gardeon.pl\/pl\/blog\/domek-ogrodowy-29-x-41-m\/","url":"https:\/\/gardeon.pl\/pl\/blog\/domek-ogrodowy-29-x-41-m\/","name":"Domek ogrodowy 2,9 x 4,1 m | GARDEON","isPartOf":{"@id":"https:\/\/gardeon.pl\/#website"},"primaryImageOfPage":{"@id":"https:\/\/gardeon.pl\/pl\/blog\/domek-ogrodowy-29-x-41-m\/#primaryimage"},"image":{"@id":"https:\/\/gardeon.pl\/pl\/blog\/domek-ogrodowy-29-x-41-m\/#primaryimage"},"thumbnailUrl":"https:\/\/gardeon.pl\/wp-content\/uploads\/2020\/09\/GARDEON-foto-od-zakaznikov-38-1.jpg","datePublished":"2026-04-23T15:42:37+00:00","dateModified":"2026-04-23T16:44:22+00:00","author":{"@id":"https:\/\/gardeon.pl\/#\/schema\/person\/a5762ca5f0790bf92774af0899379463"},"breadcrumb":{"@id":"https:\/\/gardeon.pl\/pl\/blog\/domek-ogrodowy-29-x-41-m\/#breadcrumb"},"inLanguage":"pl-PL","potentialAction":[{"@type":"ReadAction","target":["https:\/\/gardeon.pl\/pl\/blog\/domek-ogrodowy-29-x-41-m\/"]}]},{"@type":"ImageObject","inLanguage":"pl-PL","@id":"https:\/\/gardeon.pl\/pl\/blog\/domek-ogrodowy-29-x-41-m\/#primaryimage","url":"https:\/\/gardeon.pl\/wp-content\/uploads\/2020\/09\/GARDEON-foto-od-zakaznikov-38-1.jpg","contentUrl":"https:\/\/gardeon.pl\/wp-content\/uploads\/2020\/09\/GARDEON-foto-od-zakaznikov-38-1.jpg","width":800,"height":389,"caption":"Domek ogrodowy przy domu jednorodzinnym"},{"@type":"BreadcrumbList","@id":"https:\/\/gardeon.pl\/pl\/blog\/domek-ogrodowy-29-x-41-m\/#breadcrumb","itemListElement":[{"@type":"ListItem","position":1,"name":"Domov","item":"https:\/\/gardeon.pl\/pl\/"},{"@type":"ListItem","position":2,"name":"Domek ogrodowy 2,9 x 4,1 m"}]},{"@type":"WebSite","@id":"https:\/\/gardeon.pl\/#website","url":"https:\/\/gardeon.pl\/","name":"GARDEON","description":"","potentialAction":[{"@type":"SearchAction","target":{"@type":"EntryPoint","urlTemplate":"https:\/\/gardeon.pl\/?s={search_term_string}"},"query-input":{"@type":"PropertyValueSpecification","valueRequired":true,"valueName":"search_term_string"}}],"inLanguage":"pl-PL"},{"@type":"Person","@id":"https:\/\/gardeon.pl\/#\/schema\/person\/a5762ca5f0790bf92774af0899379463","name":"editor","image":{"@type":"ImageObject","inLanguage":"pl-PL","@id":"https:\/\/secure.gravatar.com\/avatar\/2b748151c2c748327307fd289a91b3bdafdd9e64e2d000e65e53d6dcf11c5830?s=96&d=mm&r=g","url":"https:\/\/secure.gravatar.com\/avatar\/2b748151c2c748327307fd289a91b3bdafdd9e64e2d000e65e53d6dcf11c5830?s=96&d=mm&r=g","contentUrl":"https:\/\/secure.gravatar.com\/avatar\/2b748151c2c748327307fd289a91b3bdafdd9e64e2d000e65e53d6dcf11c5830?s=96&d=mm&r=g","caption":"editor"}}]}},"_links":{"self":[{"href":"https:\/\/gardeon.pl\/pl\/wp-json\/wp\/v2\/posts\/48137","targetHints":{"allow":["GET"]}}],"collection":[{"href":"https:\/\/gardeon.pl\/pl\/wp-json\/wp\/v2\/posts"}],"about":[{"href":"https:\/\/gardeon.pl\/pl\/wp-json\/wp\/v2\/types\/post"}],"author":[{"embeddable":true,"href":"https:\/\/gardeon.pl\/pl\/wp-json\/wp\/v2\/users\/2"}],"replies":[{"embeddable":true,"href":"https:\/\/gardeon.pl\/pl\/wp-json\/wp\/v2\/comments?post=48137"}],"version-history":[{"count":0,"href":"https:\/\/gardeon.pl\/pl\/wp-json\/wp\/v2\/posts\/48137\/revisions"}],"wp:featuredmedia":[{"embeddable":true,"href":"https:\/\/gardeon.pl\/pl\/wp-json\/wp\/v2\/media\/48140"}],"wp:attachment":[{"href":"https:\/\/gardeon.pl\/pl\/wp-json\/wp\/v2\/media?parent=48137"}],"wp:term":[{"taxonomy":"category","embeddable":true,"href":"https:\/\/gardeon.pl\/pl\/wp-json\/wp\/v2\/categories?post=48137"},{"taxonomy":"post_tag","embeddable":true,"href":"https:\/\/gardeon.pl\/pl\/wp-json\/wp\/v2\/tags?post=48137"}],"curies":[{"name":"wp","href":"https:\/\/api.w.org\/{rel}","templated":true}]}}