{"id":48150,"date":"2026-04-23T17:42:37","date_gmt":"2026-04-23T15:42:37","guid":{"rendered":"https:\/\/gardeon.pl\/blog\/zmien-swoj-domek-ogrodowy-w-oaze-wypoczynku\/"},"modified":"2026-04-23T18:44:22","modified_gmt":"2026-04-23T16:44:22","slug":"zmien-swoj-domek-ogrodowy-w-oaze-wypoczynku","status":"publish","type":"post","link":"https:\/\/gardeon.pl\/pl\/blog\/zmien-swoj-domek-ogrodowy-w-oaze-wypoczynku\/","title":{"rendered":"Zmie\u0144 sw\u00f3j domek ogrodowy w oaz\u0119 wypoczynku"},"content":{"rendered":"<p><i><span style=\"font-weight: 400;\">Z pracy do domu i z domu do pracy. Stres zawodowy nieustannie towarzyszy Pa\u0144stwu w my\u015blach. W domu czeka na Pa\u0144stwa ha\u0142as oraz oczekiwania dzieci i partnera. Na nic nie maj\u0105 Pa\u0144stwo si\u0142y, ale trzeba dzia\u0142a\u0107. W ko\u0144cu kto utrzyma\u0142by rodzin\u0119? Prosz\u0119 to zatrzyma\u0107! Stereotyp codzienno\u015bci niszczy cia\u0142o i umys\u0142. Czy naprawd\u0119 chc\u0105 Pa\u0144stwo trwa\u0107 w tym ko\u0142owrotku? \u017bycie jest zbyt kr\u00f3tkie, dlatego trzeba umie\u0107 si\u0119 nim cieszy\u0107. Prosz\u0119 stworzy\u0107 w\u0142asn\u0105 oaz\u0119 spokoju bezpo\u015brednio u siebie w domu. Poka\u017cemy Pa\u0144stwu, jak to zrobi\u0107.          <\/span><\/i><\/p>\n<p><!--more--><\/p>\n","protected":false},"excerpt":{"rendered":"<p>Z pracy do domu i z domu do pracy. Stres zawodowy nieustannie towarzyszy Pa\u0144stwu w my\u015blach. W domu czeka na Pa\u0144stwa ha\u0142as oraz oczekiwania dzieci i partnera. Na nic nie maj\u0105 Pa\u0144stwo si\u0142y, ale trzeba dzia\u0142a\u0107. W ko\u0144cu kto utrzyma\u0142by rodzin\u0119? Prosz\u0119 to zatrzyma\u0107! Stereotyp codzienno\u015bci niszczy cia\u0142o i umys\u0142. Czy naprawd\u0119 chc\u0105 Pa\u0144stwo trwa\u0107 [&hellip;]<\/p>\n","protected":false},"author":2,"featured_media":46784,"comment_status":"open","ping_status":"open","sticky":false,"template":"","format":"standard","meta":{"_acf_changed":false,"inline_featured_image":false,"footnotes":""},"categories":[632,607,605],"tags":[],"class_list":["post-48150","post","type-post","status-publish","format-standard","has-post-thumbnail","hentry","category-domki-ogrodowe","category-inspiracje","category-jak-to-zrobic-ogrod-diy"],"acf":[],"yoast_head":"<!-- This site is optimized with the Yoast SEO plugin v27.4 - https:\/\/yoast.com\/product\/yoast-seo-wordpress\/ -->\n<title>Zmie\u0144 sw\u00f3j domek ogrodowy w oaz\u0119 wypoczynku | GARDEON<\/title>\n<meta name=\"robots\" content=\"index, follow, max-snippet:-1, max-image-preview:large, max-video-preview:-1\" \/>\n<link rel=\"canonical\" href=\"https:\/\/gardeon.pl\/pl\/blog\/zmien-swoj-domek-ogrodowy-w-oaze-wypoczynku\/\" \/>\n<meta property=\"og:locale\" content=\"pl_PL\" \/>\n<meta property=\"og:type\" content=\"article\" \/>\n<meta property=\"og:title\" content=\"Zmie\u0144 sw\u00f3j domek ogrodowy w oaz\u0119 wypoczynku | GARDEON\" \/>\n<meta property=\"og:description\" content=\"Z pracy do domu i z domu do pracy. Stres zawodowy nieustannie towarzyszy Pa\u0144stwu w my\u015blach. W domu czeka na Pa\u0144stwa ha\u0142as oraz oczekiwania dzieci i partnera. Na nic nie maj\u0105 Pa\u0144stwo si\u0142y, ale trzeba dzia\u0142a\u0107. W ko\u0144cu kto utrzyma\u0142by rodzin\u0119? Prosz\u0119 to zatrzyma\u0107! Stereotyp codzienno\u015bci niszczy cia\u0142o i umys\u0142. Czy naprawd\u0119 chc\u0105 Pa\u0144stwo trwa\u0107 [&hellip;]\" \/>\n<meta property=\"og:url\" content=\"https:\/\/gardeon.pl\/pl\/blog\/zmien-swoj-domek-ogrodowy-w-oaze-wypoczynku\/\" \/>\n<meta property=\"og:site_name\" content=\"GARDEON\" \/>\n<meta property=\"article:published_time\" content=\"2026-04-23T15:42:37+00:00\" \/>\n<meta property=\"article:modified_time\" content=\"2026-04-23T16:44:22+00:00\" \/>\n<meta property=\"og:image\" content=\"http:\/\/gardeon.pl\/wp-content\/uploads\/2021\/10\/gardeon-posedenie-4-1.webp\" \/>\n\t<meta property=\"og:image:width\" content=\"2000\" \/>\n\t<meta property=\"og:image:height\" content=\"1331\" \/>\n\t<meta property=\"og:image:type\" content=\"image\/webp\" \/>\n<meta name=\"author\" content=\"editor\" \/>\n<meta name=\"twitter:card\" content=\"summary_large_image\" \/>\n<meta name=\"twitter:label1\" content=\"Napisane przez\" \/>\n\t<meta name=\"twitter:data1\" content=\"editor\" \/>\n\t<meta name=\"twitter:label2\" content=\"Szacowany czas czytania\" \/>\n\t<meta name=\"twitter:data2\" content=\"1 minuta\" \/>\n<script type=\"application\/ld+json\" class=\"yoast-schema-graph\">{\"@context\":\"https:\\\/\\\/schema.org\",\"@graph\":[{\"@type\":\"Article\",\"@id\":\"https:\\\/\\\/gardeon.pl\\\/pl\\\/blog\\\/zmien-swoj-domek-ogrodowy-w-oaze-wypoczynku\\\/#article\",\"isPartOf\":{\"@id\":\"https:\\\/\\\/gardeon.pl\\\/pl\\\/blog\\\/zmien-swoj-domek-ogrodowy-w-oaze-wypoczynku\\\/\"},\"author\":{\"name\":\"editor\",\"@id\":\"https:\\\/\\\/gardeon.pl\\\/#\\\/schema\\\/person\\\/a5762ca5f0790bf92774af0899379463\"},\"headline\":\"Zmie\u0144 sw\u00f3j domek ogrodowy w oaz\u0119 wypoczynku\",\"datePublished\":\"2026-04-23T15:42:37+00:00\",\"dateModified\":\"2026-04-23T16:44:22+00:00\",\"mainEntityOfPage\":{\"@id\":\"https:\\\/\\\/gardeon.pl\\\/pl\\\/blog\\\/zmien-swoj-domek-ogrodowy-w-oaze-wypoczynku\\\/\"},\"wordCount\":109,\"commentCount\":0,\"image\":{\"@id\":\"https:\\\/\\\/gardeon.pl\\\/pl\\\/blog\\\/zmien-swoj-domek-ogrodowy-w-oaze-wypoczynku\\\/#primaryimage\"},\"thumbnailUrl\":\"https:\\\/\\\/gardeon.pl\\\/wp-content\\\/uploads\\\/2021\\\/10\\\/gardeon-posedenie-4-1.webp\",\"articleSection\":[\"Domki ogrodowe\",\"Inspiracje\",\"Jak to zrobi\u0107 \u2013 ogr\u00f3d | DIY\"],\"inLanguage\":\"pl-PL\",\"potentialAction\":[{\"@type\":\"CommentAction\",\"name\":\"Comment\",\"target\":[\"https:\\\/\\\/gardeon.pl\\\/pl\\\/blog\\\/zmien-swoj-domek-ogrodowy-w-oaze-wypoczynku\\\/#respond\"]}]},{\"@type\":\"WebPage\",\"@id\":\"https:\\\/\\\/gardeon.pl\\\/pl\\\/blog\\\/zmien-swoj-domek-ogrodowy-w-oaze-wypoczynku\\\/\",\"url\":\"https:\\\/\\\/gardeon.pl\\\/pl\\\/blog\\\/zmien-swoj-domek-ogrodowy-w-oaze-wypoczynku\\\/\",\"name\":\"Zmie\u0144 sw\u00f3j domek ogrodowy w oaz\u0119 wypoczynku | GARDEON\",\"isPartOf\":{\"@id\":\"https:\\\/\\\/gardeon.pl\\\/#website\"},\"primaryImageOfPage\":{\"@id\":\"https:\\\/\\\/gardeon.pl\\\/pl\\\/blog\\\/zmien-swoj-domek-ogrodowy-w-oaze-wypoczynku\\\/#primaryimage\"},\"image\":{\"@id\":\"https:\\\/\\\/gardeon.pl\\\/pl\\\/blog\\\/zmien-swoj-domek-ogrodowy-w-oaze-wypoczynku\\\/#primaryimage\"},\"thumbnailUrl\":\"https:\\\/\\\/gardeon.pl\\\/wp-content\\\/uploads\\\/2021\\\/10\\\/gardeon-posedenie-4-1.webp\",\"datePublished\":\"2026-04-23T15:42:37+00:00\",\"dateModified\":\"2026-04-23T16:44:22+00:00\",\"author\":{\"@id\":\"https:\\\/\\\/gardeon.pl\\\/#\\\/schema\\\/person\\\/a5762ca5f0790bf92774af0899379463\"},\"breadcrumb\":{\"@id\":\"https:\\\/\\\/gardeon.pl\\\/pl\\\/blog\\\/zmien-swoj-domek-ogrodowy-w-oaze-wypoczynku\\\/#breadcrumb\"},\"inLanguage\":\"pl-PL\",\"potentialAction\":[{\"@type\":\"ReadAction\",\"target\":[\"https:\\\/\\\/gardeon.pl\\\/pl\\\/blog\\\/zmien-swoj-domek-ogrodowy-w-oaze-wypoczynku\\\/\"]}]},{\"@type\":\"ImageObject\",\"inLanguage\":\"pl-PL\",\"@id\":\"https:\\\/\\\/gardeon.pl\\\/pl\\\/blog\\\/zmien-swoj-domek-ogrodowy-w-oaze-wypoczynku\\\/#primaryimage\",\"url\":\"https:\\\/\\\/gardeon.pl\\\/wp-content\\\/uploads\\\/2021\\\/10\\\/gardeon-posedenie-4-1.webp\",\"contentUrl\":\"https:\\\/\\\/gardeon.pl\\\/wp-content\\\/uploads\\\/2021\\\/10\\\/gardeon-posedenie-4-1.webp\",\"width\":2000,\"height\":1331,\"caption\":\"Bia\u0142e meble wypoczynkowe pod zadaszeniem\"},{\"@type\":\"BreadcrumbList\",\"@id\":\"https:\\\/\\\/gardeon.pl\\\/pl\\\/blog\\\/zmien-swoj-domek-ogrodowy-w-oaze-wypoczynku\\\/#breadcrumb\",\"itemListElement\":[{\"@type\":\"ListItem\",\"position\":1,\"name\":\"Domov\",\"item\":\"https:\\\/\\\/gardeon.pl\\\/pl\\\/\"},{\"@type\":\"ListItem\",\"position\":2,\"name\":\"Zmie\u0144 sw\u00f3j domek ogrodowy w oaz\u0119 wypoczynku\"}]},{\"@type\":\"WebSite\",\"@id\":\"https:\\\/\\\/gardeon.pl\\\/#website\",\"url\":\"https:\\\/\\\/gardeon.pl\\\/\",\"name\":\"GARDEON\",\"description\":\"\",\"potentialAction\":[{\"@type\":\"SearchAction\",\"target\":{\"@type\":\"EntryPoint\",\"urlTemplate\":\"https:\\\/\\\/gardeon.pl\\\/?s={search_term_string}\"},\"query-input\":{\"@type\":\"PropertyValueSpecification\",\"valueRequired\":true,\"valueName\":\"search_term_string\"}}],\"inLanguage\":\"pl-PL\"},{\"@type\":\"Person\",\"@id\":\"https:\\\/\\\/gardeon.pl\\\/#\\\/schema\\\/person\\\/a5762ca5f0790bf92774af0899379463\",\"name\":\"editor\",\"image\":{\"@type\":\"ImageObject\",\"inLanguage\":\"pl-PL\",\"@id\":\"https:\\\/\\\/secure.gravatar.com\\\/avatar\\\/2b748151c2c748327307fd289a91b3bdafdd9e64e2d000e65e53d6dcf11c5830?s=96&d=mm&r=g\",\"url\":\"https:\\\/\\\/secure.gravatar.com\\\/avatar\\\/2b748151c2c748327307fd289a91b3bdafdd9e64e2d000e65e53d6dcf11c5830?s=96&d=mm&r=g\",\"contentUrl\":\"https:\\\/\\\/secure.gravatar.com\\\/avatar\\\/2b748151c2c748327307fd289a91b3bdafdd9e64e2d000e65e53d6dcf11c5830?s=96&d=mm&r=g\",\"caption\":\"editor\"}}]}<\/script>\n<!-- \/ Yoast SEO plugin. -->","yoast_head_json":{"title":"Zmie\u0144 sw\u00f3j domek ogrodowy w oaz\u0119 wypoczynku | GARDEON","robots":{"index":"index","follow":"follow","max-snippet":"max-snippet:-1","max-image-preview":"max-image-preview:large","max-video-preview":"max-video-preview:-1"},"canonical":"https:\/\/gardeon.pl\/pl\/blog\/zmien-swoj-domek-ogrodowy-w-oaze-wypoczynku\/","og_locale":"pl_PL","og_type":"article","og_title":"Zmie\u0144 sw\u00f3j domek ogrodowy w oaz\u0119 wypoczynku | GARDEON","og_description":"Z pracy do domu i z domu do pracy. Stres zawodowy nieustannie towarzyszy Pa\u0144stwu w my\u015blach. W domu czeka na Pa\u0144stwa ha\u0142as oraz oczekiwania dzieci i partnera. Na nic nie maj\u0105 Pa\u0144stwo si\u0142y, ale trzeba dzia\u0142a\u0107. W ko\u0144cu kto utrzyma\u0142by rodzin\u0119? Prosz\u0119 to zatrzyma\u0107! Stereotyp codzienno\u015bci niszczy cia\u0142o i umys\u0142. Czy naprawd\u0119 chc\u0105 Pa\u0144stwo trwa\u0107 [&hellip;]","og_url":"https:\/\/gardeon.pl\/pl\/blog\/zmien-swoj-domek-ogrodowy-w-oaze-wypoczynku\/","og_site_name":"GARDEON","article_published_time":"2026-04-23T15:42:37+00:00","article_modified_time":"2026-04-23T16:44:22+00:00","og_image":[{"width":2000,"height":1331,"url":"http:\/\/gardeon.pl\/wp-content\/uploads\/2021\/10\/gardeon-posedenie-4-1.webp","type":"image\/webp"}],"author":"editor","twitter_card":"summary_large_image","twitter_misc":{"Napisane przez":"editor","Szacowany czas czytania":"1 minuta"},"schema":{"@context":"https:\/\/schema.org","@graph":[{"@type":"Article","@id":"https:\/\/gardeon.pl\/pl\/blog\/zmien-swoj-domek-ogrodowy-w-oaze-wypoczynku\/#article","isPartOf":{"@id":"https:\/\/gardeon.pl\/pl\/blog\/zmien-swoj-domek-ogrodowy-w-oaze-wypoczynku\/"},"author":{"name":"editor","@id":"https:\/\/gardeon.pl\/#\/schema\/person\/a5762ca5f0790bf92774af0899379463"},"headline":"Zmie\u0144 sw\u00f3j domek ogrodowy w oaz\u0119 wypoczynku","datePublished":"2026-04-23T15:42:37+00:00","dateModified":"2026-04-23T16:44:22+00:00","mainEntityOfPage":{"@id":"https:\/\/gardeon.pl\/pl\/blog\/zmien-swoj-domek-ogrodowy-w-oaze-wypoczynku\/"},"wordCount":109,"commentCount":0,"image":{"@id":"https:\/\/gardeon.pl\/pl\/blog\/zmien-swoj-domek-ogrodowy-w-oaze-wypoczynku\/#primaryimage"},"thumbnailUrl":"https:\/\/gardeon.pl\/wp-content\/uploads\/2021\/10\/gardeon-posedenie-4-1.webp","articleSection":["Domki ogrodowe","Inspiracje","Jak to zrobi\u0107 \u2013 ogr\u00f3d | DIY"],"inLanguage":"pl-PL","potentialAction":[{"@type":"CommentAction","name":"Comment","target":["https:\/\/gardeon.pl\/pl\/blog\/zmien-swoj-domek-ogrodowy-w-oaze-wypoczynku\/#respond"]}]},{"@type":"WebPage","@id":"https:\/\/gardeon.pl\/pl\/blog\/zmien-swoj-domek-ogrodowy-w-oaze-wypoczynku\/","url":"https:\/\/gardeon.pl\/pl\/blog\/zmien-swoj-domek-ogrodowy-w-oaze-wypoczynku\/","name":"Zmie\u0144 sw\u00f3j domek ogrodowy w oaz\u0119 wypoczynku | GARDEON","isPartOf":{"@id":"https:\/\/gardeon.pl\/#website"},"primaryImageOfPage":{"@id":"https:\/\/gardeon.pl\/pl\/blog\/zmien-swoj-domek-ogrodowy-w-oaze-wypoczynku\/#primaryimage"},"image":{"@id":"https:\/\/gardeon.pl\/pl\/blog\/zmien-swoj-domek-ogrodowy-w-oaze-wypoczynku\/#primaryimage"},"thumbnailUrl":"https:\/\/gardeon.pl\/wp-content\/uploads\/2021\/10\/gardeon-posedenie-4-1.webp","datePublished":"2026-04-23T15:42:37+00:00","dateModified":"2026-04-23T16:44:22+00:00","author":{"@id":"https:\/\/gardeon.pl\/#\/schema\/person\/a5762ca5f0790bf92774af0899379463"},"breadcrumb":{"@id":"https:\/\/gardeon.pl\/pl\/blog\/zmien-swoj-domek-ogrodowy-w-oaze-wypoczynku\/#breadcrumb"},"inLanguage":"pl-PL","potentialAction":[{"@type":"ReadAction","target":["https:\/\/gardeon.pl\/pl\/blog\/zmien-swoj-domek-ogrodowy-w-oaze-wypoczynku\/"]}]},{"@type":"ImageObject","inLanguage":"pl-PL","@id":"https:\/\/gardeon.pl\/pl\/blog\/zmien-swoj-domek-ogrodowy-w-oaze-wypoczynku\/#primaryimage","url":"https:\/\/gardeon.pl\/wp-content\/uploads\/2021\/10\/gardeon-posedenie-4-1.webp","contentUrl":"https:\/\/gardeon.pl\/wp-content\/uploads\/2021\/10\/gardeon-posedenie-4-1.webp","width":2000,"height":1331,"caption":"Bia\u0142e meble wypoczynkowe pod zadaszeniem"},{"@type":"BreadcrumbList","@id":"https:\/\/gardeon.pl\/pl\/blog\/zmien-swoj-domek-ogrodowy-w-oaze-wypoczynku\/#breadcrumb","itemListElement":[{"@type":"ListItem","position":1,"name":"Domov","item":"https:\/\/gardeon.pl\/pl\/"},{"@type":"ListItem","position":2,"name":"Zmie\u0144 sw\u00f3j domek ogrodowy w oaz\u0119 wypoczynku"}]},{"@type":"WebSite","@id":"https:\/\/gardeon.pl\/#website","url":"https:\/\/gardeon.pl\/","name":"GARDEON","description":"","potentialAction":[{"@type":"SearchAction","target":{"@type":"EntryPoint","urlTemplate":"https:\/\/gardeon.pl\/?s={search_term_string}"},"query-input":{"@type":"PropertyValueSpecification","valueRequired":true,"valueName":"search_term_string"}}],"inLanguage":"pl-PL"},{"@type":"Person","@id":"https:\/\/gardeon.pl\/#\/schema\/person\/a5762ca5f0790bf92774af0899379463","name":"editor","image":{"@type":"ImageObject","inLanguage":"pl-PL","@id":"https:\/\/secure.gravatar.com\/avatar\/2b748151c2c748327307fd289a91b3bdafdd9e64e2d000e65e53d6dcf11c5830?s=96&d=mm&r=g","url":"https:\/\/secure.gravatar.com\/avatar\/2b748151c2c748327307fd289a91b3bdafdd9e64e2d000e65e53d6dcf11c5830?s=96&d=mm&r=g","contentUrl":"https:\/\/secure.gravatar.com\/avatar\/2b748151c2c748327307fd289a91b3bdafdd9e64e2d000e65e53d6dcf11c5830?s=96&d=mm&r=g","caption":"editor"}}]}},"_links":{"self":[{"href":"https:\/\/gardeon.pl\/pl\/wp-json\/wp\/v2\/posts\/48150","targetHints":{"allow":["GET"]}}],"collection":[{"href":"https:\/\/gardeon.pl\/pl\/wp-json\/wp\/v2\/posts"}],"about":[{"href":"https:\/\/gardeon.pl\/pl\/wp-json\/wp\/v2\/types\/post"}],"author":[{"embeddable":true,"href":"https:\/\/gardeon.pl\/pl\/wp-json\/wp\/v2\/users\/2"}],"replies":[{"embeddable":true,"href":"https:\/\/gardeon.pl\/pl\/wp-json\/wp\/v2\/comments?post=48150"}],"version-history":[{"count":0,"href":"https:\/\/gardeon.pl\/pl\/wp-json\/wp\/v2\/posts\/48150\/revisions"}],"wp:featuredmedia":[{"embeddable":true,"href":"https:\/\/gardeon.pl\/pl\/wp-json\/wp\/v2\/media\/46784"}],"wp:attachment":[{"href":"https:\/\/gardeon.pl\/pl\/wp-json\/wp\/v2\/media?parent=48150"}],"wp:term":[{"taxonomy":"category","embeddable":true,"href":"https:\/\/gardeon.pl\/pl\/wp-json\/wp\/v2\/categories?post=48150"},{"taxonomy":"post_tag","embeddable":true,"href":"https:\/\/gardeon.pl\/pl\/wp-json\/wp\/v2\/tags?post=48150"}],"curies":[{"name":"wp","href":"https:\/\/api.w.org\/{rel}","templated":true}]}}