{"id":48155,"date":"2026-04-23T17:42:38","date_gmt":"2026-04-23T15:42:38","guid":{"rendered":"https:\/\/gardeon.pl\/blog\/jak-sie-zyje-z-gardeonem-czesc-3\/"},"modified":"2026-04-23T18:44:22","modified_gmt":"2026-04-23T16:44:22","slug":"jak-sie-zyje-z-gardeonem-czesc-3","status":"publish","type":"post","link":"https:\/\/gardeon.pl\/pl\/blog\/jak-sie-zyje-z-gardeonem-czesc-3\/","title":{"rendered":"Jak si\u0119 \u017cyje z GARDEONem \u2013 cz\u0119\u015b\u0107 3"},"content":{"rendered":"<h2>Jak to wszystko si\u0119 zacz\u0119\u0142o?<\/h2>\n<p><span style=\"font-weight: 400;\">Pani Sandtnerov\u00e1 skontaktowa\u0142a si\u0119 z nami w 2018 roku, informuj\u0105c, \u017ce wraz z rodzin\u0105 chc\u0105 pozby\u0107 si\u0119 starej szopy na dzia\u0142ce i w jej miejsce postawi\u0107 co\u015b bardziej estetycznego. Informacj\u0119 o nas przekaza\u0142a jej kole\u017canka, kt\u00f3ra natkn\u0119\u0142a si\u0119 na nas na targach Agrokomplex w Nitrze. Na podstawie szczeg\u00f3\u0142owej rozmowy wsp\u00f3lnie zaprojektowali\u015bmy w pe\u0142ni ocieplony domek ogrodowy. Pani Sandtnerov\u00e1 wykorzystuje domek ogrodowy przede wszystkim jako schowek na narz\u0119dzia i akcesoria ogrodowe, takie jak kosiarka, miot\u0142y, grabie oraz r\u00f3\u017cnego rodzaju wyposa\u017cenie dla domowego majsterkowicza.   <\/span><\/p>\n<h3>Recenzja tu\u017c po monta\u017cu<\/h3>\n<p><img loading=\"lazy\" decoding=\"async\" class=\"aligncenter size-full wp-image-27873\" src=\"http:\/\/gardeon.pl\/wp-content\/uploads\/2020\/09\/recenzia-gardeon-3-1.png\" alt=\"Recenzja GARDEON\" width=\"1088\" height=\"1374\" srcset=\"https:\/\/gardeon.pl\/wp-content\/uploads\/2020\/09\/recenzia-gardeon-3-1.png 1088w, https:\/\/gardeon.pl\/wp-content\/uploads\/2020\/09\/recenzia-gardeon-3-1-238x300.png 238w, https:\/\/gardeon.pl\/wp-content\/uploads\/2020\/09\/recenzia-gardeon-3-1-811x1024.png 811w, https:\/\/gardeon.pl\/wp-content\/uploads\/2020\/09\/recenzia-gardeon-3-1-768x970.png 768w\" sizes=\"auto, (max-width: 1088px) 100vw, 1088px\" \/><\/p>\n<h2>A jakie s\u0105 jej wra\u017cenia po pewnym czasie?<\/h2>\n<p><i><span style=\"font-weight: 400;\">\u201eDomek spe\u0142nia funkcj\u0119, jakiej oczekiwali\u015bmy. By\u0107 mo\u017ce teraz postawiliby\u015bmy go po przeciwnej stronie ogrodu, ale niestety nie jest to ju\u017c mo\u017cliwe. Jeste\u015bmy jednak z niego bardzo zadowoleni i dobrze wygl\u0105da.\u201d  <\/span><\/i><\/p>\n<h3>Zdj\u0119cia zewn\u0119trznej cz\u0119\u015bci<\/h3>\n<p><img loading=\"lazy\" decoding=\"async\" class=\"aligncenter size-full wp-image-27861\" src=\"http:\/\/gardeon.pl\/wp-content\/uploads\/2020\/09\/GARDEON-foto-od-zakaznikov-28-scaled.jpeg\" alt=\"Domek ogrodowy z tynkiem w kolorze piaskowym\" width=\"2560\" height=\"1920\" srcset=\"https:\/\/gardeon.pl\/wp-content\/uploads\/2020\/09\/GARDEON-foto-od-zakaznikov-28-scaled.jpeg 2560w, https:\/\/gardeon.pl\/wp-content\/uploads\/2020\/09\/GARDEON-foto-od-zakaznikov-28-300x225.jpeg 300w, https:\/\/gardeon.pl\/wp-content\/uploads\/2020\/09\/GARDEON-foto-od-zakaznikov-28-1024x768.jpeg 1024w, https:\/\/gardeon.pl\/wp-content\/uploads\/2020\/09\/GARDEON-foto-od-zakaznikov-28-768x576.jpeg 768w, https:\/\/gardeon.pl\/wp-content\/uploads\/2020\/09\/GARDEON-foto-od-zakaznikov-28-1536x1152.jpeg 1536w, https:\/\/gardeon.pl\/wp-content\/uploads\/2020\/09\/GARDEON-foto-od-zakaznikov-28-2048x1536.jpeg 2048w\" sizes=\"auto, (max-width: 2560px) 100vw, 2560px\" \/><\/p>\n<p><img loading=\"lazy\" decoding=\"async\" class=\"aligncenter size-full wp-image-27863\" src=\"http:\/\/gardeon.pl\/wp-content\/uploads\/2020\/09\/GARDEON-foto-od-zakaznikov-29-scaled.jpeg\" alt=\"Zewn\u0119trzna cz\u0119\u015b\u0107 domku ogrodowego\" width=\"2560\" height=\"1920\" srcset=\"https:\/\/gardeon.pl\/wp-content\/uploads\/2020\/09\/GARDEON-foto-od-zakaznikov-29-scaled.jpeg 2560w, https:\/\/gardeon.pl\/wp-content\/uploads\/2020\/09\/GARDEON-foto-od-zakaznikov-29-300x225.jpeg 300w, https:\/\/gardeon.pl\/wp-content\/uploads\/2020\/09\/GARDEON-foto-od-zakaznikov-29-1024x768.jpeg 1024w, https:\/\/gardeon.pl\/wp-content\/uploads\/2020\/09\/GARDEON-foto-od-zakaznikov-29-768x576.jpeg 768w, https:\/\/gardeon.pl\/wp-content\/uploads\/2020\/09\/GARDEON-foto-od-zakaznikov-29-1536x1152.jpeg 1536w, https:\/\/gardeon.pl\/wp-content\/uploads\/2020\/09\/GARDEON-foto-od-zakaznikov-29-2048x1536.jpeg 2048w\" sizes=\"auto, (max-width: 2560px) 100vw, 2560px\" \/><\/p>\n<h3>Zdj\u0119cia cz\u0119\u015bci wewn\u0119trznej<\/h3>\n<p><img loading=\"lazy\" decoding=\"async\" class=\"aligncenter size-full wp-image-27867\" src=\"http:\/\/gardeon.pl\/wp-content\/uploads\/2020\/09\/GARDEON-foto-od-zakaznikov-30-scaled.jpeg\" alt=\"Wn\u0119trze montowanego domku ogrodowego\" width=\"2560\" height=\"1920\" srcset=\"https:\/\/gardeon.pl\/wp-content\/uploads\/2020\/09\/GARDEON-foto-od-zakaznikov-30-scaled.jpeg 2560w, https:\/\/gardeon.pl\/wp-content\/uploads\/2020\/09\/GARDEON-foto-od-zakaznikov-30-300x225.jpeg 300w, https:\/\/gardeon.pl\/wp-content\/uploads\/2020\/09\/GARDEON-foto-od-zakaznikov-30-1024x768.jpeg 1024w, https:\/\/gardeon.pl\/wp-content\/uploads\/2020\/09\/GARDEON-foto-od-zakaznikov-30-768x576.jpeg 768w, https:\/\/gardeon.pl\/wp-content\/uploads\/2020\/09\/GARDEON-foto-od-zakaznikov-30-1536x1152.jpeg 1536w, https:\/\/gardeon.pl\/wp-content\/uploads\/2020\/09\/GARDEON-foto-od-zakaznikov-30-2048x1536.jpeg 2048w, https:\/\/gardeon.pl\/wp-content\/uploads\/2020\/09\/GARDEON-foto-od-zakaznikov-30-scaled-1200x900-cropped.jpeg 1200w\" sizes=\"auto, (max-width: 2560px) 100vw, 2560px\" \/><\/p>\n<p><img loading=\"lazy\" decoding=\"async\" class=\"aligncenter size-full wp-image-27869\" src=\"http:\/\/gardeon.pl\/wp-content\/uploads\/2020\/09\/GARDEON-foto-od-zakaznikov-31-scaled.jpeg\" alt=\"Wn\u0119trze domku ogrodowego GARDEON\" width=\"2560\" height=\"1920\" srcset=\"https:\/\/gardeon.pl\/wp-content\/uploads\/2020\/09\/GARDEON-foto-od-zakaznikov-31-scaled.jpeg 2560w, https:\/\/gardeon.pl\/wp-content\/uploads\/2020\/09\/GARDEON-foto-od-zakaznikov-31-300x225.jpeg 300w, https:\/\/gardeon.pl\/wp-content\/uploads\/2020\/09\/GARDEON-foto-od-zakaznikov-31-1024x768.jpeg 1024w, https:\/\/gardeon.pl\/wp-content\/uploads\/2020\/09\/GARDEON-foto-od-zakaznikov-31-768x576.jpeg 768w, https:\/\/gardeon.pl\/wp-content\/uploads\/2020\/09\/GARDEON-foto-od-zakaznikov-31-1536x1152.jpeg 1536w, https:\/\/gardeon.pl\/wp-content\/uploads\/2020\/09\/GARDEON-foto-od-zakaznikov-31-2048x1536.jpeg 2048w\" sizes=\"auto, (max-width: 2560px) 100vw, 2560px\" \/><\/p>\n<p><img loading=\"lazy\" decoding=\"async\" class=\"aligncenter size-full wp-image-27871\" src=\"http:\/\/gardeon.pl\/wp-content\/uploads\/2020\/09\/GARDEON-foto-od-zakaznikov-32-scaled.jpeg\" alt=\"Wn\u0119trze domku ogrodowego GARDEON\" width=\"2560\" height=\"1920\" srcset=\"https:\/\/gardeon.pl\/wp-content\/uploads\/2020\/09\/GARDEON-foto-od-zakaznikov-32-scaled.jpeg 2560w, https:\/\/gardeon.pl\/wp-content\/uploads\/2020\/09\/GARDEON-foto-od-zakaznikov-32-300x225.jpeg 300w, https:\/\/gardeon.pl\/wp-content\/uploads\/2020\/09\/GARDEON-foto-od-zakaznikov-32-1024x768.jpeg 1024w, https:\/\/gardeon.pl\/wp-content\/uploads\/2020\/09\/GARDEON-foto-od-zakaznikov-32-768x576.jpeg 768w, https:\/\/gardeon.pl\/wp-content\/uploads\/2020\/09\/GARDEON-foto-od-zakaznikov-32-1536x1152.jpeg 1536w, https:\/\/gardeon.pl\/wp-content\/uploads\/2020\/09\/GARDEON-foto-od-zakaznikov-32-2048x1536.jpeg 2048w\" sizes=\"auto, (max-width: 2560px) 100vw, 2560px\" \/><\/p>\n<h2>Podsumowanie<\/h2>\n<ul>\n<li style=\"font-weight: 400;\" aria-level=\"1\"><span style=\"font-weight: 400;\">czas budowy \u2013 3,5 godziny<\/span><\/li>\n<li style=\"font-weight: 400;\" aria-level=\"1\"><span style=\"font-weight: 400;\">wymiary domku ogrodowego z wiat\u0105 \u2013 4000 x 2500 mm + 2000 x 1000 mm<\/span><\/li>\n<li style=\"font-weight: 400;\" aria-level=\"1\"><span style=\"font-weight: 400;\">wyposa\u017cenie premium \u2013 ocieplony dach i ocieplone \u015bciany<\/span><\/li>\n<li style=\"font-weight: 400;\" aria-level=\"1\"><span style=\"font-weight: 400;\">cena domku ogrodowego w momencie zam\u00f3wienia \u2013 ok. 5 600 \u20ac z VAT <\/span><\/li>\n<\/ul>\n<p><span style=\"font-weight: 400;\"> <\/span><\/p>\n<h3 style=\"text-align: center;\">Dzi\u0119kujemy pani Sandtnerovej ze Slovensk\u00e9ho Grobu za opini\u0119 i zdj\u0119cia :)<\/h3>\n","protected":false},"excerpt":{"rendered":"<p>Jak to wszystko si\u0119 zacz\u0119\u0142o? Pani Sandtnerov\u00e1 skontaktowa\u0142a si\u0119 z nami w 2018 roku, informuj\u0105c, \u017ce wraz z rodzin\u0105 chc\u0105 pozby\u0107 si\u0119 starej szopy na dzia\u0142ce i w jej miejsce postawi\u0107 co\u015b bardziej estetycznego. Informacj\u0119 o nas przekaza\u0142a jej kole\u017canka, kt\u00f3ra natkn\u0119\u0142a si\u0119 na nas na targach Agrokomplex w Nitrze. Na podstawie szczeg\u00f3\u0142owej rozmowy wsp\u00f3lnie [&hellip;]<\/p>\n","protected":false},"author":2,"featured_media":48158,"comment_status":"open","ping_status":"open","sticky":false,"template":"","format":"standard","meta":{"_acf_changed":false,"inline_featured_image":false,"footnotes":""},"categories":[717,716],"tags":[],"class_list":["post-48155","post","type-post","status-publish","format-standard","has-post-thumbnail","hentry","category-domki-ogrodowe-2","category-jak-sie-zyje-z-gardeon"],"acf":[],"yoast_head":"<!-- This site is optimized with the Yoast SEO plugin v27.4 - https:\/\/yoast.com\/product\/yoast-seo-wordpress\/ -->\n<title>Jak si\u0119 \u017cyje z GARDEONem \u2013 cz\u0119\u015b\u0107 3 | GARDEON<\/title>\n<meta name=\"robots\" content=\"index, follow, max-snippet:-1, max-image-preview:large, max-video-preview:-1\" \/>\n<link rel=\"canonical\" href=\"https:\/\/gardeon.pl\/pl\/blog\/jak-sie-zyje-z-gardeonem-czesc-3\/\" \/>\n<meta property=\"og:locale\" content=\"pl_PL\" \/>\n<meta property=\"og:type\" content=\"article\" \/>\n<meta property=\"og:title\" content=\"Jak si\u0119 \u017cyje z GARDEONem \u2013 cz\u0119\u015b\u0107 3 | GARDEON\" \/>\n<meta property=\"og:description\" content=\"Jak to wszystko si\u0119 zacz\u0119\u0142o? Pani Sandtnerov\u00e1 skontaktowa\u0142a si\u0119 z nami w 2018 roku, informuj\u0105c, \u017ce wraz z rodzin\u0105 chc\u0105 pozby\u0107 si\u0119 starej szopy na dzia\u0142ce i w jej miejsce postawi\u0107 co\u015b bardziej estetycznego. Informacj\u0119 o nas przekaza\u0142a jej kole\u017canka, kt\u00f3ra natkn\u0119\u0142a si\u0119 na nas na targach Agrokomplex w Nitrze. Na podstawie szczeg\u00f3\u0142owej rozmowy wsp\u00f3lnie [&hellip;]\" \/>\n<meta property=\"og:url\" content=\"https:\/\/gardeon.pl\/pl\/blog\/jak-sie-zyje-z-gardeonem-czesc-3\/\" \/>\n<meta property=\"og:site_name\" content=\"GARDEON\" \/>\n<meta property=\"article:published_time\" content=\"2026-04-23T15:42:38+00:00\" \/>\n<meta property=\"article:modified_time\" content=\"2026-04-23T16:44:22+00:00\" \/>\n<meta property=\"og:image\" content=\"http:\/\/gardeon.pl\/wp-content\/uploads\/2020\/09\/GARDEON-foto-od-zakaznikov-30-scaled.jpeg\" \/>\n\t<meta property=\"og:image:width\" content=\"2560\" \/>\n\t<meta property=\"og:image:height\" content=\"1920\" \/>\n\t<meta property=\"og:image:type\" content=\"image\/jpeg\" \/>\n<meta name=\"author\" content=\"editor\" \/>\n<meta name=\"twitter:card\" content=\"summary_large_image\" \/>\n<meta name=\"twitter:label1\" content=\"Napisane przez\" \/>\n\t<meta name=\"twitter:data1\" content=\"editor\" \/>\n\t<meta name=\"twitter:label2\" content=\"Szacowany czas czytania\" \/>\n\t<meta name=\"twitter:data2\" content=\"1 minuta\" \/>\n<script type=\"application\/ld+json\" class=\"yoast-schema-graph\">{\"@context\":\"https:\\\/\\\/schema.org\",\"@graph\":[{\"@type\":\"Article\",\"@id\":\"https:\\\/\\\/gardeon.pl\\\/pl\\\/blog\\\/jak-sie-zyje-z-gardeonem-czesc-3\\\/#article\",\"isPartOf\":{\"@id\":\"https:\\\/\\\/gardeon.pl\\\/pl\\\/blog\\\/jak-sie-zyje-z-gardeonem-czesc-3\\\/\"},\"author\":{\"name\":\"editor\",\"@id\":\"https:\\\/\\\/gardeon.pl\\\/#\\\/schema\\\/person\\\/a5762ca5f0790bf92774af0899379463\"},\"headline\":\"Jak si\u0119 \u017cyje z GARDEONem \u2013 cz\u0119\u015b\u0107 3\",\"datePublished\":\"2026-04-23T15:42:38+00:00\",\"dateModified\":\"2026-04-23T16:44:22+00:00\",\"mainEntityOfPage\":{\"@id\":\"https:\\\/\\\/gardeon.pl\\\/pl\\\/blog\\\/jak-sie-zyje-z-gardeonem-czesc-3\\\/\"},\"wordCount\":215,\"commentCount\":0,\"image\":{\"@id\":\"https:\\\/\\\/gardeon.pl\\\/pl\\\/blog\\\/jak-sie-zyje-z-gardeonem-czesc-3\\\/#primaryimage\"},\"thumbnailUrl\":\"https:\\\/\\\/gardeon.pl\\\/wp-content\\\/uploads\\\/2020\\\/09\\\/GARDEON-foto-od-zakaznikov-30-scaled.jpeg\",\"articleSection\":[\"Domki ogrodowe\",\"Jak si\u0119 \u017cyje z GARDEON\"],\"inLanguage\":\"pl-PL\",\"potentialAction\":[{\"@type\":\"CommentAction\",\"name\":\"Comment\",\"target\":[\"https:\\\/\\\/gardeon.pl\\\/pl\\\/blog\\\/jak-sie-zyje-z-gardeonem-czesc-3\\\/#respond\"]}]},{\"@type\":\"WebPage\",\"@id\":\"https:\\\/\\\/gardeon.pl\\\/pl\\\/blog\\\/jak-sie-zyje-z-gardeonem-czesc-3\\\/\",\"url\":\"https:\\\/\\\/gardeon.pl\\\/pl\\\/blog\\\/jak-sie-zyje-z-gardeonem-czesc-3\\\/\",\"name\":\"Jak si\u0119 \u017cyje z GARDEONem \u2013 cz\u0119\u015b\u0107 3 | GARDEON\",\"isPartOf\":{\"@id\":\"https:\\\/\\\/gardeon.pl\\\/#website\"},\"primaryImageOfPage\":{\"@id\":\"https:\\\/\\\/gardeon.pl\\\/pl\\\/blog\\\/jak-sie-zyje-z-gardeonem-czesc-3\\\/#primaryimage\"},\"image\":{\"@id\":\"https:\\\/\\\/gardeon.pl\\\/pl\\\/blog\\\/jak-sie-zyje-z-gardeonem-czesc-3\\\/#primaryimage\"},\"thumbnailUrl\":\"https:\\\/\\\/gardeon.pl\\\/wp-content\\\/uploads\\\/2020\\\/09\\\/GARDEON-foto-od-zakaznikov-30-scaled.jpeg\",\"datePublished\":\"2026-04-23T15:42:38+00:00\",\"dateModified\":\"2026-04-23T16:44:22+00:00\",\"author\":{\"@id\":\"https:\\\/\\\/gardeon.pl\\\/#\\\/schema\\\/person\\\/a5762ca5f0790bf92774af0899379463\"},\"breadcrumb\":{\"@id\":\"https:\\\/\\\/gardeon.pl\\\/pl\\\/blog\\\/jak-sie-zyje-z-gardeonem-czesc-3\\\/#breadcrumb\"},\"inLanguage\":\"pl-PL\",\"potentialAction\":[{\"@type\":\"ReadAction\",\"target\":[\"https:\\\/\\\/gardeon.pl\\\/pl\\\/blog\\\/jak-sie-zyje-z-gardeonem-czesc-3\\\/\"]}]},{\"@type\":\"ImageObject\",\"inLanguage\":\"pl-PL\",\"@id\":\"https:\\\/\\\/gardeon.pl\\\/pl\\\/blog\\\/jak-sie-zyje-z-gardeonem-czesc-3\\\/#primaryimage\",\"url\":\"https:\\\/\\\/gardeon.pl\\\/wp-content\\\/uploads\\\/2020\\\/09\\\/GARDEON-foto-od-zakaznikov-30-scaled.jpeg\",\"contentUrl\":\"https:\\\/\\\/gardeon.pl\\\/wp-content\\\/uploads\\\/2020\\\/09\\\/GARDEON-foto-od-zakaznikov-30-scaled.jpeg\",\"width\":2560,\"height\":1920,\"caption\":\"Wn\u0119trze montowanego domku ogrodowego\"},{\"@type\":\"BreadcrumbList\",\"@id\":\"https:\\\/\\\/gardeon.pl\\\/pl\\\/blog\\\/jak-sie-zyje-z-gardeonem-czesc-3\\\/#breadcrumb\",\"itemListElement\":[{\"@type\":\"ListItem\",\"position\":1,\"name\":\"Domov\",\"item\":\"https:\\\/\\\/gardeon.pl\\\/pl\\\/\"},{\"@type\":\"ListItem\",\"position\":2,\"name\":\"Jak si\u0119 \u017cyje z GARDEONem \u2013 cz\u0119\u015b\u0107 3\"}]},{\"@type\":\"WebSite\",\"@id\":\"https:\\\/\\\/gardeon.pl\\\/#website\",\"url\":\"https:\\\/\\\/gardeon.pl\\\/\",\"name\":\"GARDEON\",\"description\":\"\",\"potentialAction\":[{\"@type\":\"SearchAction\",\"target\":{\"@type\":\"EntryPoint\",\"urlTemplate\":\"https:\\\/\\\/gardeon.pl\\\/?s={search_term_string}\"},\"query-input\":{\"@type\":\"PropertyValueSpecification\",\"valueRequired\":true,\"valueName\":\"search_term_string\"}}],\"inLanguage\":\"pl-PL\"},{\"@type\":\"Person\",\"@id\":\"https:\\\/\\\/gardeon.pl\\\/#\\\/schema\\\/person\\\/a5762ca5f0790bf92774af0899379463\",\"name\":\"editor\",\"image\":{\"@type\":\"ImageObject\",\"inLanguage\":\"pl-PL\",\"@id\":\"https:\\\/\\\/secure.gravatar.com\\\/avatar\\\/2b748151c2c748327307fd289a91b3bdafdd9e64e2d000e65e53d6dcf11c5830?s=96&d=mm&r=g\",\"url\":\"https:\\\/\\\/secure.gravatar.com\\\/avatar\\\/2b748151c2c748327307fd289a91b3bdafdd9e64e2d000e65e53d6dcf11c5830?s=96&d=mm&r=g\",\"contentUrl\":\"https:\\\/\\\/secure.gravatar.com\\\/avatar\\\/2b748151c2c748327307fd289a91b3bdafdd9e64e2d000e65e53d6dcf11c5830?s=96&d=mm&r=g\",\"caption\":\"editor\"}}]}<\/script>\n<!-- \/ Yoast SEO plugin. -->","yoast_head_json":{"title":"Jak si\u0119 \u017cyje z GARDEONem \u2013 cz\u0119\u015b\u0107 3 | GARDEON","robots":{"index":"index","follow":"follow","max-snippet":"max-snippet:-1","max-image-preview":"max-image-preview:large","max-video-preview":"max-video-preview:-1"},"canonical":"https:\/\/gardeon.pl\/pl\/blog\/jak-sie-zyje-z-gardeonem-czesc-3\/","og_locale":"pl_PL","og_type":"article","og_title":"Jak si\u0119 \u017cyje z GARDEONem \u2013 cz\u0119\u015b\u0107 3 | GARDEON","og_description":"Jak to wszystko si\u0119 zacz\u0119\u0142o? Pani Sandtnerov\u00e1 skontaktowa\u0142a si\u0119 z nami w 2018 roku, informuj\u0105c, \u017ce wraz z rodzin\u0105 chc\u0105 pozby\u0107 si\u0119 starej szopy na dzia\u0142ce i w jej miejsce postawi\u0107 co\u015b bardziej estetycznego. Informacj\u0119 o nas przekaza\u0142a jej kole\u017canka, kt\u00f3ra natkn\u0119\u0142a si\u0119 na nas na targach Agrokomplex w Nitrze. Na podstawie szczeg\u00f3\u0142owej rozmowy wsp\u00f3lnie [&hellip;]","og_url":"https:\/\/gardeon.pl\/pl\/blog\/jak-sie-zyje-z-gardeonem-czesc-3\/","og_site_name":"GARDEON","article_published_time":"2026-04-23T15:42:38+00:00","article_modified_time":"2026-04-23T16:44:22+00:00","og_image":[{"width":2560,"height":1920,"url":"http:\/\/gardeon.pl\/wp-content\/uploads\/2020\/09\/GARDEON-foto-od-zakaznikov-30-scaled.jpeg","type":"image\/jpeg"}],"author":"editor","twitter_card":"summary_large_image","twitter_misc":{"Napisane przez":"editor","Szacowany czas czytania":"1 minuta"},"schema":{"@context":"https:\/\/schema.org","@graph":[{"@type":"Article","@id":"https:\/\/gardeon.pl\/pl\/blog\/jak-sie-zyje-z-gardeonem-czesc-3\/#article","isPartOf":{"@id":"https:\/\/gardeon.pl\/pl\/blog\/jak-sie-zyje-z-gardeonem-czesc-3\/"},"author":{"name":"editor","@id":"https:\/\/gardeon.pl\/#\/schema\/person\/a5762ca5f0790bf92774af0899379463"},"headline":"Jak si\u0119 \u017cyje z GARDEONem \u2013 cz\u0119\u015b\u0107 3","datePublished":"2026-04-23T15:42:38+00:00","dateModified":"2026-04-23T16:44:22+00:00","mainEntityOfPage":{"@id":"https:\/\/gardeon.pl\/pl\/blog\/jak-sie-zyje-z-gardeonem-czesc-3\/"},"wordCount":215,"commentCount":0,"image":{"@id":"https:\/\/gardeon.pl\/pl\/blog\/jak-sie-zyje-z-gardeonem-czesc-3\/#primaryimage"},"thumbnailUrl":"https:\/\/gardeon.pl\/wp-content\/uploads\/2020\/09\/GARDEON-foto-od-zakaznikov-30-scaled.jpeg","articleSection":["Domki ogrodowe","Jak si\u0119 \u017cyje z GARDEON"],"inLanguage":"pl-PL","potentialAction":[{"@type":"CommentAction","name":"Comment","target":["https:\/\/gardeon.pl\/pl\/blog\/jak-sie-zyje-z-gardeonem-czesc-3\/#respond"]}]},{"@type":"WebPage","@id":"https:\/\/gardeon.pl\/pl\/blog\/jak-sie-zyje-z-gardeonem-czesc-3\/","url":"https:\/\/gardeon.pl\/pl\/blog\/jak-sie-zyje-z-gardeonem-czesc-3\/","name":"Jak si\u0119 \u017cyje z GARDEONem \u2013 cz\u0119\u015b\u0107 3 | GARDEON","isPartOf":{"@id":"https:\/\/gardeon.pl\/#website"},"primaryImageOfPage":{"@id":"https:\/\/gardeon.pl\/pl\/blog\/jak-sie-zyje-z-gardeonem-czesc-3\/#primaryimage"},"image":{"@id":"https:\/\/gardeon.pl\/pl\/blog\/jak-sie-zyje-z-gardeonem-czesc-3\/#primaryimage"},"thumbnailUrl":"https:\/\/gardeon.pl\/wp-content\/uploads\/2020\/09\/GARDEON-foto-od-zakaznikov-30-scaled.jpeg","datePublished":"2026-04-23T15:42:38+00:00","dateModified":"2026-04-23T16:44:22+00:00","author":{"@id":"https:\/\/gardeon.pl\/#\/schema\/person\/a5762ca5f0790bf92774af0899379463"},"breadcrumb":{"@id":"https:\/\/gardeon.pl\/pl\/blog\/jak-sie-zyje-z-gardeonem-czesc-3\/#breadcrumb"},"inLanguage":"pl-PL","potentialAction":[{"@type":"ReadAction","target":["https:\/\/gardeon.pl\/pl\/blog\/jak-sie-zyje-z-gardeonem-czesc-3\/"]}]},{"@type":"ImageObject","inLanguage":"pl-PL","@id":"https:\/\/gardeon.pl\/pl\/blog\/jak-sie-zyje-z-gardeonem-czesc-3\/#primaryimage","url":"https:\/\/gardeon.pl\/wp-content\/uploads\/2020\/09\/GARDEON-foto-od-zakaznikov-30-scaled.jpeg","contentUrl":"https:\/\/gardeon.pl\/wp-content\/uploads\/2020\/09\/GARDEON-foto-od-zakaznikov-30-scaled.jpeg","width":2560,"height":1920,"caption":"Wn\u0119trze montowanego domku ogrodowego"},{"@type":"BreadcrumbList","@id":"https:\/\/gardeon.pl\/pl\/blog\/jak-sie-zyje-z-gardeonem-czesc-3\/#breadcrumb","itemListElement":[{"@type":"ListItem","position":1,"name":"Domov","item":"https:\/\/gardeon.pl\/pl\/"},{"@type":"ListItem","position":2,"name":"Jak si\u0119 \u017cyje z GARDEONem \u2013 cz\u0119\u015b\u0107 3"}]},{"@type":"WebSite","@id":"https:\/\/gardeon.pl\/#website","url":"https:\/\/gardeon.pl\/","name":"GARDEON","description":"","potentialAction":[{"@type":"SearchAction","target":{"@type":"EntryPoint","urlTemplate":"https:\/\/gardeon.pl\/?s={search_term_string}"},"query-input":{"@type":"PropertyValueSpecification","valueRequired":true,"valueName":"search_term_string"}}],"inLanguage":"pl-PL"},{"@type":"Person","@id":"https:\/\/gardeon.pl\/#\/schema\/person\/a5762ca5f0790bf92774af0899379463","name":"editor","image":{"@type":"ImageObject","inLanguage":"pl-PL","@id":"https:\/\/secure.gravatar.com\/avatar\/2b748151c2c748327307fd289a91b3bdafdd9e64e2d000e65e53d6dcf11c5830?s=96&d=mm&r=g","url":"https:\/\/secure.gravatar.com\/avatar\/2b748151c2c748327307fd289a91b3bdafdd9e64e2d000e65e53d6dcf11c5830?s=96&d=mm&r=g","contentUrl":"https:\/\/secure.gravatar.com\/avatar\/2b748151c2c748327307fd289a91b3bdafdd9e64e2d000e65e53d6dcf11c5830?s=96&d=mm&r=g","caption":"editor"}}]}},"_links":{"self":[{"href":"https:\/\/gardeon.pl\/pl\/wp-json\/wp\/v2\/posts\/48155","targetHints":{"allow":["GET"]}}],"collection":[{"href":"https:\/\/gardeon.pl\/pl\/wp-json\/wp\/v2\/posts"}],"about":[{"href":"https:\/\/gardeon.pl\/pl\/wp-json\/wp\/v2\/types\/post"}],"author":[{"embeddable":true,"href":"https:\/\/gardeon.pl\/pl\/wp-json\/wp\/v2\/users\/2"}],"replies":[{"embeddable":true,"href":"https:\/\/gardeon.pl\/pl\/wp-json\/wp\/v2\/comments?post=48155"}],"version-history":[{"count":0,"href":"https:\/\/gardeon.pl\/pl\/wp-json\/wp\/v2\/posts\/48155\/revisions"}],"wp:featuredmedia":[{"embeddable":true,"href":"https:\/\/gardeon.pl\/pl\/wp-json\/wp\/v2\/media\/48158"}],"wp:attachment":[{"href":"https:\/\/gardeon.pl\/pl\/wp-json\/wp\/v2\/media?parent=48155"}],"wp:term":[{"taxonomy":"category","embeddable":true,"href":"https:\/\/gardeon.pl\/pl\/wp-json\/wp\/v2\/categories?post=48155"},{"taxonomy":"post_tag","embeddable":true,"href":"https:\/\/gardeon.pl\/pl\/wp-json\/wp\/v2\/tags?post=48155"}],"curies":[{"name":"wp","href":"https:\/\/api.w.org\/{rel}","templated":true}]}}