{"id":48174,"date":"2026-04-23T17:42:40","date_gmt":"2026-04-23T15:42:40","guid":{"rendered":"https:\/\/gardeon.pl\/blog\/garaz-na-motocykl-i-artykuly-ogrodowe-4-x-41-m\/"},"modified":"2026-04-23T18:44:22","modified_gmt":"2026-04-23T16:44:22","slug":"garaz-na-motocykl-i-artykuly-ogrodowe-4-x-41-m","status":"publish","type":"post","link":"https:\/\/gardeon.pl\/pl\/blog\/garaz-na-motocykl-i-artykuly-ogrodowe-4-x-41-m\/","title":{"rendered":"Gara\u017c na motocykl i artyku\u0142y ogrodowe 4 x 4,1 m"},"content":{"rendered":"<h2>Jak to wszystko si\u0119 zacz\u0119\u0142o?<\/h2>\n<p><span style=\"font-weight: 400;\">Nasza komunikacja z panem Strap\u00e1\u010dem rozpocz\u0119\u0142a si\u0119 w sierpniu. Potrzebowa\u0142 bezpiecznego miejsca do parkowania motocykla i przechowywania artyku\u0142\u00f3w ogrodowych. Na pocz\u0105tku wsp\u00f3lnie omawiali\u015bmy mo\u017cliwo\u015bci przygotowania pod\u0142o\u017ca pod konstrukcj\u0119 oraz dokumenty niezb\u0119dne do zg\u0142oszenia w urz\u0119dzie budowlanym. Pan Strap\u00e1\u010d chcia\u0142 przede wszystkim wykorzystywa\u0107 konstrukcj\u0119 ogrodow\u0105 jako miejsce parkingowe dla motocykla, dlatego wsp\u00f3lnie uznali\u015bmy, \u017ce magazyn ogrodowy musi mie\u0107 bram\u0119 gara\u017cow\u0105 bez progu. Z boku zaproponowali\u015bmy jednak r\u00f3wnie\u017c mniejsze drzwi, kt\u00f3re pan Strap\u00e1\u010d doceni zw\u0142aszcza wtedy, gdy b\u0119dzie potrzebowa\u0142 szybko co\u015b zabra\u0107 z domku i nie b\u0119dzie musia\u0142 otwiera\u0107 bramy gara\u017cowej. Na bocznej \u015bcianie magazynu umie\u015bcili\u015bmy tak\u017ce mniejsze okno, przez kt\u00f3re do wn\u0119trza konstrukcji wpada wystarczaj\u0105ca ilo\u015b\u0107 naturalnego \u015bwiat\u0142a.     <\/span><\/p>\n<h3>Opinia tu\u017c po monta\u017cu<\/h3>\n<p><i><span style=\"font-weight: 400;\">\u201eWszystko super, nie mam zastrze\u017ce\u0144, gara\u017c nie zosta\u0142 jeszcze sprawdzony przez czas, zobaczymy\u2026\u201d<\/span><\/i><\/p>\n<h2>A jakie s\u0105 ich wra\u017cenia po pewnym czasie?<\/h2>\n<p><i><span style=\"font-weight: 400;\">\u201eNale\u017c\u0119 do zadowolonych klient\u00f3w. Konstrukcja i jej format, wykonanie w pe\u0142ni spe\u0142ni\u0142y i nadal spe\u0142niaj\u0105 swoje przeznaczenie jako przestrze\u0144 magazynowa na materia\u0142y ogrodowe. Konstrukcja wkomponowa\u0142a si\u0119 w koloryt domu i ogrodu. Swoim wygl\u0105dem, wykonaniem i umiejscowieniem. Funkcjonalno\u015b\u0107 domku ogrodowego jest w pe\u0142ni zadowalaj\u0105ca i ponownie wyra\u017cam swoje zadowolenie. Chcia\u0142bym podkre\u015bli\u0107, \u017ce ze strony wykonawcy komunikacja by\u0142a bardzo profesjonalna i przyjazna.\u201d     <\/span><\/i><\/p>\n<h3>Zdj\u0119cia cz\u0119\u015bci zewn\u0119trznej<\/h3>\n<p><img loading=\"lazy\" decoding=\"async\" class=\"aligncenter size-full wp-image-27946\" src=\"http:\/\/gardeon.pl\/wp-content\/uploads\/2020\/09\/GARDEON-foto-od-zakaznikov-39.jpeg\" alt=\"Magazyn ogrodowy w ogrodzie\" width=\"800\" height=\"1067\" srcset=\"https:\/\/gardeon.pl\/wp-content\/uploads\/2020\/09\/GARDEON-foto-od-zakaznikov-39.jpeg 800w, https:\/\/gardeon.pl\/wp-content\/uploads\/2020\/09\/GARDEON-foto-od-zakaznikov-39-225x300.jpeg 225w, https:\/\/gardeon.pl\/wp-content\/uploads\/2020\/09\/GARDEON-foto-od-zakaznikov-39-768x1024.jpeg 768w\" sizes=\"auto, (max-width: 800px) 100vw, 800px\" \/><\/p>\n<p><img loading=\"lazy\" decoding=\"async\" class=\"aligncenter size-full wp-image-27948\" src=\"http:\/\/gardeon.pl\/wp-content\/uploads\/2020\/09\/GARDEON-foto-od-zakaznikov-40.jpg\" alt=\"Boczna strona magazynu ogrodowego\" width=\"800\" height=\"600\" srcset=\"https:\/\/gardeon.pl\/wp-content\/uploads\/2020\/09\/GARDEON-foto-od-zakaznikov-40.jpg 800w, https:\/\/gardeon.pl\/wp-content\/uploads\/2020\/09\/GARDEON-foto-od-zakaznikov-40-300x225.jpg 300w, https:\/\/gardeon.pl\/wp-content\/uploads\/2020\/09\/GARDEON-foto-od-zakaznikov-40-768x576.jpg 768w\" sizes=\"auto, (max-width: 800px) 100vw, 800px\" \/><\/p>\n<h3>Zdj\u0119cia cz\u0119\u015bci wewn\u0119trznej<\/h3>\n<p><img loading=\"lazy\" decoding=\"async\" class=\"aligncenter size-full wp-image-27950\" src=\"http:\/\/gardeon.pl\/wp-content\/uploads\/2020\/09\/GARDEON-foto-od-zakaznikov-41.jpg\" alt=\"Wn\u0119trze montowanego magazynu\" width=\"800\" height=\"600\" srcset=\"https:\/\/gardeon.pl\/wp-content\/uploads\/2020\/09\/GARDEON-foto-od-zakaznikov-41.jpg 800w, https:\/\/gardeon.pl\/wp-content\/uploads\/2020\/09\/GARDEON-foto-od-zakaznikov-41-300x225.jpg 300w, https:\/\/gardeon.pl\/wp-content\/uploads\/2020\/09\/GARDEON-foto-od-zakaznikov-41-768x576.jpg 768w\" sizes=\"auto, (max-width: 800px) 100vw, 800px\" \/><\/p>\n<p><img loading=\"lazy\" decoding=\"async\" class=\"aligncenter size-full wp-image-27952\" src=\"http:\/\/gardeon.pl\/wp-content\/uploads\/2020\/09\/GARDEON-foto-od-zakaznikov-42.jpg\" alt=\"Magazyn ogrodowy w kolorze bia\u0142ym\" width=\"800\" height=\"600\" srcset=\"https:\/\/gardeon.pl\/wp-content\/uploads\/2020\/09\/GARDEON-foto-od-zakaznikov-42.jpg 800w, https:\/\/gardeon.pl\/wp-content\/uploads\/2020\/09\/GARDEON-foto-od-zakaznikov-42-300x225.jpg 300w, https:\/\/gardeon.pl\/wp-content\/uploads\/2020\/09\/GARDEON-foto-od-zakaznikov-42-768x576.jpg 768w\" sizes=\"auto, (max-width: 800px) 100vw, 800px\" \/><\/p>\n<h2>Podsumowanie<\/h2>\n<ul>\n<li style=\"font-weight: 400;\" aria-level=\"1\"><span style=\"font-weight: 400;\">czas budowy \u2013 3 godziny<\/span><\/li>\n<li style=\"font-weight: 400;\" aria-level=\"1\"><span style=\"font-weight: 400;\">wymiar domku ogrodowego \u2013 4 000 x 4 100 mm<\/span><\/li>\n<li style=\"font-weight: 400;\" aria-level=\"1\"><span style=\"font-weight: 400;\">cena domku ogrodowego w momencie zam\u00f3wienia \u2013 ok. 100 000 CZK z VAT<\/span><\/li>\n<\/ul>\n<p><span style=\"font-weight: 400;\"> <\/span><\/p>\n<h3 style=\"text-align: center;\">Za opini\u0119 i zdj\u0119cia dzi\u0119kujemy panu Strap\u00e1\u010dowi :)<\/h3>\n","protected":false},"excerpt":{"rendered":"<p>Jak to wszystko si\u0119 zacz\u0119\u0142o? Nasza komunikacja z panem Strap\u00e1\u010dem rozpocz\u0119\u0142a si\u0119 w sierpniu. Potrzebowa\u0142 bezpiecznego miejsca do parkowania motocykla i przechowywania artyku\u0142\u00f3w ogrodowych. Na pocz\u0105tku wsp\u00f3lnie omawiali\u015bmy mo\u017cliwo\u015bci przygotowania pod\u0142o\u017ca pod konstrukcj\u0119 oraz dokumenty niezb\u0119dne do zg\u0142oszenia w urz\u0119dzie budowlanym. Pan Strap\u00e1\u010d chcia\u0142 przede wszystkim wykorzystywa\u0107 konstrukcj\u0119 ogrodow\u0105 jako miejsce parkingowe dla motocykla, dlatego [&hellip;]<\/p>\n","protected":false},"author":2,"featured_media":48177,"comment_status":"open","ping_status":"open","sticky":false,"template":"","format":"standard","meta":{"_acf_changed":false,"inline_featured_image":false,"footnotes":""},"categories":[770,716],"tags":[],"class_list":["post-48174","post","type-post","status-publish","format-standard","has-post-thumbnail","hentry","category-garaze","category-jak-sie-zyje-z-gardeon"],"acf":[],"yoast_head":"<!-- This site is optimized with the Yoast SEO plugin v27.4 - https:\/\/yoast.com\/product\/yoast-seo-wordpress\/ -->\n<title>Gara\u017c na motocykl i artyku\u0142y ogrodowe 4 x 4,1 m | GARDEON<\/title>\n<meta name=\"robots\" content=\"index, follow, max-snippet:-1, max-image-preview:large, max-video-preview:-1\" \/>\n<link rel=\"canonical\" href=\"https:\/\/gardeon.pl\/pl\/blog\/garaz-na-motocykl-i-artykuly-ogrodowe-4-x-41-m\/\" \/>\n<meta property=\"og:locale\" content=\"pl_PL\" \/>\n<meta property=\"og:type\" content=\"article\" \/>\n<meta property=\"og:title\" content=\"Gara\u017c na motocykl i artyku\u0142y ogrodowe 4 x 4,1 m | GARDEON\" \/>\n<meta property=\"og:description\" content=\"Jak to wszystko si\u0119 zacz\u0119\u0142o? Nasza komunikacja z panem Strap\u00e1\u010dem rozpocz\u0119\u0142a si\u0119 w sierpniu. Potrzebowa\u0142 bezpiecznego miejsca do parkowania motocykla i przechowywania artyku\u0142\u00f3w ogrodowych. Na pocz\u0105tku wsp\u00f3lnie omawiali\u015bmy mo\u017cliwo\u015bci przygotowania pod\u0142o\u017ca pod konstrukcj\u0119 oraz dokumenty niezb\u0119dne do zg\u0142oszenia w urz\u0119dzie budowlanym. Pan Strap\u00e1\u010d chcia\u0142 przede wszystkim wykorzystywa\u0107 konstrukcj\u0119 ogrodow\u0105 jako miejsce parkingowe dla motocykla, dlatego [&hellip;]\" \/>\n<meta property=\"og:url\" content=\"https:\/\/gardeon.pl\/pl\/blog\/garaz-na-motocykl-i-artykuly-ogrodowe-4-x-41-m\/\" \/>\n<meta property=\"og:site_name\" content=\"GARDEON\" \/>\n<meta property=\"article:published_time\" content=\"2026-04-23T15:42:40+00:00\" \/>\n<meta property=\"article:modified_time\" content=\"2026-04-23T16:44:22+00:00\" \/>\n<meta property=\"og:image\" content=\"http:\/\/gardeon.pl\/wp-content\/uploads\/2020\/09\/GARDEON-foto-od-zakaznikov-41.jpg\" \/>\n\t<meta property=\"og:image:width\" content=\"800\" \/>\n\t<meta property=\"og:image:height\" content=\"600\" \/>\n\t<meta property=\"og:image:type\" content=\"image\/jpeg\" \/>\n<meta name=\"author\" content=\"editor\" \/>\n<meta name=\"twitter:card\" content=\"summary_large_image\" \/>\n<meta name=\"twitter:label1\" content=\"Napisane przez\" \/>\n\t<meta name=\"twitter:data1\" content=\"editor\" \/>\n\t<meta name=\"twitter:label2\" content=\"Szacowany czas czytania\" \/>\n\t<meta name=\"twitter:data2\" content=\"1 minuta\" \/>\n<script type=\"application\/ld+json\" class=\"yoast-schema-graph\">{\"@context\":\"https:\\\/\\\/schema.org\",\"@graph\":[{\"@type\":\"Article\",\"@id\":\"https:\\\/\\\/gardeon.pl\\\/pl\\\/blog\\\/garaz-na-motocykl-i-artykuly-ogrodowe-4-x-41-m\\\/#article\",\"isPartOf\":{\"@id\":\"https:\\\/\\\/gardeon.pl\\\/pl\\\/blog\\\/garaz-na-motocykl-i-artykuly-ogrodowe-4-x-41-m\\\/\"},\"author\":{\"name\":\"editor\",\"@id\":\"https:\\\/\\\/gardeon.pl\\\/#\\\/schema\\\/person\\\/a5762ca5f0790bf92774af0899379463\"},\"headline\":\"Gara\u017c na motocykl i artyku\u0142y ogrodowe 4 x 4,1 m\",\"datePublished\":\"2026-04-23T15:42:40+00:00\",\"dateModified\":\"2026-04-23T16:44:22+00:00\",\"mainEntityOfPage\":{\"@id\":\"https:\\\/\\\/gardeon.pl\\\/pl\\\/blog\\\/garaz-na-motocykl-i-artykuly-ogrodowe-4-x-41-m\\\/\"},\"wordCount\":296,\"commentCount\":0,\"image\":{\"@id\":\"https:\\\/\\\/gardeon.pl\\\/pl\\\/blog\\\/garaz-na-motocykl-i-artykuly-ogrodowe-4-x-41-m\\\/#primaryimage\"},\"thumbnailUrl\":\"https:\\\/\\\/gardeon.pl\\\/wp-content\\\/uploads\\\/2020\\\/09\\\/GARDEON-foto-od-zakaznikov-41.jpg\",\"articleSection\":[\"Gara\u017ce\",\"Jak si\u0119 \u017cyje z GARDEON\"],\"inLanguage\":\"pl-PL\",\"potentialAction\":[{\"@type\":\"CommentAction\",\"name\":\"Comment\",\"target\":[\"https:\\\/\\\/gardeon.pl\\\/pl\\\/blog\\\/garaz-na-motocykl-i-artykuly-ogrodowe-4-x-41-m\\\/#respond\"]}]},{\"@type\":\"WebPage\",\"@id\":\"https:\\\/\\\/gardeon.pl\\\/pl\\\/blog\\\/garaz-na-motocykl-i-artykuly-ogrodowe-4-x-41-m\\\/\",\"url\":\"https:\\\/\\\/gardeon.pl\\\/pl\\\/blog\\\/garaz-na-motocykl-i-artykuly-ogrodowe-4-x-41-m\\\/\",\"name\":\"Gara\u017c na motocykl i artyku\u0142y ogrodowe 4 x 4,1 m | GARDEON\",\"isPartOf\":{\"@id\":\"https:\\\/\\\/gardeon.pl\\\/#website\"},\"primaryImageOfPage\":{\"@id\":\"https:\\\/\\\/gardeon.pl\\\/pl\\\/blog\\\/garaz-na-motocykl-i-artykuly-ogrodowe-4-x-41-m\\\/#primaryimage\"},\"image\":{\"@id\":\"https:\\\/\\\/gardeon.pl\\\/pl\\\/blog\\\/garaz-na-motocykl-i-artykuly-ogrodowe-4-x-41-m\\\/#primaryimage\"},\"thumbnailUrl\":\"https:\\\/\\\/gardeon.pl\\\/wp-content\\\/uploads\\\/2020\\\/09\\\/GARDEON-foto-od-zakaznikov-41.jpg\",\"datePublished\":\"2026-04-23T15:42:40+00:00\",\"dateModified\":\"2026-04-23T16:44:22+00:00\",\"author\":{\"@id\":\"https:\\\/\\\/gardeon.pl\\\/#\\\/schema\\\/person\\\/a5762ca5f0790bf92774af0899379463\"},\"breadcrumb\":{\"@id\":\"https:\\\/\\\/gardeon.pl\\\/pl\\\/blog\\\/garaz-na-motocykl-i-artykuly-ogrodowe-4-x-41-m\\\/#breadcrumb\"},\"inLanguage\":\"pl-PL\",\"potentialAction\":[{\"@type\":\"ReadAction\",\"target\":[\"https:\\\/\\\/gardeon.pl\\\/pl\\\/blog\\\/garaz-na-motocykl-i-artykuly-ogrodowe-4-x-41-m\\\/\"]}]},{\"@type\":\"ImageObject\",\"inLanguage\":\"pl-PL\",\"@id\":\"https:\\\/\\\/gardeon.pl\\\/pl\\\/blog\\\/garaz-na-motocykl-i-artykuly-ogrodowe-4-x-41-m\\\/#primaryimage\",\"url\":\"https:\\\/\\\/gardeon.pl\\\/wp-content\\\/uploads\\\/2020\\\/09\\\/GARDEON-foto-od-zakaznikov-41.jpg\",\"contentUrl\":\"https:\\\/\\\/gardeon.pl\\\/wp-content\\\/uploads\\\/2020\\\/09\\\/GARDEON-foto-od-zakaznikov-41.jpg\",\"width\":800,\"height\":600,\"caption\":\"Wn\u0119trze montowanego magazynu\"},{\"@type\":\"BreadcrumbList\",\"@id\":\"https:\\\/\\\/gardeon.pl\\\/pl\\\/blog\\\/garaz-na-motocykl-i-artykuly-ogrodowe-4-x-41-m\\\/#breadcrumb\",\"itemListElement\":[{\"@type\":\"ListItem\",\"position\":1,\"name\":\"Domov\",\"item\":\"https:\\\/\\\/gardeon.pl\\\/pl\\\/\"},{\"@type\":\"ListItem\",\"position\":2,\"name\":\"Gara\u017c na motocykl i artyku\u0142y ogrodowe 4 x 4,1 m\"}]},{\"@type\":\"WebSite\",\"@id\":\"https:\\\/\\\/gardeon.pl\\\/#website\",\"url\":\"https:\\\/\\\/gardeon.pl\\\/\",\"name\":\"GARDEON\",\"description\":\"\",\"potentialAction\":[{\"@type\":\"SearchAction\",\"target\":{\"@type\":\"EntryPoint\",\"urlTemplate\":\"https:\\\/\\\/gardeon.pl\\\/?s={search_term_string}\"},\"query-input\":{\"@type\":\"PropertyValueSpecification\",\"valueRequired\":true,\"valueName\":\"search_term_string\"}}],\"inLanguage\":\"pl-PL\"},{\"@type\":\"Person\",\"@id\":\"https:\\\/\\\/gardeon.pl\\\/#\\\/schema\\\/person\\\/a5762ca5f0790bf92774af0899379463\",\"name\":\"editor\",\"image\":{\"@type\":\"ImageObject\",\"inLanguage\":\"pl-PL\",\"@id\":\"https:\\\/\\\/secure.gravatar.com\\\/avatar\\\/2b748151c2c748327307fd289a91b3bdafdd9e64e2d000e65e53d6dcf11c5830?s=96&d=mm&r=g\",\"url\":\"https:\\\/\\\/secure.gravatar.com\\\/avatar\\\/2b748151c2c748327307fd289a91b3bdafdd9e64e2d000e65e53d6dcf11c5830?s=96&d=mm&r=g\",\"contentUrl\":\"https:\\\/\\\/secure.gravatar.com\\\/avatar\\\/2b748151c2c748327307fd289a91b3bdafdd9e64e2d000e65e53d6dcf11c5830?s=96&d=mm&r=g\",\"caption\":\"editor\"}}]}<\/script>\n<!-- \/ Yoast SEO plugin. -->","yoast_head_json":{"title":"Gara\u017c na motocykl i artyku\u0142y ogrodowe 4 x 4,1 m | GARDEON","robots":{"index":"index","follow":"follow","max-snippet":"max-snippet:-1","max-image-preview":"max-image-preview:large","max-video-preview":"max-video-preview:-1"},"canonical":"https:\/\/gardeon.pl\/pl\/blog\/garaz-na-motocykl-i-artykuly-ogrodowe-4-x-41-m\/","og_locale":"pl_PL","og_type":"article","og_title":"Gara\u017c na motocykl i artyku\u0142y ogrodowe 4 x 4,1 m | GARDEON","og_description":"Jak to wszystko si\u0119 zacz\u0119\u0142o? Nasza komunikacja z panem Strap\u00e1\u010dem rozpocz\u0119\u0142a si\u0119 w sierpniu. Potrzebowa\u0142 bezpiecznego miejsca do parkowania motocykla i przechowywania artyku\u0142\u00f3w ogrodowych. Na pocz\u0105tku wsp\u00f3lnie omawiali\u015bmy mo\u017cliwo\u015bci przygotowania pod\u0142o\u017ca pod konstrukcj\u0119 oraz dokumenty niezb\u0119dne do zg\u0142oszenia w urz\u0119dzie budowlanym. Pan Strap\u00e1\u010d chcia\u0142 przede wszystkim wykorzystywa\u0107 konstrukcj\u0119 ogrodow\u0105 jako miejsce parkingowe dla motocykla, dlatego [&hellip;]","og_url":"https:\/\/gardeon.pl\/pl\/blog\/garaz-na-motocykl-i-artykuly-ogrodowe-4-x-41-m\/","og_site_name":"GARDEON","article_published_time":"2026-04-23T15:42:40+00:00","article_modified_time":"2026-04-23T16:44:22+00:00","og_image":[{"width":800,"height":600,"url":"http:\/\/gardeon.pl\/wp-content\/uploads\/2020\/09\/GARDEON-foto-od-zakaznikov-41.jpg","type":"image\/jpeg"}],"author":"editor","twitter_card":"summary_large_image","twitter_misc":{"Napisane przez":"editor","Szacowany czas czytania":"1 minuta"},"schema":{"@context":"https:\/\/schema.org","@graph":[{"@type":"Article","@id":"https:\/\/gardeon.pl\/pl\/blog\/garaz-na-motocykl-i-artykuly-ogrodowe-4-x-41-m\/#article","isPartOf":{"@id":"https:\/\/gardeon.pl\/pl\/blog\/garaz-na-motocykl-i-artykuly-ogrodowe-4-x-41-m\/"},"author":{"name":"editor","@id":"https:\/\/gardeon.pl\/#\/schema\/person\/a5762ca5f0790bf92774af0899379463"},"headline":"Gara\u017c na motocykl i artyku\u0142y ogrodowe 4 x 4,1 m","datePublished":"2026-04-23T15:42:40+00:00","dateModified":"2026-04-23T16:44:22+00:00","mainEntityOfPage":{"@id":"https:\/\/gardeon.pl\/pl\/blog\/garaz-na-motocykl-i-artykuly-ogrodowe-4-x-41-m\/"},"wordCount":296,"commentCount":0,"image":{"@id":"https:\/\/gardeon.pl\/pl\/blog\/garaz-na-motocykl-i-artykuly-ogrodowe-4-x-41-m\/#primaryimage"},"thumbnailUrl":"https:\/\/gardeon.pl\/wp-content\/uploads\/2020\/09\/GARDEON-foto-od-zakaznikov-41.jpg","articleSection":["Gara\u017ce","Jak si\u0119 \u017cyje z GARDEON"],"inLanguage":"pl-PL","potentialAction":[{"@type":"CommentAction","name":"Comment","target":["https:\/\/gardeon.pl\/pl\/blog\/garaz-na-motocykl-i-artykuly-ogrodowe-4-x-41-m\/#respond"]}]},{"@type":"WebPage","@id":"https:\/\/gardeon.pl\/pl\/blog\/garaz-na-motocykl-i-artykuly-ogrodowe-4-x-41-m\/","url":"https:\/\/gardeon.pl\/pl\/blog\/garaz-na-motocykl-i-artykuly-ogrodowe-4-x-41-m\/","name":"Gara\u017c na motocykl i artyku\u0142y ogrodowe 4 x 4,1 m | GARDEON","isPartOf":{"@id":"https:\/\/gardeon.pl\/#website"},"primaryImageOfPage":{"@id":"https:\/\/gardeon.pl\/pl\/blog\/garaz-na-motocykl-i-artykuly-ogrodowe-4-x-41-m\/#primaryimage"},"image":{"@id":"https:\/\/gardeon.pl\/pl\/blog\/garaz-na-motocykl-i-artykuly-ogrodowe-4-x-41-m\/#primaryimage"},"thumbnailUrl":"https:\/\/gardeon.pl\/wp-content\/uploads\/2020\/09\/GARDEON-foto-od-zakaznikov-41.jpg","datePublished":"2026-04-23T15:42:40+00:00","dateModified":"2026-04-23T16:44:22+00:00","author":{"@id":"https:\/\/gardeon.pl\/#\/schema\/person\/a5762ca5f0790bf92774af0899379463"},"breadcrumb":{"@id":"https:\/\/gardeon.pl\/pl\/blog\/garaz-na-motocykl-i-artykuly-ogrodowe-4-x-41-m\/#breadcrumb"},"inLanguage":"pl-PL","potentialAction":[{"@type":"ReadAction","target":["https:\/\/gardeon.pl\/pl\/blog\/garaz-na-motocykl-i-artykuly-ogrodowe-4-x-41-m\/"]}]},{"@type":"ImageObject","inLanguage":"pl-PL","@id":"https:\/\/gardeon.pl\/pl\/blog\/garaz-na-motocykl-i-artykuly-ogrodowe-4-x-41-m\/#primaryimage","url":"https:\/\/gardeon.pl\/wp-content\/uploads\/2020\/09\/GARDEON-foto-od-zakaznikov-41.jpg","contentUrl":"https:\/\/gardeon.pl\/wp-content\/uploads\/2020\/09\/GARDEON-foto-od-zakaznikov-41.jpg","width":800,"height":600,"caption":"Wn\u0119trze montowanego magazynu"},{"@type":"BreadcrumbList","@id":"https:\/\/gardeon.pl\/pl\/blog\/garaz-na-motocykl-i-artykuly-ogrodowe-4-x-41-m\/#breadcrumb","itemListElement":[{"@type":"ListItem","position":1,"name":"Domov","item":"https:\/\/gardeon.pl\/pl\/"},{"@type":"ListItem","position":2,"name":"Gara\u017c na motocykl i artyku\u0142y ogrodowe 4 x 4,1 m"}]},{"@type":"WebSite","@id":"https:\/\/gardeon.pl\/#website","url":"https:\/\/gardeon.pl\/","name":"GARDEON","description":"","potentialAction":[{"@type":"SearchAction","target":{"@type":"EntryPoint","urlTemplate":"https:\/\/gardeon.pl\/?s={search_term_string}"},"query-input":{"@type":"PropertyValueSpecification","valueRequired":true,"valueName":"search_term_string"}}],"inLanguage":"pl-PL"},{"@type":"Person","@id":"https:\/\/gardeon.pl\/#\/schema\/person\/a5762ca5f0790bf92774af0899379463","name":"editor","image":{"@type":"ImageObject","inLanguage":"pl-PL","@id":"https:\/\/secure.gravatar.com\/avatar\/2b748151c2c748327307fd289a91b3bdafdd9e64e2d000e65e53d6dcf11c5830?s=96&d=mm&r=g","url":"https:\/\/secure.gravatar.com\/avatar\/2b748151c2c748327307fd289a91b3bdafdd9e64e2d000e65e53d6dcf11c5830?s=96&d=mm&r=g","contentUrl":"https:\/\/secure.gravatar.com\/avatar\/2b748151c2c748327307fd289a91b3bdafdd9e64e2d000e65e53d6dcf11c5830?s=96&d=mm&r=g","caption":"editor"}}]}},"_links":{"self":[{"href":"https:\/\/gardeon.pl\/pl\/wp-json\/wp\/v2\/posts\/48174","targetHints":{"allow":["GET"]}}],"collection":[{"href":"https:\/\/gardeon.pl\/pl\/wp-json\/wp\/v2\/posts"}],"about":[{"href":"https:\/\/gardeon.pl\/pl\/wp-json\/wp\/v2\/types\/post"}],"author":[{"embeddable":true,"href":"https:\/\/gardeon.pl\/pl\/wp-json\/wp\/v2\/users\/2"}],"replies":[{"embeddable":true,"href":"https:\/\/gardeon.pl\/pl\/wp-json\/wp\/v2\/comments?post=48174"}],"version-history":[{"count":0,"href":"https:\/\/gardeon.pl\/pl\/wp-json\/wp\/v2\/posts\/48174\/revisions"}],"wp:featuredmedia":[{"embeddable":true,"href":"https:\/\/gardeon.pl\/pl\/wp-json\/wp\/v2\/media\/48177"}],"wp:attachment":[{"href":"https:\/\/gardeon.pl\/pl\/wp-json\/wp\/v2\/media?parent=48174"}],"wp:term":[{"taxonomy":"category","embeddable":true,"href":"https:\/\/gardeon.pl\/pl\/wp-json\/wp\/v2\/categories?post=48174"},{"taxonomy":"post_tag","embeddable":true,"href":"https:\/\/gardeon.pl\/pl\/wp-json\/wp\/v2\/tags?post=48174"}],"curies":[{"name":"wp","href":"https:\/\/api.w.org\/{rel}","templated":true}]}}