{"id":48184,"date":"2026-04-23T17:42:41","date_gmt":"2026-04-23T15:42:41","guid":{"rendered":"https:\/\/gardeon.pl\/blog\/przygotuj-samodzielnie-podloze-pod-wiate-w-jeden-weekend\/"},"modified":"2026-04-23T18:44:21","modified_gmt":"2026-04-23T16:44:21","slug":"przygotuj-samodzielnie-podloze-pod-wiate-w-jeden-weekend","status":"publish","type":"post","link":"https:\/\/gardeon.pl\/pl\/blog\/przygotuj-samodzielnie-podloze-pod-wiate-w-jeden-weekend\/","title":{"rendered":"Przygotuj samodzielnie pod\u0142o\u017ce pod wiat\u0119 w jeden weekend"},"content":{"rendered":"<p><i><span style=\"font-weight: 400;\">Brakuje Pa\u0144stwu miejsca do parkowania w gara\u017cu? Zdecydowali si\u0119 Pa\u0144stwo dobudowa\u0107 do niego wiat\u0119. I cho\u0107 nie chroni ona pojazdu tak niezawodnie jak <\/span><\/i><a href=\"https:\/\/gardeon.pl\/pl\/garaze\/\"><i><span style=\"font-weight: 400;\">gara\u017c<\/span><\/i><\/a><i><span style=\"font-weight: 400;\">, z pewno\u015bci\u0105 bezpieczniej jest parkowa\u0107 pod dachem. Dzi\u0119ki wype\u0142nieniu jednej lub dw\u00f3ch \u015bcian mo\u017cna nawet ograniczy\u0107 wp\u0142yw niesprzyjaj\u0105cych warunk\u00f3w atmosferycznych. Od czego zacz\u0105\u0107? Dos\u0142ownie od fundament\u00f3w.<\/span><\/i><\/p>\n<p><!--more--><\/p>\n<p><i><span style=\"font-weight: 400;\">Wykonanie pod\u0142o\u017ca pod tak\u0105 konstrukcj\u0119 nie jest tak wymagaj\u0105ce, jak mo\u017ce si\u0119 wydawa\u0107 na pierwszy rzut oka. Zd\u0105\u017c\u0105 Pa\u0144stwo w jeden weekend, je\u015bli materia\u0142 jest dost\u0119pny. Zapraszamy do zapoznania si\u0119 z nasz\u0105 prost\u0105 instrukcj\u0105, kt\u00f3ra pomo\u017ce zaoszcz\u0119dzi\u0107 czas i pieni\u0105dze. Te same zasady i podobny spos\u00f3b post\u0119powania mo\u017cna wykorzysta\u0107 r\u00f3wnie\u017c przy <\/span><\/i><a href=\"https:\/\/gardeon.pl\/pl\/blog\/jak-przygotowac-fundamenty-pod-budowe-garazu\/\"><i><span style=\"font-weight: 400;\">tworzeniu pod\u0142o\u017ca pod gara\u017c modu\u0142owy<\/span><\/i><\/a><i><span style=\"font-weight: 400;\"> lub domek ogrodowy.<\/span><\/i><\/p>\n<p><img loading=\"lazy\" decoding=\"async\" class=\"aligncenter wp-image-31003\" src=\"http:\/\/gardeon.pl\/wp-content\/uploads\/2021\/02\/gardeon-pristresok-pre-dve-auta-36.jpg\" alt=\"Zadowoleni klienci z monterem pod wiat\u0105\" width=\"800\" height=\"533\" srcset=\"https:\/\/gardeon.pl\/wp-content\/uploads\/2021\/02\/gardeon-pristresok-pre-dve-auta-36.jpg 2000w, https:\/\/gardeon.pl\/wp-content\/uploads\/2021\/02\/gardeon-pristresok-pre-dve-auta-36-300x200.jpg 300w, https:\/\/gardeon.pl\/wp-content\/uploads\/2021\/02\/gardeon-pristresok-pre-dve-auta-36-1024x682.jpg 1024w, https:\/\/gardeon.pl\/wp-content\/uploads\/2021\/02\/gardeon-pristresok-pre-dve-auta-36-768x512.jpg 768w, https:\/\/gardeon.pl\/wp-content\/uploads\/2021\/02\/gardeon-pristresok-pre-dve-auta-36-1536x1024.jpg 1536w\" sizes=\"auto, (max-width: 800px) 100vw, 800px\" \/><\/p>\n<p><span style=\"font-weight: 400;\">Aby fundamenty by\u0142y naprawd\u0119 solidne, <\/span><a href=\"https:\/\/gardeon.pl\/pl\/wiaty\/uslugi-dla-wiat\/co-przygotowac-przed-montazem\/\"><span style=\"font-weight: 400;\">nale\u017cy przestrzega\u0107 kilku zasad<\/span><\/a><span style=\"font-weight: 400;\">:<\/span><\/p>\n<ol>\n<li style=\"font-weight: 400;\" aria-level=\"1\"><span style=\"font-weight: 400;\">Upewnij si\u0119, \u017ce pod\u0142o\u017ce jest rzeczywi\u015bcie poziomo u\u0142o\u017cone za pomoc\u0105 poziomnicy.<\/span><\/li>\n<li style=\"font-weight: 400;\" aria-level=\"1\"><span style=\"font-weight: 400;\">Zadbaj o to, aby pod\u0142o\u017ce by\u0142o z ka\u017cdej strony szersze o co najmniej 5 cm ni\u017c sama konstrukcja, w tym przypadku wiata.<\/span><\/li>\n<li style=\"font-weight: 400;\" aria-level=\"1\"><span style=\"font-weight: 400;\">Pracuj raczej wolniej, ale precyzyjnie. Mimo to wystarczy tylko jeden weekend. <\/span><\/li>\n<\/ol>\n<p><span style=\"font-weight: 400;\">Zasady pracy wyja\u015bnili\u015bmy, przyjrzyjmy si\u0119 wi\u0119c wsp\u00f3lnie, <\/span><a href=\"https:\/\/gardeon.pl\/pl\/domki-ogrodowe-na-narzedzia\/jak-wybrac-domek-ogrodowy\/co-przygotowac-przed-montazem\/\"><span style=\"font-weight: 400;\">jak w\u0142a\u015bciwie to zrobi\u0107<\/span><\/a><span style=\"font-weight: 400;\">.<\/span><\/p>\n<p><span style=\"font-weight: 400;\">Jaki materia\u0142 zastosowa\u0107? To zale\u017cy od wymaga\u0144 i bud\u017cetu. Maj\u0105 Pa\u0144stwo kilka mo\u017cliwo\u015bci. Najta\u0144sze s\u0105 bloczki betonowe po obwodzie wiaty. Dla \u0142adniejszego efektu mo\u017cna je uzupe\u0142ni\u0107 kostk\u0105 brukow\u0105. Bardziej wymagaj\u0105cym polecamy jednak wieniec betonowy po obwodzie wiaty lub p\u0142yt\u0119 betonow\u0105, kt\u00f3ra pokryje ca\u0142\u0105 powierzchni\u0119.     <\/span><\/p>\n<h2 style=\"text-align: center;\">1. Wyb\u00f3r i przygotowanie przestrzeni w pi\u0105tek wieczorem<\/h2>\n<p><span style=\"font-weight: 400;\">Zacznij od <\/span><a href=\"https:\/\/gardeon.pl\/pl\/wiaty\/jak-wybrac-wiate\/jak-duza-powinna-byc-wiata\/\"><span style=\"font-weight: 400;\">wyboru miejsca<\/span><\/a><span style=\"font-weight: 400;\">, w kt\u00f3rym b\u0119dzie sta\u0142a wiata modu\u0142owa. Je\u015bli zdecydujesz si\u0119 na przestrze\u0144 przy gara\u017cu, zyskasz od razu dodatkow\u0105 \u015bcian\u0119. Wiat\u0119 mo\u017cna jednak postawi\u0107 praktycznie wsz\u0119dzie tam, gdzie mo\u017cna wyr\u00f3wna\u0107 pod\u0142o\u017ce. Oczywi\u015bcie konstrukcja musi by\u0107 (jak w przypadku domku czy gara\u017cu) umieszczona co najmniej 2 m od wsp\u00f3lnych granic dzia\u0142ek z s\u0105siadami, ewentualnie odleg\u0142o\u015b\u0107 od ogrodzenia nale\u017cy skonsultowa\u0107 w urz\u0119dzie budowlanym.<\/span><\/p>\n<p><img loading=\"lazy\" decoding=\"async\" class=\"wp-image-27407 aligncenter\" src=\"http:\/\/gardeon.pl\/wp-content\/uploads\/2020\/07\/Pl%C3%A1novanie-projektu-2.png\" alt=\"Planowanie projektu\" width=\"800\" height=\"450\"><\/p>\n<p><span style=\"font-weight: 400;\">Wyznacz to miejsce na ca\u0142ym obwodzie, np. za pomoc\u0105 sznurka. Do zakotwiczenia pos\u0142u\u017c\u0105 drewniane ko\u0142ki. Aby wyznaczy\u0107 przestrze\u0144, wykop d\u00f3\u0142 fundamentowy o g\u0142\u0119boko\u015bci co najmniej 20 cm. Je\u015bli zdecydowa\u0142e\u015b si\u0119 na wieniec betonowy, wystarczy wykopa\u0107 \u201ewykop\u201d wzd\u0142u\u017c obwodu konstrukcji. Jutro zamontujesz w nim podbudow\u0119.     <\/span><\/p>\n<h2 style=\"text-align: center;\"><b>2. Uk\u0142adanie materia\u0142u w sobot\u0119<\/b><\/h2>\n<p><span style=\"font-weight: 400;\">Im wcze\u015bniej wstaniesz, tym wcze\u015bniej odpoczniesz. :) Przy ka\u017cdej warstwie pod\u0142o\u017ca upewnij si\u0119 jednak, \u017ce uzyska\u0142e\u015b r\u00f3wn\u0105 powierzchni\u0119. Najpierw na\u0142\u00f3\u017c warstw\u0119 \u017cwiru o grubo\u015bci minimum 10 cm. Dok\u0142adnie ubij j\u0105 nogami lub zag\u0119\u015b\u0107 wypo\u017cyczon\u0105 maszyn\u0105. Na niej mo\u017cna zastosowa\u0107 siatk\u0119 zbrojeniow\u0105, aby fundamenty wytrzyma\u0142y wi\u0119ksze obci\u0105\u017cenie, poniewa\u017c planujesz tutaj parkowa\u0107 samoch\u00f3d.    <\/span><\/p>\n<p><img loading=\"lazy\" decoding=\"async\" class=\"wp-image-21436 aligncenter\" src=\"http:\/\/gardeon.pl\/wp-content\/uploads\/2019\/10\/p%C3%A4tky-pod-asfaltom-1.jpg\" alt=\"Pod\u0142o\u017ce pod gara\u017c - stopy betonowe pod asfaltem\" width=\"800\" height=\"600\"><\/p>\n<p><span style=\"font-weight: 400;\">Wierzchni\u0105 warstw\u0119 stanowi oczywi\u015bcie \u015bwie\u017cy beton. Do pod\u0142o\u017ca pod wiat\u0119 zalecamy grubo\u015b\u0107 p\u0142yty lub wie\u0144ca betonowego co najmniej 12\u201315 cm. Dlaczego? Przy budowie wiaty musimy nawierci\u0107 kotwy stalowe i nie chcemy, aby beton pop\u0119ka\u0142. Powtarzamy si\u0119, ale poziomo\u015b\u0107 fundament\u00f3w jest r\u00f3wnie\u017c w tym kroku najwa\u017cniejsza. Po na\u0142o\u017ceniu betonu czas na\u2026 piwo, poniewa\u017c jeszcze chwil\u0119 potrwa, zanim dojrzeje.     <\/span><\/p>\n<p><img loading=\"lazy\" decoding=\"async\" class=\"wp-image-21438 aligncenter\" src=\"http:\/\/gardeon.pl\/wp-content\/uploads\/2019\/10\/p%C3%A4tky-pod-asfaltom-2.jpg\" alt=\"Pod\u0142o\u017ce pod gara\u017c - stopy betonowe pod asfaltem\" width=\"800\" height=\"600\"><\/p>\n<h2 style=\"text-align: center;\">3. Dojrzewanie betonu i niedzielny relaks<\/h2>\n<p style=\"text-align: left;\"><span style=\"font-weight: 400;\">W niedziel\u0119 wielu odpoczywa i to samo radzimy r\u00f3wnie\u017c Pa\u0144stwu. <\/span><span style=\"font-weight: 400;\">Cho\u0107 pod\u0142o\u017ce jest gotowe<\/span><span style=\"font-weight: 400;\">, naprawd\u0119 wytrzyma\u0142ym klasyczny beton staje si\u0119 dopiero po 28 dniach. Ciekawym faktem jest, \u017ce mniej wi\u0119cej w ci\u0105gu tygodnia beton nabiera przy optymalnych warunkach a\u017c 80% tej wytrzyma\u0142o\u015bci. Je\u015bli wi\u0119c s\u0105 Pa\u0144stwo niecierpliwi, mo\u017cna zacz\u0105\u0107 budowa\u0107 wcze\u015bniej, ale pe\u0142ne obci\u0105\u017cenie p\u0142yty betonowej zalecamy dopiero po miesi\u0105cu od zalania betonu.<\/span><\/p>\n<p><img loading=\"lazy\" decoding=\"async\" class=\"wp-image-26082 aligncenter\" src=\"http:\/\/gardeon.pl\/wp-content\/uploads\/2020\/04\/mont%C3%A1%C5%BE-pr%C3%ADstre%C5%A1ku-7.jpg\" alt=\"Wiata GARDEON na jeden samoch\u00f3d\" width=\"800\" height=\"600\"><\/p>\n<h5>\u0179r\u00f3d\u0142o:<\/h5>\n<h5>Fotobank GARDEON<\/h5>\n","protected":false},"excerpt":{"rendered":"<p>Brakuje Pa\u0144stwu miejsca do parkowania w gara\u017cu? Zdecydowali si\u0119 Pa\u0144stwo dobudowa\u0107 do niego wiat\u0119. I cho\u0107 nie chroni ona pojazdu tak niezawodnie jak gara\u017c, z pewno\u015bci\u0105 bezpieczniej jest parkowa\u0107 pod dachem. Dzi\u0119ki wype\u0142nieniu jednej lub dw\u00f3ch \u015bcian mo\u017cna nawet ograniczy\u0107 wp\u0142yw niesprzyjaj\u0105cych warunk\u00f3w atmosferycznych. Od czego zacz\u0105\u0107? Dos\u0142ownie od fundament\u00f3w.<\/p>\n","protected":false},"author":2,"featured_media":48193,"comment_status":"open","ping_status":"open","sticky":false,"template":"","format":"standard","meta":{"_acf_changed":false,"inline_featured_image":false,"footnotes":""},"categories":[622],"tags":[],"class_list":["post-48184","post","type-post","status-publish","format-standard","has-post-thumbnail","hentry","category-wiaty-i-altany"],"acf":[],"yoast_head":"<!-- This site is optimized with the Yoast SEO plugin v27.4 - https:\/\/yoast.com\/product\/yoast-seo-wordpress\/ -->\n<title>Pod\u0142o\u017ce pod wiat\u0119 samodzielnie w jeden weekend | GARDEON<\/title>\n<meta name=\"robots\" content=\"index, follow, max-snippet:-1, max-image-preview:large, max-video-preview:-1\" \/>\n<link rel=\"canonical\" href=\"https:\/\/gardeon.pl\/pl\/blog\/przygotuj-samodzielnie-podloze-pod-wiate-w-jeden-weekend\/\" \/>\n<meta property=\"og:locale\" content=\"pl_PL\" \/>\n<meta property=\"og:type\" content=\"article\" \/>\n<meta property=\"og:title\" content=\"Pod\u0142o\u017ce pod wiat\u0119 samodzielnie w jeden weekend | GARDEON\" \/>\n<meta property=\"og:description\" content=\"Brakuje Pa\u0144stwu miejsca do parkowania w gara\u017cu? Zdecydowali si\u0119 Pa\u0144stwo dobudowa\u0107 do niego wiat\u0119. I cho\u0107 nie chroni ona pojazdu tak niezawodnie jak gara\u017c, z pewno\u015bci\u0105 bezpieczniej jest parkowa\u0107 pod dachem. Dzi\u0119ki wype\u0142nieniu jednej lub dw\u00f3ch \u015bcian mo\u017cna nawet ograniczy\u0107 wp\u0142yw niesprzyjaj\u0105cych warunk\u00f3w atmosferycznych. Od czego zacz\u0105\u0107? Dos\u0142ownie od fundament\u00f3w.\" \/>\n<meta property=\"og:url\" content=\"https:\/\/gardeon.pl\/pl\/blog\/przygotuj-samodzielnie-podloze-pod-wiate-w-jeden-weekend\/\" \/>\n<meta property=\"og:site_name\" content=\"GARDEON\" \/>\n<meta property=\"article:published_time\" content=\"2026-04-23T15:42:41+00:00\" \/>\n<meta property=\"article:modified_time\" content=\"2026-04-23T16:44:21+00:00\" \/>\n<meta property=\"og:image\" content=\"http:\/\/gardeon.pl\/wp-content\/uploads\/2018\/08\/z\u00c3\u00a1kladov\u00c3\u00a1-doska-celkov\u00c3\u00bd-poh\u00c4\u00bead.jpg\" \/>\n\t<meta property=\"og:image:width\" content=\"1536\" \/>\n\t<meta property=\"og:image:height\" content=\"1024\" \/>\n\t<meta property=\"og:image:type\" content=\"image\/jpeg\" \/>\n<meta name=\"author\" content=\"editor\" \/>\n<meta name=\"twitter:card\" content=\"summary_large_image\" \/>\n<meta name=\"twitter:label1\" content=\"Napisane przez\" \/>\n\t<meta name=\"twitter:data1\" content=\"editor\" \/>\n\t<meta name=\"twitter:label2\" content=\"Szacowany czas czytania\" \/>\n\t<meta name=\"twitter:data2\" content=\"3 minuty\" \/>\n<script type=\"application\/ld+json\" class=\"yoast-schema-graph\">{\"@context\":\"https:\\\/\\\/schema.org\",\"@graph\":[{\"@type\":\"Article\",\"@id\":\"https:\\\/\\\/gardeon.pl\\\/pl\\\/blog\\\/przygotuj-samodzielnie-podloze-pod-wiate-w-jeden-weekend\\\/#article\",\"isPartOf\":{\"@id\":\"https:\\\/\\\/gardeon.pl\\\/pl\\\/blog\\\/przygotuj-samodzielnie-podloze-pod-wiate-w-jeden-weekend\\\/\"},\"author\":{\"name\":\"editor\",\"@id\":\"https:\\\/\\\/gardeon.pl\\\/#\\\/schema\\\/person\\\/a5762ca5f0790bf92774af0899379463\"},\"headline\":\"Przygotuj samodzielnie pod\u0142o\u017ce pod wiat\u0119 w jeden weekend\",\"datePublished\":\"2026-04-23T15:42:41+00:00\",\"dateModified\":\"2026-04-23T16:44:21+00:00\",\"mainEntityOfPage\":{\"@id\":\"https:\\\/\\\/gardeon.pl\\\/pl\\\/blog\\\/przygotuj-samodzielnie-podloze-pod-wiate-w-jeden-weekend\\\/\"},\"wordCount\":654,\"commentCount\":0,\"image\":{\"@id\":\"https:\\\/\\\/gardeon.pl\\\/pl\\\/blog\\\/przygotuj-samodzielnie-podloze-pod-wiate-w-jeden-weekend\\\/#primaryimage\"},\"thumbnailUrl\":\"https:\\\/\\\/gardeon.pl\\\/wp-content\\\/uploads\\\/2018\\\/08\\\/z\u00c3\u00a1kladov\u00c3\u00a1-doska-celkov\u00c3\u00bd-poh\u00c4\u00bead.jpg\",\"articleSection\":[\"Wiaty i altany\"],\"inLanguage\":\"pl-PL\",\"potentialAction\":[{\"@type\":\"CommentAction\",\"name\":\"Comment\",\"target\":[\"https:\\\/\\\/gardeon.pl\\\/pl\\\/blog\\\/przygotuj-samodzielnie-podloze-pod-wiate-w-jeden-weekend\\\/#respond\"]}]},{\"@type\":\"WebPage\",\"@id\":\"https:\\\/\\\/gardeon.pl\\\/pl\\\/blog\\\/przygotuj-samodzielnie-podloze-pod-wiate-w-jeden-weekend\\\/\",\"url\":\"https:\\\/\\\/gardeon.pl\\\/pl\\\/blog\\\/przygotuj-samodzielnie-podloze-pod-wiate-w-jeden-weekend\\\/\",\"name\":\"Pod\u0142o\u017ce pod wiat\u0119 samodzielnie w jeden weekend | GARDEON\",\"isPartOf\":{\"@id\":\"https:\\\/\\\/gardeon.pl\\\/#website\"},\"primaryImageOfPage\":{\"@id\":\"https:\\\/\\\/gardeon.pl\\\/pl\\\/blog\\\/przygotuj-samodzielnie-podloze-pod-wiate-w-jeden-weekend\\\/#primaryimage\"},\"image\":{\"@id\":\"https:\\\/\\\/gardeon.pl\\\/pl\\\/blog\\\/przygotuj-samodzielnie-podloze-pod-wiate-w-jeden-weekend\\\/#primaryimage\"},\"thumbnailUrl\":\"https:\\\/\\\/gardeon.pl\\\/wp-content\\\/uploads\\\/2018\\\/08\\\/z\u00c3\u00a1kladov\u00c3\u00a1-doska-celkov\u00c3\u00bd-poh\u00c4\u00bead.jpg\",\"datePublished\":\"2026-04-23T15:42:41+00:00\",\"dateModified\":\"2026-04-23T16:44:21+00:00\",\"author\":{\"@id\":\"https:\\\/\\\/gardeon.pl\\\/#\\\/schema\\\/person\\\/a5762ca5f0790bf92774af0899379463\"},\"breadcrumb\":{\"@id\":\"https:\\\/\\\/gardeon.pl\\\/pl\\\/blog\\\/przygotuj-samodzielnie-podloze-pod-wiate-w-jeden-weekend\\\/#breadcrumb\"},\"inLanguage\":\"pl-PL\",\"potentialAction\":[{\"@type\":\"ReadAction\",\"target\":[\"https:\\\/\\\/gardeon.pl\\\/pl\\\/blog\\\/przygotuj-samodzielnie-podloze-pod-wiate-w-jeden-weekend\\\/\"]}]},{\"@type\":\"ImageObject\",\"inLanguage\":\"pl-PL\",\"@id\":\"https:\\\/\\\/gardeon.pl\\\/pl\\\/blog\\\/przygotuj-samodzielnie-podloze-pod-wiate-w-jeden-weekend\\\/#primaryimage\",\"url\":\"https:\\\/\\\/gardeon.pl\\\/wp-content\\\/uploads\\\/2018\\\/08\\\/z\u00c3\u00a1kladov\u00c3\u00a1-doska-celkov\u00c3\u00bd-poh\u00c4\u00bead.jpg\",\"contentUrl\":\"https:\\\/\\\/gardeon.pl\\\/wp-content\\\/uploads\\\/2018\\\/08\\\/z\u00c3\u00a1kladov\u00c3\u00a1-doska-celkov\u00c3\u00bd-poh\u00c4\u00bead.jpg\",\"width\":1536,\"height\":1024,\"caption\":\"P\u0142yta betonowa jako pod\u0142o\u017ce pod domek ogrodowy\"},{\"@type\":\"BreadcrumbList\",\"@id\":\"https:\\\/\\\/gardeon.pl\\\/pl\\\/blog\\\/przygotuj-samodzielnie-podloze-pod-wiate-w-jeden-weekend\\\/#breadcrumb\",\"itemListElement\":[{\"@type\":\"ListItem\",\"position\":1,\"name\":\"Domov\",\"item\":\"https:\\\/\\\/gardeon.pl\\\/pl\\\/\"},{\"@type\":\"ListItem\",\"position\":2,\"name\":\"Przygotuj samodzielnie pod\u0142o\u017ce pod wiat\u0119 w jeden weekend\"}]},{\"@type\":\"WebSite\",\"@id\":\"https:\\\/\\\/gardeon.pl\\\/#website\",\"url\":\"https:\\\/\\\/gardeon.pl\\\/\",\"name\":\"GARDEON\",\"description\":\"\",\"potentialAction\":[{\"@type\":\"SearchAction\",\"target\":{\"@type\":\"EntryPoint\",\"urlTemplate\":\"https:\\\/\\\/gardeon.pl\\\/?s={search_term_string}\"},\"query-input\":{\"@type\":\"PropertyValueSpecification\",\"valueRequired\":true,\"valueName\":\"search_term_string\"}}],\"inLanguage\":\"pl-PL\"},{\"@type\":\"Person\",\"@id\":\"https:\\\/\\\/gardeon.pl\\\/#\\\/schema\\\/person\\\/a5762ca5f0790bf92774af0899379463\",\"name\":\"editor\",\"image\":{\"@type\":\"ImageObject\",\"inLanguage\":\"pl-PL\",\"@id\":\"https:\\\/\\\/secure.gravatar.com\\\/avatar\\\/2b748151c2c748327307fd289a91b3bdafdd9e64e2d000e65e53d6dcf11c5830?s=96&d=mm&r=g\",\"url\":\"https:\\\/\\\/secure.gravatar.com\\\/avatar\\\/2b748151c2c748327307fd289a91b3bdafdd9e64e2d000e65e53d6dcf11c5830?s=96&d=mm&r=g\",\"contentUrl\":\"https:\\\/\\\/secure.gravatar.com\\\/avatar\\\/2b748151c2c748327307fd289a91b3bdafdd9e64e2d000e65e53d6dcf11c5830?s=96&d=mm&r=g\",\"caption\":\"editor\"}}]}<\/script>\n<!-- \/ Yoast SEO plugin. -->","yoast_head_json":{"title":"Pod\u0142o\u017ce pod wiat\u0119 samodzielnie w jeden weekend | GARDEON","robots":{"index":"index","follow":"follow","max-snippet":"max-snippet:-1","max-image-preview":"max-image-preview:large","max-video-preview":"max-video-preview:-1"},"canonical":"https:\/\/gardeon.pl\/pl\/blog\/przygotuj-samodzielnie-podloze-pod-wiate-w-jeden-weekend\/","og_locale":"pl_PL","og_type":"article","og_title":"Pod\u0142o\u017ce pod wiat\u0119 samodzielnie w jeden weekend | GARDEON","og_description":"Brakuje Pa\u0144stwu miejsca do parkowania w gara\u017cu? Zdecydowali si\u0119 Pa\u0144stwo dobudowa\u0107 do niego wiat\u0119. I cho\u0107 nie chroni ona pojazdu tak niezawodnie jak gara\u017c, z pewno\u015bci\u0105 bezpieczniej jest parkowa\u0107 pod dachem. Dzi\u0119ki wype\u0142nieniu jednej lub dw\u00f3ch \u015bcian mo\u017cna nawet ograniczy\u0107 wp\u0142yw niesprzyjaj\u0105cych warunk\u00f3w atmosferycznych. Od czego zacz\u0105\u0107? Dos\u0142ownie od fundament\u00f3w.","og_url":"https:\/\/gardeon.pl\/pl\/blog\/przygotuj-samodzielnie-podloze-pod-wiate-w-jeden-weekend\/","og_site_name":"GARDEON","article_published_time":"2026-04-23T15:42:41+00:00","article_modified_time":"2026-04-23T16:44:21+00:00","og_image":[{"width":1536,"height":1024,"url":"http:\/\/gardeon.pl\/wp-content\/uploads\/2018\/08\/z\u00c3\u00a1kladov\u00c3\u00a1-doska-celkov\u00c3\u00bd-poh\u00c4\u00bead.jpg","type":"image\/jpeg"}],"author":"editor","twitter_card":"summary_large_image","twitter_misc":{"Napisane przez":"editor","Szacowany czas czytania":"3 minuty"},"schema":{"@context":"https:\/\/schema.org","@graph":[{"@type":"Article","@id":"https:\/\/gardeon.pl\/pl\/blog\/przygotuj-samodzielnie-podloze-pod-wiate-w-jeden-weekend\/#article","isPartOf":{"@id":"https:\/\/gardeon.pl\/pl\/blog\/przygotuj-samodzielnie-podloze-pod-wiate-w-jeden-weekend\/"},"author":{"name":"editor","@id":"https:\/\/gardeon.pl\/#\/schema\/person\/a5762ca5f0790bf92774af0899379463"},"headline":"Przygotuj samodzielnie pod\u0142o\u017ce pod wiat\u0119 w jeden weekend","datePublished":"2026-04-23T15:42:41+00:00","dateModified":"2026-04-23T16:44:21+00:00","mainEntityOfPage":{"@id":"https:\/\/gardeon.pl\/pl\/blog\/przygotuj-samodzielnie-podloze-pod-wiate-w-jeden-weekend\/"},"wordCount":654,"commentCount":0,"image":{"@id":"https:\/\/gardeon.pl\/pl\/blog\/przygotuj-samodzielnie-podloze-pod-wiate-w-jeden-weekend\/#primaryimage"},"thumbnailUrl":"https:\/\/gardeon.pl\/wp-content\/uploads\/2018\/08\/z\u00c3\u00a1kladov\u00c3\u00a1-doska-celkov\u00c3\u00bd-poh\u00c4\u00bead.jpg","articleSection":["Wiaty i altany"],"inLanguage":"pl-PL","potentialAction":[{"@type":"CommentAction","name":"Comment","target":["https:\/\/gardeon.pl\/pl\/blog\/przygotuj-samodzielnie-podloze-pod-wiate-w-jeden-weekend\/#respond"]}]},{"@type":"WebPage","@id":"https:\/\/gardeon.pl\/pl\/blog\/przygotuj-samodzielnie-podloze-pod-wiate-w-jeden-weekend\/","url":"https:\/\/gardeon.pl\/pl\/blog\/przygotuj-samodzielnie-podloze-pod-wiate-w-jeden-weekend\/","name":"Pod\u0142o\u017ce pod wiat\u0119 samodzielnie w jeden weekend | GARDEON","isPartOf":{"@id":"https:\/\/gardeon.pl\/#website"},"primaryImageOfPage":{"@id":"https:\/\/gardeon.pl\/pl\/blog\/przygotuj-samodzielnie-podloze-pod-wiate-w-jeden-weekend\/#primaryimage"},"image":{"@id":"https:\/\/gardeon.pl\/pl\/blog\/przygotuj-samodzielnie-podloze-pod-wiate-w-jeden-weekend\/#primaryimage"},"thumbnailUrl":"https:\/\/gardeon.pl\/wp-content\/uploads\/2018\/08\/z\u00c3\u00a1kladov\u00c3\u00a1-doska-celkov\u00c3\u00bd-poh\u00c4\u00bead.jpg","datePublished":"2026-04-23T15:42:41+00:00","dateModified":"2026-04-23T16:44:21+00:00","author":{"@id":"https:\/\/gardeon.pl\/#\/schema\/person\/a5762ca5f0790bf92774af0899379463"},"breadcrumb":{"@id":"https:\/\/gardeon.pl\/pl\/blog\/przygotuj-samodzielnie-podloze-pod-wiate-w-jeden-weekend\/#breadcrumb"},"inLanguage":"pl-PL","potentialAction":[{"@type":"ReadAction","target":["https:\/\/gardeon.pl\/pl\/blog\/przygotuj-samodzielnie-podloze-pod-wiate-w-jeden-weekend\/"]}]},{"@type":"ImageObject","inLanguage":"pl-PL","@id":"https:\/\/gardeon.pl\/pl\/blog\/przygotuj-samodzielnie-podloze-pod-wiate-w-jeden-weekend\/#primaryimage","url":"https:\/\/gardeon.pl\/wp-content\/uploads\/2018\/08\/z\u00c3\u00a1kladov\u00c3\u00a1-doska-celkov\u00c3\u00bd-poh\u00c4\u00bead.jpg","contentUrl":"https:\/\/gardeon.pl\/wp-content\/uploads\/2018\/08\/z\u00c3\u00a1kladov\u00c3\u00a1-doska-celkov\u00c3\u00bd-poh\u00c4\u00bead.jpg","width":1536,"height":1024,"caption":"P\u0142yta betonowa jako pod\u0142o\u017ce pod domek ogrodowy"},{"@type":"BreadcrumbList","@id":"https:\/\/gardeon.pl\/pl\/blog\/przygotuj-samodzielnie-podloze-pod-wiate-w-jeden-weekend\/#breadcrumb","itemListElement":[{"@type":"ListItem","position":1,"name":"Domov","item":"https:\/\/gardeon.pl\/pl\/"},{"@type":"ListItem","position":2,"name":"Przygotuj samodzielnie pod\u0142o\u017ce pod wiat\u0119 w jeden weekend"}]},{"@type":"WebSite","@id":"https:\/\/gardeon.pl\/#website","url":"https:\/\/gardeon.pl\/","name":"GARDEON","description":"","potentialAction":[{"@type":"SearchAction","target":{"@type":"EntryPoint","urlTemplate":"https:\/\/gardeon.pl\/?s={search_term_string}"},"query-input":{"@type":"PropertyValueSpecification","valueRequired":true,"valueName":"search_term_string"}}],"inLanguage":"pl-PL"},{"@type":"Person","@id":"https:\/\/gardeon.pl\/#\/schema\/person\/a5762ca5f0790bf92774af0899379463","name":"editor","image":{"@type":"ImageObject","inLanguage":"pl-PL","@id":"https:\/\/secure.gravatar.com\/avatar\/2b748151c2c748327307fd289a91b3bdafdd9e64e2d000e65e53d6dcf11c5830?s=96&d=mm&r=g","url":"https:\/\/secure.gravatar.com\/avatar\/2b748151c2c748327307fd289a91b3bdafdd9e64e2d000e65e53d6dcf11c5830?s=96&d=mm&r=g","contentUrl":"https:\/\/secure.gravatar.com\/avatar\/2b748151c2c748327307fd289a91b3bdafdd9e64e2d000e65e53d6dcf11c5830?s=96&d=mm&r=g","caption":"editor"}}]}},"_links":{"self":[{"href":"https:\/\/gardeon.pl\/pl\/wp-json\/wp\/v2\/posts\/48184","targetHints":{"allow":["GET"]}}],"collection":[{"href":"https:\/\/gardeon.pl\/pl\/wp-json\/wp\/v2\/posts"}],"about":[{"href":"https:\/\/gardeon.pl\/pl\/wp-json\/wp\/v2\/types\/post"}],"author":[{"embeddable":true,"href":"https:\/\/gardeon.pl\/pl\/wp-json\/wp\/v2\/users\/2"}],"replies":[{"embeddable":true,"href":"https:\/\/gardeon.pl\/pl\/wp-json\/wp\/v2\/comments?post=48184"}],"version-history":[{"count":0,"href":"https:\/\/gardeon.pl\/pl\/wp-json\/wp\/v2\/posts\/48184\/revisions"}],"wp:featuredmedia":[{"embeddable":true,"href":"https:\/\/gardeon.pl\/pl\/wp-json\/wp\/v2\/media\/48193"}],"wp:attachment":[{"href":"https:\/\/gardeon.pl\/pl\/wp-json\/wp\/v2\/media?parent=48184"}],"wp:term":[{"taxonomy":"category","embeddable":true,"href":"https:\/\/gardeon.pl\/pl\/wp-json\/wp\/v2\/categories?post=48184"},{"taxonomy":"post_tag","embeddable":true,"href":"https:\/\/gardeon.pl\/pl\/wp-json\/wp\/v2\/tags?post=48184"}],"curies":[{"name":"wp","href":"https:\/\/api.w.org\/{rel}","templated":true}]}}