{"id":48203,"date":"2026-04-23T17:42:42","date_gmt":"2026-04-23T15:42:42","guid":{"rendered":"https:\/\/gardeon.pl\/blog\/od-pomyslu-do-spelnionego-marzenia-filmowanie-gardeon-w-austrii\/"},"modified":"2026-04-23T18:44:21","modified_gmt":"2026-04-23T16:44:21","slug":"od-pomyslu-do-spelnionego-marzenia-filmowanie-gardeon-w-austrii","status":"publish","type":"post","link":"https:\/\/gardeon.pl\/pl\/blog\/od-pomyslu-do-spelnionego-marzenia-filmowanie-gardeon-w-austrii\/","title":{"rendered":"Od pomys\u0142u do spe\u0142nionego marzenia \u2013 filmowanie GARDEON w Austrii"},"content":{"rendered":"<p><i><span style=\"font-weight: 400;\">W poprzednim <\/span><\/i><a href=\"https:\/\/gardeon.pl\/pl\/blog\/wideo-promocyjne-gardeon\/\"><i><span style=\"font-weight: 400;\">artykule<\/span><\/i><\/a><i><span style=\"font-weight: 400;\"> zdradzili\u015bmy ju\u017c Pa\u0144stwu, \u017ce co\u015b si\u0119 szykuje\u2026 Pisali\u015bmy o specjalnym filmie promocyjnym i przybli\u017cyli\u015bmy Pa\u0144stwu przebieg filmowania w naszym <\/span><\/i><a href=\"https:\/\/gardeon.pl\/pl\/showroom-gardeon\/\"><i><span style=\"font-weight: 400;\">showroomie GARDEON<\/span><\/i><\/a><i><span style=\"font-weight: 400;\">. Dzi\u015b przedstawiamy Pa\u0144stwu ekskluzywne uj\u0119cia z finalnego filmowania u naszych klient\u00f3w w austriackim mie\u015bcie V\u00f6cklamarkt!<\/span><\/i><!--more--><\/p>\n","protected":false},"excerpt":{"rendered":"<p>W poprzednim artykule zdradzili\u015bmy ju\u017c Pa\u0144stwu, \u017ce co\u015b si\u0119 szykuje\u2026 Pisali\u015bmy o specjalnym filmie promocyjnym i przybli\u017cyli\u015bmy Pa\u0144stwu przebieg filmowania w naszym showroomie GARDEON. Dzi\u015b przedstawiamy Pa\u0144stwu ekskluzywne uj\u0119cia z finalnego filmowania u naszych klient\u00f3w w austriackim mie\u015bcie V\u00f6cklamarkt!<\/p>\n","protected":false},"author":2,"featured_media":48219,"comment_status":"open","ping_status":"open","sticky":false,"template":"","format":"standard","meta":{"_acf_changed":false,"inline_featured_image":false,"footnotes":""},"categories":[593],"tags":[944,945,581,588,579],"class_list":["post-48203","post","type-post","status-publish","format-standard","has-post-thumbnail","hentry","category-aktualnosci","tag-austria","tag-filmowanie","tag-garaz","tag-garaz-montowany","tag-gardeon"],"acf":[],"yoast_head":"<!-- This site is optimized with the Yoast SEO plugin v27.4 - https:\/\/yoast.com\/product\/yoast-seo-wordpress\/ -->\n<title>Od pomys\u0142u do spe\u0142nionego marzenia \u2013 filmowanie w Austrii | GARDEON<\/title>\n<meta name=\"robots\" content=\"index, follow, max-snippet:-1, max-image-preview:large, max-video-preview:-1\" \/>\n<link rel=\"canonical\" href=\"https:\/\/gardeon.pl\/pl\/blog\/od-pomyslu-do-spelnionego-marzenia-filmowanie-gardeon-w-austrii\/\" \/>\n<meta property=\"og:locale\" content=\"pl_PL\" \/>\n<meta property=\"og:type\" content=\"article\" \/>\n<meta property=\"og:title\" content=\"Od pomys\u0142u do spe\u0142nionego marzenia \u2013 filmowanie w Austrii | GARDEON\" \/>\n<meta property=\"og:description\" content=\"W poprzednim artykule zdradzili\u015bmy ju\u017c Pa\u0144stwu, \u017ce co\u015b si\u0119 szykuje\u2026 Pisali\u015bmy o specjalnym filmie promocyjnym i przybli\u017cyli\u015bmy Pa\u0144stwu przebieg filmowania w naszym showroomie GARDEON. Dzi\u015b przedstawiamy Pa\u0144stwu ekskluzywne uj\u0119cia z finalnego filmowania u naszych klient\u00f3w w austriackim mie\u015bcie V\u00f6cklamarkt!\" \/>\n<meta property=\"og:url\" content=\"https:\/\/gardeon.pl\/pl\/blog\/od-pomyslu-do-spelnionego-marzenia-filmowanie-gardeon-w-austrii\/\" \/>\n<meta property=\"og:site_name\" content=\"GARDEON\" \/>\n<meta property=\"article:published_time\" content=\"2026-04-23T15:42:42+00:00\" \/>\n<meta property=\"article:modified_time\" content=\"2026-04-23T16:44:21+00:00\" \/>\n<meta property=\"og:image\" content=\"http:\/\/gardeon.pl\/wp-content\/uploads\/2022\/06\/gardeon-natacanie-16.webp\" \/>\n\t<meta property=\"og:image:width\" content=\"1000\" \/>\n\t<meta property=\"og:image:height\" content=\"750\" \/>\n\t<meta property=\"og:image:type\" content=\"image\/webp\" \/>\n<meta name=\"author\" content=\"editor\" \/>\n<meta name=\"twitter:card\" content=\"summary_large_image\" \/>\n<meta name=\"twitter:label1\" content=\"Napisane przez\" \/>\n\t<meta name=\"twitter:data1\" content=\"editor\" \/>\n<script type=\"application\/ld+json\" class=\"yoast-schema-graph\">{\"@context\":\"https:\\\/\\\/schema.org\",\"@graph\":[{\"@type\":\"Article\",\"@id\":\"https:\\\/\\\/gardeon.pl\\\/pl\\\/blog\\\/od-pomyslu-do-spelnionego-marzenia-filmowanie-gardeon-w-austrii\\\/#article\",\"isPartOf\":{\"@id\":\"https:\\\/\\\/gardeon.pl\\\/pl\\\/blog\\\/od-pomyslu-do-spelnionego-marzenia-filmowanie-gardeon-w-austrii\\\/\"},\"author\":{\"name\":\"editor\",\"@id\":\"https:\\\/\\\/gardeon.pl\\\/#\\\/schema\\\/person\\\/a5762ca5f0790bf92774af0899379463\"},\"headline\":\"Od pomys\u0142u do spe\u0142nionego marzenia \u2013 filmowanie GARDEON w Austrii\",\"datePublished\":\"2026-04-23T15:42:42+00:00\",\"dateModified\":\"2026-04-23T16:44:21+00:00\",\"mainEntityOfPage\":{\"@id\":\"https:\\\/\\\/gardeon.pl\\\/pl\\\/blog\\\/od-pomyslu-do-spelnionego-marzenia-filmowanie-gardeon-w-austrii\\\/\"},\"wordCount\":61,\"commentCount\":0,\"image\":{\"@id\":\"https:\\\/\\\/gardeon.pl\\\/pl\\\/blog\\\/od-pomyslu-do-spelnionego-marzenia-filmowanie-gardeon-w-austrii\\\/#primaryimage\"},\"thumbnailUrl\":\"https:\\\/\\\/gardeon.pl\\\/wp-content\\\/uploads\\\/2022\\\/06\\\/gardeon-natacanie-16.webp\",\"keywords\":[\"Austria\",\"filmowanie\",\"gara\u017c\",\"gara\u017c montowany\",\"GARDEON\"],\"articleSection\":[\"Aktualno\u015bci\"],\"inLanguage\":\"pl-PL\",\"potentialAction\":[{\"@type\":\"CommentAction\",\"name\":\"Comment\",\"target\":[\"https:\\\/\\\/gardeon.pl\\\/pl\\\/blog\\\/od-pomyslu-do-spelnionego-marzenia-filmowanie-gardeon-w-austrii\\\/#respond\"]}]},{\"@type\":\"WebPage\",\"@id\":\"https:\\\/\\\/gardeon.pl\\\/pl\\\/blog\\\/od-pomyslu-do-spelnionego-marzenia-filmowanie-gardeon-w-austrii\\\/\",\"url\":\"https:\\\/\\\/gardeon.pl\\\/pl\\\/blog\\\/od-pomyslu-do-spelnionego-marzenia-filmowanie-gardeon-w-austrii\\\/\",\"name\":\"Od pomys\u0142u do spe\u0142nionego marzenia \u2013 filmowanie w Austrii | GARDEON\",\"isPartOf\":{\"@id\":\"https:\\\/\\\/gardeon.pl\\\/#website\"},\"primaryImageOfPage\":{\"@id\":\"https:\\\/\\\/gardeon.pl\\\/pl\\\/blog\\\/od-pomyslu-do-spelnionego-marzenia-filmowanie-gardeon-w-austrii\\\/#primaryimage\"},\"image\":{\"@id\":\"https:\\\/\\\/gardeon.pl\\\/pl\\\/blog\\\/od-pomyslu-do-spelnionego-marzenia-filmowanie-gardeon-w-austrii\\\/#primaryimage\"},\"thumbnailUrl\":\"https:\\\/\\\/gardeon.pl\\\/wp-content\\\/uploads\\\/2022\\\/06\\\/gardeon-natacanie-16.webp\",\"datePublished\":\"2026-04-23T15:42:42+00:00\",\"dateModified\":\"2026-04-23T16:44:21+00:00\",\"author\":{\"@id\":\"https:\\\/\\\/gardeon.pl\\\/#\\\/schema\\\/person\\\/a5762ca5f0790bf92774af0899379463\"},\"breadcrumb\":{\"@id\":\"https:\\\/\\\/gardeon.pl\\\/pl\\\/blog\\\/od-pomyslu-do-spelnionego-marzenia-filmowanie-gardeon-w-austrii\\\/#breadcrumb\"},\"inLanguage\":\"pl-PL\",\"potentialAction\":[{\"@type\":\"ReadAction\",\"target\":[\"https:\\\/\\\/gardeon.pl\\\/pl\\\/blog\\\/od-pomyslu-do-spelnionego-marzenia-filmowanie-gardeon-w-austrii\\\/\"]}]},{\"@type\":\"ImageObject\",\"inLanguage\":\"pl-PL\",\"@id\":\"https:\\\/\\\/gardeon.pl\\\/pl\\\/blog\\\/od-pomyslu-do-spelnionego-marzenia-filmowanie-gardeon-w-austrii\\\/#primaryimage\",\"url\":\"https:\\\/\\\/gardeon.pl\\\/wp-content\\\/uploads\\\/2022\\\/06\\\/gardeon-natacanie-16.webp\",\"contentUrl\":\"https:\\\/\\\/gardeon.pl\\\/wp-content\\\/uploads\\\/2022\\\/06\\\/gardeon-natacanie-16.webp\",\"width\":1000,\"height\":750,\"caption\":\"Ludzie na dachu gara\u017cu\"},{\"@type\":\"BreadcrumbList\",\"@id\":\"https:\\\/\\\/gardeon.pl\\\/pl\\\/blog\\\/od-pomyslu-do-spelnionego-marzenia-filmowanie-gardeon-w-austrii\\\/#breadcrumb\",\"itemListElement\":[{\"@type\":\"ListItem\",\"position\":1,\"name\":\"Domov\",\"item\":\"https:\\\/\\\/gardeon.pl\\\/pl\\\/\"},{\"@type\":\"ListItem\",\"position\":2,\"name\":\"Od pomys\u0142u do spe\u0142nionego marzenia \u2013 filmowanie GARDEON w Austrii\"}]},{\"@type\":\"WebSite\",\"@id\":\"https:\\\/\\\/gardeon.pl\\\/#website\",\"url\":\"https:\\\/\\\/gardeon.pl\\\/\",\"name\":\"GARDEON\",\"description\":\"\",\"potentialAction\":[{\"@type\":\"SearchAction\",\"target\":{\"@type\":\"EntryPoint\",\"urlTemplate\":\"https:\\\/\\\/gardeon.pl\\\/?s={search_term_string}\"},\"query-input\":{\"@type\":\"PropertyValueSpecification\",\"valueRequired\":true,\"valueName\":\"search_term_string\"}}],\"inLanguage\":\"pl-PL\"},{\"@type\":\"Person\",\"@id\":\"https:\\\/\\\/gardeon.pl\\\/#\\\/schema\\\/person\\\/a5762ca5f0790bf92774af0899379463\",\"name\":\"editor\",\"image\":{\"@type\":\"ImageObject\",\"inLanguage\":\"pl-PL\",\"@id\":\"https:\\\/\\\/secure.gravatar.com\\\/avatar\\\/2b748151c2c748327307fd289a91b3bdafdd9e64e2d000e65e53d6dcf11c5830?s=96&d=mm&r=g\",\"url\":\"https:\\\/\\\/secure.gravatar.com\\\/avatar\\\/2b748151c2c748327307fd289a91b3bdafdd9e64e2d000e65e53d6dcf11c5830?s=96&d=mm&r=g\",\"contentUrl\":\"https:\\\/\\\/secure.gravatar.com\\\/avatar\\\/2b748151c2c748327307fd289a91b3bdafdd9e64e2d000e65e53d6dcf11c5830?s=96&d=mm&r=g\",\"caption\":\"editor\"}}]}<\/script>\n<!-- \/ Yoast SEO plugin. -->","yoast_head_json":{"title":"Od pomys\u0142u do spe\u0142nionego marzenia \u2013 filmowanie w Austrii | GARDEON","robots":{"index":"index","follow":"follow","max-snippet":"max-snippet:-1","max-image-preview":"max-image-preview:large","max-video-preview":"max-video-preview:-1"},"canonical":"https:\/\/gardeon.pl\/pl\/blog\/od-pomyslu-do-spelnionego-marzenia-filmowanie-gardeon-w-austrii\/","og_locale":"pl_PL","og_type":"article","og_title":"Od pomys\u0142u do spe\u0142nionego marzenia \u2013 filmowanie w Austrii | GARDEON","og_description":"W poprzednim artykule zdradzili\u015bmy ju\u017c Pa\u0144stwu, \u017ce co\u015b si\u0119 szykuje\u2026 Pisali\u015bmy o specjalnym filmie promocyjnym i przybli\u017cyli\u015bmy Pa\u0144stwu przebieg filmowania w naszym showroomie GARDEON. Dzi\u015b przedstawiamy Pa\u0144stwu ekskluzywne uj\u0119cia z finalnego filmowania u naszych klient\u00f3w w austriackim mie\u015bcie V\u00f6cklamarkt!","og_url":"https:\/\/gardeon.pl\/pl\/blog\/od-pomyslu-do-spelnionego-marzenia-filmowanie-gardeon-w-austrii\/","og_site_name":"GARDEON","article_published_time":"2026-04-23T15:42:42+00:00","article_modified_time":"2026-04-23T16:44:21+00:00","og_image":[{"width":1000,"height":750,"url":"http:\/\/gardeon.pl\/wp-content\/uploads\/2022\/06\/gardeon-natacanie-16.webp","type":"image\/webp"}],"author":"editor","twitter_card":"summary_large_image","twitter_misc":{"Napisane przez":"editor"},"schema":{"@context":"https:\/\/schema.org","@graph":[{"@type":"Article","@id":"https:\/\/gardeon.pl\/pl\/blog\/od-pomyslu-do-spelnionego-marzenia-filmowanie-gardeon-w-austrii\/#article","isPartOf":{"@id":"https:\/\/gardeon.pl\/pl\/blog\/od-pomyslu-do-spelnionego-marzenia-filmowanie-gardeon-w-austrii\/"},"author":{"name":"editor","@id":"https:\/\/gardeon.pl\/#\/schema\/person\/a5762ca5f0790bf92774af0899379463"},"headline":"Od pomys\u0142u do spe\u0142nionego marzenia \u2013 filmowanie GARDEON w Austrii","datePublished":"2026-04-23T15:42:42+00:00","dateModified":"2026-04-23T16:44:21+00:00","mainEntityOfPage":{"@id":"https:\/\/gardeon.pl\/pl\/blog\/od-pomyslu-do-spelnionego-marzenia-filmowanie-gardeon-w-austrii\/"},"wordCount":61,"commentCount":0,"image":{"@id":"https:\/\/gardeon.pl\/pl\/blog\/od-pomyslu-do-spelnionego-marzenia-filmowanie-gardeon-w-austrii\/#primaryimage"},"thumbnailUrl":"https:\/\/gardeon.pl\/wp-content\/uploads\/2022\/06\/gardeon-natacanie-16.webp","keywords":["Austria","filmowanie","gara\u017c","gara\u017c montowany","GARDEON"],"articleSection":["Aktualno\u015bci"],"inLanguage":"pl-PL","potentialAction":[{"@type":"CommentAction","name":"Comment","target":["https:\/\/gardeon.pl\/pl\/blog\/od-pomyslu-do-spelnionego-marzenia-filmowanie-gardeon-w-austrii\/#respond"]}]},{"@type":"WebPage","@id":"https:\/\/gardeon.pl\/pl\/blog\/od-pomyslu-do-spelnionego-marzenia-filmowanie-gardeon-w-austrii\/","url":"https:\/\/gardeon.pl\/pl\/blog\/od-pomyslu-do-spelnionego-marzenia-filmowanie-gardeon-w-austrii\/","name":"Od pomys\u0142u do spe\u0142nionego marzenia \u2013 filmowanie w Austrii | GARDEON","isPartOf":{"@id":"https:\/\/gardeon.pl\/#website"},"primaryImageOfPage":{"@id":"https:\/\/gardeon.pl\/pl\/blog\/od-pomyslu-do-spelnionego-marzenia-filmowanie-gardeon-w-austrii\/#primaryimage"},"image":{"@id":"https:\/\/gardeon.pl\/pl\/blog\/od-pomyslu-do-spelnionego-marzenia-filmowanie-gardeon-w-austrii\/#primaryimage"},"thumbnailUrl":"https:\/\/gardeon.pl\/wp-content\/uploads\/2022\/06\/gardeon-natacanie-16.webp","datePublished":"2026-04-23T15:42:42+00:00","dateModified":"2026-04-23T16:44:21+00:00","author":{"@id":"https:\/\/gardeon.pl\/#\/schema\/person\/a5762ca5f0790bf92774af0899379463"},"breadcrumb":{"@id":"https:\/\/gardeon.pl\/pl\/blog\/od-pomyslu-do-spelnionego-marzenia-filmowanie-gardeon-w-austrii\/#breadcrumb"},"inLanguage":"pl-PL","potentialAction":[{"@type":"ReadAction","target":["https:\/\/gardeon.pl\/pl\/blog\/od-pomyslu-do-spelnionego-marzenia-filmowanie-gardeon-w-austrii\/"]}]},{"@type":"ImageObject","inLanguage":"pl-PL","@id":"https:\/\/gardeon.pl\/pl\/blog\/od-pomyslu-do-spelnionego-marzenia-filmowanie-gardeon-w-austrii\/#primaryimage","url":"https:\/\/gardeon.pl\/wp-content\/uploads\/2022\/06\/gardeon-natacanie-16.webp","contentUrl":"https:\/\/gardeon.pl\/wp-content\/uploads\/2022\/06\/gardeon-natacanie-16.webp","width":1000,"height":750,"caption":"Ludzie na dachu gara\u017cu"},{"@type":"BreadcrumbList","@id":"https:\/\/gardeon.pl\/pl\/blog\/od-pomyslu-do-spelnionego-marzenia-filmowanie-gardeon-w-austrii\/#breadcrumb","itemListElement":[{"@type":"ListItem","position":1,"name":"Domov","item":"https:\/\/gardeon.pl\/pl\/"},{"@type":"ListItem","position":2,"name":"Od pomys\u0142u do spe\u0142nionego marzenia \u2013 filmowanie GARDEON w Austrii"}]},{"@type":"WebSite","@id":"https:\/\/gardeon.pl\/#website","url":"https:\/\/gardeon.pl\/","name":"GARDEON","description":"","potentialAction":[{"@type":"SearchAction","target":{"@type":"EntryPoint","urlTemplate":"https:\/\/gardeon.pl\/?s={search_term_string}"},"query-input":{"@type":"PropertyValueSpecification","valueRequired":true,"valueName":"search_term_string"}}],"inLanguage":"pl-PL"},{"@type":"Person","@id":"https:\/\/gardeon.pl\/#\/schema\/person\/a5762ca5f0790bf92774af0899379463","name":"editor","image":{"@type":"ImageObject","inLanguage":"pl-PL","@id":"https:\/\/secure.gravatar.com\/avatar\/2b748151c2c748327307fd289a91b3bdafdd9e64e2d000e65e53d6dcf11c5830?s=96&d=mm&r=g","url":"https:\/\/secure.gravatar.com\/avatar\/2b748151c2c748327307fd289a91b3bdafdd9e64e2d000e65e53d6dcf11c5830?s=96&d=mm&r=g","contentUrl":"https:\/\/secure.gravatar.com\/avatar\/2b748151c2c748327307fd289a91b3bdafdd9e64e2d000e65e53d6dcf11c5830?s=96&d=mm&r=g","caption":"editor"}}]}},"_links":{"self":[{"href":"https:\/\/gardeon.pl\/pl\/wp-json\/wp\/v2\/posts\/48203","targetHints":{"allow":["GET"]}}],"collection":[{"href":"https:\/\/gardeon.pl\/pl\/wp-json\/wp\/v2\/posts"}],"about":[{"href":"https:\/\/gardeon.pl\/pl\/wp-json\/wp\/v2\/types\/post"}],"author":[{"embeddable":true,"href":"https:\/\/gardeon.pl\/pl\/wp-json\/wp\/v2\/users\/2"}],"replies":[{"embeddable":true,"href":"https:\/\/gardeon.pl\/pl\/wp-json\/wp\/v2\/comments?post=48203"}],"version-history":[{"count":0,"href":"https:\/\/gardeon.pl\/pl\/wp-json\/wp\/v2\/posts\/48203\/revisions"}],"wp:featuredmedia":[{"embeddable":true,"href":"https:\/\/gardeon.pl\/pl\/wp-json\/wp\/v2\/media\/48219"}],"wp:attachment":[{"href":"https:\/\/gardeon.pl\/pl\/wp-json\/wp\/v2\/media?parent=48203"}],"wp:term":[{"taxonomy":"category","embeddable":true,"href":"https:\/\/gardeon.pl\/pl\/wp-json\/wp\/v2\/categories?post=48203"},{"taxonomy":"post_tag","embeddable":true,"href":"https:\/\/gardeon.pl\/pl\/wp-json\/wp\/v2\/tags?post=48203"}],"curies":[{"name":"wp","href":"https:\/\/api.w.org\/{rel}","templated":true}]}}