{"id":48241,"date":"2026-04-23T18:41:16","date_gmt":"2026-04-23T16:41:16","guid":{"rendered":"https:\/\/gardeon.pl\/?p=48241"},"modified":"2026-04-23T18:44:21","modified_gmt":"2026-04-23T16:44:21","slug":"zakoncz-lato-idealnym-przyjeciem-w-ogrodzie","status":"publish","type":"post","link":"https:\/\/gardeon.pl\/pl\/blog\/zakoncz-lato-idealnym-przyjeciem-w-ogrodzie\/","title":{"rendered":"Zako\u0144cz lato idealnym przyj\u0119ciem w ogrodzie"},"content":{"rendered":"<p><em>Koniec wakacji, ostatnie s\u0142oneczne urlopy i p\u00f3\u017ana sierpniowa data w kalendarzu. Wszystko wskazuje na to, \u017ce nieuchronnie zbli\u017ca si\u0119 koniec lata. Nie smu\u0107cie si\u0119 i cieszcie si\u0119 nim w pe\u0142ni. Zorganizujcie rodzinie i przyjacio\u0142om najlepsze przyj\u0119cie w ogrodzie, kt\u00f3re b\u0119d\u0105 d\u0142ugo wspomina\u0107.   <\/em><\/p>\n<p><!--more--><\/p>\n<h3>Jak wybra\u0107 odpowiednie miejsce?<\/h3>\n<p>Go\u015bcie powinni czu\u0107 si\u0119 u Pa\u0144stwa przede wszystkim komfortowo i swobodnie. Przecie\u017c przyje\u017cd\u017caj\u0105 do Pa\u0144stwa, aby odpocz\u0105\u0107 i dobrze si\u0119 bawi\u0107. Je\u015bli obawiaj\u0105 si\u0119 Pa\u0144stwo kaprys\u00f3w pogody, umie\u015b\u0107cie st\u00f3\u0142 pod zadaszeniem lub <a href=\"https:\/\/gardeon.pl\/pl\/pergole\/pergola-gardeon\/\">pergol\u0105<\/a>. Takie miejsce do siedzenia stworzy przyjemn\u0105 atmosfer\u0119 i zabezpieczy Pa\u0144stwa na wypadek deszczu, wiatru czy o\u015blepiaj\u0105cych promieni zachodz\u0105cego s\u0142o\u0144ca. Ponadto, Pa\u0144stwa go\u015bcie b\u0119d\u0105 widzie\u0107 si\u0119 nawzajem podczas posi\u0142ku i wszystko b\u0119d\u0105 mieli na wyci\u0105gni\u0119cie r\u0119ki.    <\/p>\n<p><img loading=\"lazy\" decoding=\"async\" class=\"aligncenter wp-image-21673\" src=\"http:\/\/gardeon.pl\/wp-content\/uploads\/2019\/11\/gardeon-pergola-9-768x1024.jpg\" alt=\"Pergola GARDEON w kolorze antracytowym z zestawem ogrodowym\" width=\"800\" height=\"1067\" srcset=\"https:\/\/gardeon.pl\/wp-content\/uploads\/2019\/11\/gardeon-pergola-9-768x1024.jpg 768w, https:\/\/gardeon.pl\/wp-content\/uploads\/2019\/11\/gardeon-pergola-9-225x300.jpg 225w, https:\/\/gardeon.pl\/wp-content\/uploads\/2019\/11\/gardeon-pergola-9-1152x1536.jpg 1152w, https:\/\/gardeon.pl\/wp-content\/uploads\/2019\/11\/gardeon-pergola-9-1536x2048.jpg 1536w, https:\/\/gardeon.pl\/wp-content\/uploads\/2019\/11\/gardeon-pergola-9-scaled.jpg 1920w\" sizes=\"auto, (max-width: 800px) 100vw, 800px\" \/><\/p>\n<h3><\/h3>\n<h3>Co\u015b do jedzenia<\/h3>\n<p>Do udanego przyj\u0119cia w ogrodzie niezmiennie nale\u017cy dobre jedzenie. Tradycyjne s\u0105 grillowane specja\u0142y, \u015bwie\u017ce ryby, aromatyczne sery, s\u0142odkie ciasta, chrupi\u0105ce pieczywo, kolorowe sa\u0142atki i owocowe p\u00f3\u0142miski. Pozw\u00f3lcie go\u015bciom na odrobin\u0119 kreatywno\u015bci. Niech sami przygotuj\u0105 swoj\u0105 sa\u0142atk\u0119. Przygotujcie poszczeg\u00f3lne warzywa i sk\u0142adniki w oddzielnych miskach, a ka\u017cdy zmiesza swoj\u0105 sa\u0142atk\u0119 wed\u0142ug w\u0142asnego smaku. Wtedy nie zdarzy si\u0119, \u017ce b\u0119dziecie wyrzuca\u0107 resztki, bo po\u0142owa go\u015bci nie lubi na przyk\u0142ad pomidor\u00f3w.     <\/p>\n<p><a href=\"http:\/\/gardeon.pl\/wp-content\/uploads\/2018\/03\/Clovelly-House-by-Bawtree-Design-Architecture-Interiors.jpg\"><img loading=\"lazy\" decoding=\"async\" class=\"wp-image-16692 aligncenter\" src=\"http:\/\/gardeon.pl\/wp-content\/uploads\/2018\/03\/Clovelly-House-by-Bawtree-Design-Architecture-Interiors.jpg\" alt=\"Letnia kuchnia w ogrodzie\" width=\"800\" height=\"538\" srcset=\"https:\/\/gardeon.pl\/wp-content\/uploads\/2018\/03\/Clovelly-House-by-Bawtree-Design-Architecture-Interiors.jpg 1000w, https:\/\/gardeon.pl\/wp-content\/uploads\/2018\/03\/Clovelly-House-by-Bawtree-Design-Architecture-Interiors-300x202.jpg 300w, https:\/\/gardeon.pl\/wp-content\/uploads\/2018\/03\/Clovelly-House-by-Bawtree-Design-Architecture-Interiors-768x517.jpg 768w\" sizes=\"auto, (max-width: 800px) 100vw, 800px\" \/><\/a><\/p>\n<p>Nie tylko dzieci ucieszy lody lub mro\u017cony sorbet owocowy. Spr\u00f3bujcie zrobi\u0107 je sami przed przybyciem pierwszych go\u015bci. Nawet pod koniec lata temperatury potrafi\u0105 wzrosn\u0105\u0107. S\u0142odkie orze\u017awienie jest wi\u0119c wi\u0119cej ni\u017c mile widziane.   <\/p>\n<h3><\/h3>\n<h3>Napoje<\/h3>\n<p>Teraz maj\u0105 Pa\u0144stwo okazj\u0119 zab\u0142ysn\u0105\u0107 domow\u0105 mro\u017con\u0105 herbat\u0105 lub w\u0142asn\u0105 lemoniad\u0105. A co powiecie na orze\u017awiaj\u0105c\u0105 malinow\u0105 lemoniad\u0119 ze \u015bwie\u017cych owoc\u00f3w z mi\u0119t\u0105 prosto z ogrodu? Je\u015bli chc\u0105 Pa\u0144stwo jeszcze bardziej zaskoczy\u0107 go\u015bci, przygotujcie im jeden ze znanych drink\u00f3w. Mojito lub Margarita s\u0105 idealne na lato. Kierowc\u00f3w ucieszy ich wersja virgin (bezalkoholowa). Do dobrego jedzenia nie zapomnijcie o dobrym winie czy piwie.     <\/p>\n<h3><a href=\"http:\/\/gardeon.pl\/wp-content\/uploads\/2018\/03\/012b5b78b98c76b19bac18c469e717a3.jpg\"><img loading=\"lazy\" decoding=\"async\" class=\"aligncenter wp-image-16733\" src=\"http:\/\/gardeon.pl\/wp-content\/uploads\/2018\/03\/012b5b78b98c76b19bac18c469e717a3.jpg\" alt=\"Namiot na uroczysto\u015b\u0107\" width=\"800\" height=\"506\" srcset=\"https:\/\/gardeon.pl\/wp-content\/uploads\/2018\/03\/012b5b78b98c76b19bac18c469e717a3.jpg 869w, https:\/\/gardeon.pl\/wp-content\/uploads\/2018\/03\/012b5b78b98c76b19bac18c469e717a3-300x190.jpg 300w, https:\/\/gardeon.pl\/wp-content\/uploads\/2018\/03\/012b5b78b98c76b19bac18c469e717a3-768x486.jpg 768w\" sizes=\"auto, (max-width: 800px) 100vw, 800px\" \/><\/a><\/h3>\n<p>&nbsp;<\/p>\n<h3>Muzyka<\/h3>\n<p>Nie musz\u0105 Pa\u0144stwo zatrudnia\u0107 DJ-a. Poradz\u0105 sobie Pa\u0144stwo sami. Mo\u017cna zacz\u0105\u0107 na przyk\u0142ad od przyjemnego jazzu. Tworzy on uniwersalne t\u0142o muzyczne, kt\u00f3re nie zak\u0142\u00f3ca rozmowy. Kiedy b\u0119d\u0105 Pa\u0144stwo chcieli rozkr\u0119ci\u0107 zabaw\u0119, mo\u017cna go zast\u0105pi\u0107 na przyk\u0142ad tanecznymi rytmami latynoameryka\u0144skimi. Je\u015bli Pa\u0144stwa go\u015bcie to r\u00f3wnie\u017c Pa\u0144stwa przyjaciele z dzieci\u0144stwa lub czas\u00f3w studenckich, przygotujcie playlist z piosenkami, kt\u00f3rych s\u0142uchali\u015bcie razem lata temu. W ten spos\u00f3b naturalnie zaczn\u0105 Pa\u0144stwo wspomina\u0107 stare dobre czasy i pojawi\u0105 si\u0119 w\u0142a\u015bciwe wspomnienia.      <\/p>\n<p>Mog\u0105 Pa\u0144stwo r\u00f3wnie\u017c poprosi\u0107 znajomych, aby przynie\u015bli swoj\u0105 ulubion\u0105 muzyk\u0119. Otrzymaj\u0105 Pa\u0144stwo wtedy ciekawy miks piosenek i gatunk\u00f3w. Je\u015bli w\u015br\u00f3d go\u015bci s\u0105 jacy\u015b muzycy, popro\u015bcie ich, aby przynie\u015bli ze sob\u0105 instrument.  <\/p>\n<h3><a href=\"http:\/\/gardeon.pl\/wp-content\/uploads\/2018\/03\/John-Lewis-Bilbao-lounging-set-easy-living-12jun13_pr_b.jpg\"><img loading=\"lazy\" decoding=\"async\" class=\"aligncenter wp-image-16734\" src=\"http:\/\/gardeon.pl\/wp-content\/uploads\/2018\/03\/John-Lewis-Bilbao-lounging-set-easy-living-12jun13_pr_b.jpg\" alt=\"Kino domowe w ogrodzie\" width=\"800\" height=\"533\" srcset=\"https:\/\/gardeon.pl\/wp-content\/uploads\/2018\/03\/John-Lewis-Bilbao-lounging-set-easy-living-12jun13_pr_b.jpg 639w, https:\/\/gardeon.pl\/wp-content\/uploads\/2018\/03\/John-Lewis-Bilbao-lounging-set-easy-living-12jun13_pr_b-300x200.jpg 300w\" sizes=\"auto, (max-width: 800px) 100vw, 800px\" \/><\/a><\/h3>\n<p>&nbsp;<\/p>\n<h3>Fotobudka ucieszy ma\u0142ych i du\u017cych<\/h3>\n<p>Umie\u015b\u0107cie j\u0105 w zadaszonej <a href=\"http:\/\/zahradnealtanky.sk\">altanie<\/a>, gdzie ka\u017cdy mo\u017ce zrobi\u0107 kilka zdj\u0119\u0107 na pami\u0105tk\u0119. Na pewno znajd\u0105 Pa\u0144stwo w domu kilka ciekawych rekwizyt\u00f3w. Na przyk\u0142ad stary parasol, szalone okulary z wakacji lub kwiaty z ogrodu. Kupcie kilka jednorazowych aparat\u00f3w i popro\u015bcie go\u015bci, aby zrobili kilka \u0142adnych zdj\u0119\u0107.   <\/p>\n<h3><\/h3>\n<h3>Wskaz\u00f3wki na koniec:<\/h3>\n<p>\u2022 Przed natr\u0119tnymi owadami wyposa\u017ccie si\u0119 w \u015bwiece cytronelowe i siatki na \u017cywno\u015b\u0107. Nieprzyjemne uk\u0105szenia i natr\u0119tne muchy potrafi\u0105 zepsu\u0107 nawet najlepsz\u0105 zabaw\u0119. <\/p>\n<p>\u2022 Opr\u00f3cz miejsc siedz\u0105cych przy stole, przygotujcie r\u00f3wnie\u017c kilka puf i koc\u00f3w. Czasami wygodnie jest siedzie\u0107 na ziemi. Przyczyni si\u0119 to do nieformalnej i swobodnej atmosfery, zw\u0142aszcza w\u015br\u00f3d go\u015bci, kt\u00f3rzy si\u0119 nie znaj\u0105. \u015awietny jest r\u00f3wnie\u017c ogrodowy hamak, na kt\u00f3ry zazwyczaj szybko tworzy si\u0119 lista oczekuj\u0105cych.    <img loading=\"lazy\" decoding=\"async\" class=\"aligncenter size-full wp-image-13969\" src=\"http:\/\/gardeon.pl\/wp-content\/uploads\/2017\/08\/deky-na-zahrade.jpg\" alt=\"\" width=\"1000\" height=\"667\" srcset=\"https:\/\/gardeon.pl\/wp-content\/uploads\/2017\/08\/deky-na-zahrade.jpg 1000w, https:\/\/gardeon.pl\/wp-content\/uploads\/2017\/08\/deky-na-zahrade-300x200.jpg 300w, https:\/\/gardeon.pl\/wp-content\/uploads\/2017\/08\/deky-na-zahrade-768x512.jpg 768w\" sizes=\"auto, (max-width: 1000px) 100vw, 1000px\" \/><\/p>\n<p>\u2022 Zapomnijcie o plastikowych sztu\u0107cach i nakryciach sto\u0142owych. Przyj\u0119cie w ogrodzie to idealna okazja, aby wykorzysta\u0107 talerze z motywem kwiatowym po babci lub kieliszki, kt\u00f3re otrzymali Pa\u0144stwo w prezencie \u015blubnym i nigdy ich nie u\u017cyli. <\/p>\n<p>\u2022 Dekoracj\u0119 podporz\u0105dkujcie zasadom minimalizmu. Do o\u015bwietlenia u\u017cyjcie \u015bwiec i lampion\u00f3w ogrodowych. Po zmroku stworz\u0105 przyjemne, przyt\u0142umione \u015bwiat\u0142o z nut\u0105 romantyzmu. Na stole u\u0142\u00f3\u017ccie kilka kwiat\u00f3w. Idealnie tych, kt\u00f3re maj\u0105 Pa\u0144stwo w ogrodzie lub polnych. Lawenda, r\u00f3\u017ce czy stokrotki s\u0105 nadal bardzo modne. Zamiast wazonu u\u017cyjcie szklanych s\u0142oik\u00f3w po przetworach lub kolorowych karafek na wod\u0119 czy wino. Wszystko razem stworzy styl vintage, kt\u00f3ry doskonale pasuje do ogrodowej uroczysto\u015bci.       <\/p>\n<p>\u2022 Je\u015bli chc\u0105 Pa\u0144stwo nada\u0107 swojemu przyj\u0119ciu oficjalnego charakteru, wy\u015blijcie przyjacio\u0142om r\u0119cznie wypisan\u0105 papierow\u0105 zaproszenie. Opr\u00f3cz informacji, kiedy i gdzie odb\u0119dzie si\u0119 przyj\u0119cie, mog\u0105 Pa\u0144stwo do\u0142\u0105czy\u0107 r\u00f3wnie\u017c zabawny tekst, na przyk\u0142ad <em>\u201eDobry humor obowi\u0105zkowy\u201d<\/em> lub <em>\u201eChod\u017acie z nami po\u017cegna\u0107 lato\u201d<\/em>.  <\/p>\n","protected":false},"excerpt":{"rendered":"<p>Koniec wakacji, ostatnie s\u0142oneczne urlopy i p\u00f3\u017ana sierpniowa data w kalendarzu. Wszystko wskazuje na to, \u017ce nieuchronnie zbli\u017ca si\u0119 koniec lata. Nie smu\u0107cie si\u0119 i cieszcie si\u0119 nim w pe\u0142ni. Zorganizujcie rodzinie i przyjacio\u0142om najlepsze przyj\u0119cie w ogrodzie, kt\u00f3re b\u0119d\u0105 d\u0142ugo wspomina\u0107.<\/p>\n","protected":false},"author":2,"featured_media":48243,"comment_status":"open","ping_status":"open","sticky":false,"template":"","format":"standard","meta":{"_acf_changed":false,"inline_featured_image":false,"footnotes":""},"categories":[607,622],"tags":[],"class_list":["post-48241","post","type-post","status-publish","format-standard","has-post-thumbnail","hentry","category-inspiracje","category-wiaty-i-altany"],"acf":[],"yoast_head":"<!-- This site is optimized with the Yoast SEO plugin v27.4 - https:\/\/yoast.com\/product\/yoast-seo-wordpress\/ -->\n<title>Zako\u0144cz lato idealnym przyj\u0119ciem w ogrodzie - GARDEON<\/title>\n<meta name=\"robots\" content=\"index, follow, max-snippet:-1, max-image-preview:large, max-video-preview:-1\" \/>\n<link rel=\"canonical\" href=\"https:\/\/gardeon.pl\/pl\/blog\/zakoncz-lato-idealnym-przyjeciem-w-ogrodzie\/\" \/>\n<meta property=\"og:locale\" content=\"pl_PL\" \/>\n<meta property=\"og:type\" content=\"article\" \/>\n<meta property=\"og:title\" content=\"Zako\u0144cz lato idealnym przyj\u0119ciem w ogrodzie - GARDEON\" \/>\n<meta property=\"og:description\" content=\"Koniec wakacji, ostatnie s\u0142oneczne urlopy i p\u00f3\u017ana sierpniowa data w kalendarzu. Wszystko wskazuje na to, \u017ce nieuchronnie zbli\u017ca si\u0119 koniec lata. Nie smu\u0107cie si\u0119 i cieszcie si\u0119 nim w pe\u0142ni. Zorganizujcie rodzinie i przyjacio\u0142om najlepsze przyj\u0119cie w ogrodzie, kt\u00f3re b\u0119d\u0105 d\u0142ugo wspomina\u0107.\" \/>\n<meta property=\"og:url\" content=\"https:\/\/gardeon.pl\/pl\/blog\/zakoncz-lato-idealnym-przyjeciem-w-ogrodzie\/\" \/>\n<meta property=\"og:site_name\" content=\"GARDEON\" \/>\n<meta property=\"article:published_time\" content=\"2026-04-23T16:41:16+00:00\" \/>\n<meta property=\"article:modified_time\" content=\"2026-04-23T16:44:21+00:00\" \/>\n<meta property=\"og:image\" content=\"http:\/\/gardeon.pl\/wp-content\/uploads\/2017\/08\/najlapesia-zahradna-party.jpg\" \/>\n\t<meta property=\"og:image:width\" content=\"1000\" \/>\n\t<meta property=\"og:image:height\" content=\"676\" \/>\n\t<meta property=\"og:image:type\" content=\"image\/jpeg\" \/>\n<meta name=\"author\" content=\"editor\" \/>\n<meta name=\"twitter:card\" content=\"summary_large_image\" \/>\n<meta name=\"twitter:label1\" content=\"Napisane przez\" \/>\n\t<meta name=\"twitter:data1\" content=\"editor\" \/>\n\t<meta name=\"twitter:label2\" content=\"Szacowany czas czytania\" \/>\n\t<meta name=\"twitter:data2\" content=\"4 minuty\" \/>\n<script type=\"application\/ld+json\" class=\"yoast-schema-graph\">{\"@context\":\"https:\\\/\\\/schema.org\",\"@graph\":[{\"@type\":\"Article\",\"@id\":\"https:\\\/\\\/gardeon.pl\\\/pl\\\/blog\\\/zakoncz-lato-idealnym-przyjeciem-w-ogrodzie\\\/#article\",\"isPartOf\":{\"@id\":\"https:\\\/\\\/gardeon.pl\\\/pl\\\/blog\\\/zakoncz-lato-idealnym-przyjeciem-w-ogrodzie\\\/\"},\"author\":{\"name\":\"editor\",\"@id\":\"https:\\\/\\\/gardeon.pl\\\/#\\\/schema\\\/person\\\/a5762ca5f0790bf92774af0899379463\"},\"headline\":\"Zako\u0144cz lato idealnym przyj\u0119ciem w ogrodzie\",\"datePublished\":\"2026-04-23T16:41:16+00:00\",\"dateModified\":\"2026-04-23T16:44:21+00:00\",\"mainEntityOfPage\":{\"@id\":\"https:\\\/\\\/gardeon.pl\\\/pl\\\/blog\\\/zakoncz-lato-idealnym-przyjeciem-w-ogrodzie\\\/\"},\"wordCount\":841,\"commentCount\":0,\"image\":{\"@id\":\"https:\\\/\\\/gardeon.pl\\\/pl\\\/blog\\\/zakoncz-lato-idealnym-przyjeciem-w-ogrodzie\\\/#primaryimage\"},\"thumbnailUrl\":\"https:\\\/\\\/gardeon.pl\\\/wp-content\\\/uploads\\\/2017\\\/08\\\/najlapesia-zahradna-party.jpg\",\"articleSection\":[\"Inspiracje\",\"Wiaty i altany\"],\"inLanguage\":\"pl-PL\",\"potentialAction\":[{\"@type\":\"CommentAction\",\"name\":\"Comment\",\"target\":[\"https:\\\/\\\/gardeon.pl\\\/pl\\\/blog\\\/zakoncz-lato-idealnym-przyjeciem-w-ogrodzie\\\/#respond\"]}]},{\"@type\":\"WebPage\",\"@id\":\"https:\\\/\\\/gardeon.pl\\\/pl\\\/blog\\\/zakoncz-lato-idealnym-przyjeciem-w-ogrodzie\\\/\",\"url\":\"https:\\\/\\\/gardeon.pl\\\/pl\\\/blog\\\/zakoncz-lato-idealnym-przyjeciem-w-ogrodzie\\\/\",\"name\":\"Zako\u0144cz lato idealnym przyj\u0119ciem w ogrodzie - GARDEON\",\"isPartOf\":{\"@id\":\"https:\\\/\\\/gardeon.pl\\\/#website\"},\"primaryImageOfPage\":{\"@id\":\"https:\\\/\\\/gardeon.pl\\\/pl\\\/blog\\\/zakoncz-lato-idealnym-przyjeciem-w-ogrodzie\\\/#primaryimage\"},\"image\":{\"@id\":\"https:\\\/\\\/gardeon.pl\\\/pl\\\/blog\\\/zakoncz-lato-idealnym-przyjeciem-w-ogrodzie\\\/#primaryimage\"},\"thumbnailUrl\":\"https:\\\/\\\/gardeon.pl\\\/wp-content\\\/uploads\\\/2017\\\/08\\\/najlapesia-zahradna-party.jpg\",\"datePublished\":\"2026-04-23T16:41:16+00:00\",\"dateModified\":\"2026-04-23T16:44:21+00:00\",\"author\":{\"@id\":\"https:\\\/\\\/gardeon.pl\\\/#\\\/schema\\\/person\\\/a5762ca5f0790bf92774af0899379463\"},\"breadcrumb\":{\"@id\":\"https:\\\/\\\/gardeon.pl\\\/pl\\\/blog\\\/zakoncz-lato-idealnym-przyjeciem-w-ogrodzie\\\/#breadcrumb\"},\"inLanguage\":\"pl-PL\",\"potentialAction\":[{\"@type\":\"ReadAction\",\"target\":[\"https:\\\/\\\/gardeon.pl\\\/pl\\\/blog\\\/zakoncz-lato-idealnym-przyjeciem-w-ogrodzie\\\/\"]}]},{\"@type\":\"ImageObject\",\"inLanguage\":\"pl-PL\",\"@id\":\"https:\\\/\\\/gardeon.pl\\\/pl\\\/blog\\\/zakoncz-lato-idealnym-przyjeciem-w-ogrodzie\\\/#primaryimage\",\"url\":\"https:\\\/\\\/gardeon.pl\\\/wp-content\\\/uploads\\\/2017\\\/08\\\/najlapesia-zahradna-party.jpg\",\"contentUrl\":\"https:\\\/\\\/gardeon.pl\\\/wp-content\\\/uploads\\\/2017\\\/08\\\/najlapesia-zahradna-party.jpg\",\"width\":1000,\"height\":676,\"caption\":\"Drewniany st\u00f3\u0142 pod zadaszeniem\"},{\"@type\":\"BreadcrumbList\",\"@id\":\"https:\\\/\\\/gardeon.pl\\\/pl\\\/blog\\\/zakoncz-lato-idealnym-przyjeciem-w-ogrodzie\\\/#breadcrumb\",\"itemListElement\":[{\"@type\":\"ListItem\",\"position\":1,\"name\":\"Domov\",\"item\":\"https:\\\/\\\/gardeon.pl\\\/pl\\\/\"},{\"@type\":\"ListItem\",\"position\":2,\"name\":\"Zako\u0144cz lato idealnym przyj\u0119ciem w ogrodzie\"}]},{\"@type\":\"WebSite\",\"@id\":\"https:\\\/\\\/gardeon.pl\\\/#website\",\"url\":\"https:\\\/\\\/gardeon.pl\\\/\",\"name\":\"GARDEON\",\"description\":\"\",\"potentialAction\":[{\"@type\":\"SearchAction\",\"target\":{\"@type\":\"EntryPoint\",\"urlTemplate\":\"https:\\\/\\\/gardeon.pl\\\/?s={search_term_string}\"},\"query-input\":{\"@type\":\"PropertyValueSpecification\",\"valueRequired\":true,\"valueName\":\"search_term_string\"}}],\"inLanguage\":\"pl-PL\"},{\"@type\":\"Person\",\"@id\":\"https:\\\/\\\/gardeon.pl\\\/#\\\/schema\\\/person\\\/a5762ca5f0790bf92774af0899379463\",\"name\":\"editor\",\"image\":{\"@type\":\"ImageObject\",\"inLanguage\":\"pl-PL\",\"@id\":\"https:\\\/\\\/secure.gravatar.com\\\/avatar\\\/2b748151c2c748327307fd289a91b3bdafdd9e64e2d000e65e53d6dcf11c5830?s=96&d=mm&r=g\",\"url\":\"https:\\\/\\\/secure.gravatar.com\\\/avatar\\\/2b748151c2c748327307fd289a91b3bdafdd9e64e2d000e65e53d6dcf11c5830?s=96&d=mm&r=g\",\"contentUrl\":\"https:\\\/\\\/secure.gravatar.com\\\/avatar\\\/2b748151c2c748327307fd289a91b3bdafdd9e64e2d000e65e53d6dcf11c5830?s=96&d=mm&r=g\",\"caption\":\"editor\"}}]}<\/script>\n<!-- \/ Yoast SEO plugin. -->","yoast_head_json":{"title":"Zako\u0144cz lato idealnym przyj\u0119ciem w ogrodzie - GARDEON","robots":{"index":"index","follow":"follow","max-snippet":"max-snippet:-1","max-image-preview":"max-image-preview:large","max-video-preview":"max-video-preview:-1"},"canonical":"https:\/\/gardeon.pl\/pl\/blog\/zakoncz-lato-idealnym-przyjeciem-w-ogrodzie\/","og_locale":"pl_PL","og_type":"article","og_title":"Zako\u0144cz lato idealnym przyj\u0119ciem w ogrodzie - GARDEON","og_description":"Koniec wakacji, ostatnie s\u0142oneczne urlopy i p\u00f3\u017ana sierpniowa data w kalendarzu. Wszystko wskazuje na to, \u017ce nieuchronnie zbli\u017ca si\u0119 koniec lata. Nie smu\u0107cie si\u0119 i cieszcie si\u0119 nim w pe\u0142ni. Zorganizujcie rodzinie i przyjacio\u0142om najlepsze przyj\u0119cie w ogrodzie, kt\u00f3re b\u0119d\u0105 d\u0142ugo wspomina\u0107.","og_url":"https:\/\/gardeon.pl\/pl\/blog\/zakoncz-lato-idealnym-przyjeciem-w-ogrodzie\/","og_site_name":"GARDEON","article_published_time":"2026-04-23T16:41:16+00:00","article_modified_time":"2026-04-23T16:44:21+00:00","og_image":[{"width":1000,"height":676,"url":"http:\/\/gardeon.pl\/wp-content\/uploads\/2017\/08\/najlapesia-zahradna-party.jpg","type":"image\/jpeg"}],"author":"editor","twitter_card":"summary_large_image","twitter_misc":{"Napisane przez":"editor","Szacowany czas czytania":"4 minuty"},"schema":{"@context":"https:\/\/schema.org","@graph":[{"@type":"Article","@id":"https:\/\/gardeon.pl\/pl\/blog\/zakoncz-lato-idealnym-przyjeciem-w-ogrodzie\/#article","isPartOf":{"@id":"https:\/\/gardeon.pl\/pl\/blog\/zakoncz-lato-idealnym-przyjeciem-w-ogrodzie\/"},"author":{"name":"editor","@id":"https:\/\/gardeon.pl\/#\/schema\/person\/a5762ca5f0790bf92774af0899379463"},"headline":"Zako\u0144cz lato idealnym przyj\u0119ciem w ogrodzie","datePublished":"2026-04-23T16:41:16+00:00","dateModified":"2026-04-23T16:44:21+00:00","mainEntityOfPage":{"@id":"https:\/\/gardeon.pl\/pl\/blog\/zakoncz-lato-idealnym-przyjeciem-w-ogrodzie\/"},"wordCount":841,"commentCount":0,"image":{"@id":"https:\/\/gardeon.pl\/pl\/blog\/zakoncz-lato-idealnym-przyjeciem-w-ogrodzie\/#primaryimage"},"thumbnailUrl":"https:\/\/gardeon.pl\/wp-content\/uploads\/2017\/08\/najlapesia-zahradna-party.jpg","articleSection":["Inspiracje","Wiaty i altany"],"inLanguage":"pl-PL","potentialAction":[{"@type":"CommentAction","name":"Comment","target":["https:\/\/gardeon.pl\/pl\/blog\/zakoncz-lato-idealnym-przyjeciem-w-ogrodzie\/#respond"]}]},{"@type":"WebPage","@id":"https:\/\/gardeon.pl\/pl\/blog\/zakoncz-lato-idealnym-przyjeciem-w-ogrodzie\/","url":"https:\/\/gardeon.pl\/pl\/blog\/zakoncz-lato-idealnym-przyjeciem-w-ogrodzie\/","name":"Zako\u0144cz lato idealnym przyj\u0119ciem w ogrodzie - GARDEON","isPartOf":{"@id":"https:\/\/gardeon.pl\/#website"},"primaryImageOfPage":{"@id":"https:\/\/gardeon.pl\/pl\/blog\/zakoncz-lato-idealnym-przyjeciem-w-ogrodzie\/#primaryimage"},"image":{"@id":"https:\/\/gardeon.pl\/pl\/blog\/zakoncz-lato-idealnym-przyjeciem-w-ogrodzie\/#primaryimage"},"thumbnailUrl":"https:\/\/gardeon.pl\/wp-content\/uploads\/2017\/08\/najlapesia-zahradna-party.jpg","datePublished":"2026-04-23T16:41:16+00:00","dateModified":"2026-04-23T16:44:21+00:00","author":{"@id":"https:\/\/gardeon.pl\/#\/schema\/person\/a5762ca5f0790bf92774af0899379463"},"breadcrumb":{"@id":"https:\/\/gardeon.pl\/pl\/blog\/zakoncz-lato-idealnym-przyjeciem-w-ogrodzie\/#breadcrumb"},"inLanguage":"pl-PL","potentialAction":[{"@type":"ReadAction","target":["https:\/\/gardeon.pl\/pl\/blog\/zakoncz-lato-idealnym-przyjeciem-w-ogrodzie\/"]}]},{"@type":"ImageObject","inLanguage":"pl-PL","@id":"https:\/\/gardeon.pl\/pl\/blog\/zakoncz-lato-idealnym-przyjeciem-w-ogrodzie\/#primaryimage","url":"https:\/\/gardeon.pl\/wp-content\/uploads\/2017\/08\/najlapesia-zahradna-party.jpg","contentUrl":"https:\/\/gardeon.pl\/wp-content\/uploads\/2017\/08\/najlapesia-zahradna-party.jpg","width":1000,"height":676,"caption":"Drewniany st\u00f3\u0142 pod zadaszeniem"},{"@type":"BreadcrumbList","@id":"https:\/\/gardeon.pl\/pl\/blog\/zakoncz-lato-idealnym-przyjeciem-w-ogrodzie\/#breadcrumb","itemListElement":[{"@type":"ListItem","position":1,"name":"Domov","item":"https:\/\/gardeon.pl\/pl\/"},{"@type":"ListItem","position":2,"name":"Zako\u0144cz lato idealnym przyj\u0119ciem w ogrodzie"}]},{"@type":"WebSite","@id":"https:\/\/gardeon.pl\/#website","url":"https:\/\/gardeon.pl\/","name":"GARDEON","description":"","potentialAction":[{"@type":"SearchAction","target":{"@type":"EntryPoint","urlTemplate":"https:\/\/gardeon.pl\/?s={search_term_string}"},"query-input":{"@type":"PropertyValueSpecification","valueRequired":true,"valueName":"search_term_string"}}],"inLanguage":"pl-PL"},{"@type":"Person","@id":"https:\/\/gardeon.pl\/#\/schema\/person\/a5762ca5f0790bf92774af0899379463","name":"editor","image":{"@type":"ImageObject","inLanguage":"pl-PL","@id":"https:\/\/secure.gravatar.com\/avatar\/2b748151c2c748327307fd289a91b3bdafdd9e64e2d000e65e53d6dcf11c5830?s=96&d=mm&r=g","url":"https:\/\/secure.gravatar.com\/avatar\/2b748151c2c748327307fd289a91b3bdafdd9e64e2d000e65e53d6dcf11c5830?s=96&d=mm&r=g","contentUrl":"https:\/\/secure.gravatar.com\/avatar\/2b748151c2c748327307fd289a91b3bdafdd9e64e2d000e65e53d6dcf11c5830?s=96&d=mm&r=g","caption":"editor"}}]}},"_links":{"self":[{"href":"https:\/\/gardeon.pl\/pl\/wp-json\/wp\/v2\/posts\/48241","targetHints":{"allow":["GET"]}}],"collection":[{"href":"https:\/\/gardeon.pl\/pl\/wp-json\/wp\/v2\/posts"}],"about":[{"href":"https:\/\/gardeon.pl\/pl\/wp-json\/wp\/v2\/types\/post"}],"author":[{"embeddable":true,"href":"https:\/\/gardeon.pl\/pl\/wp-json\/wp\/v2\/users\/2"}],"replies":[{"embeddable":true,"href":"https:\/\/gardeon.pl\/pl\/wp-json\/wp\/v2\/comments?post=48241"}],"version-history":[{"count":0,"href":"https:\/\/gardeon.pl\/pl\/wp-json\/wp\/v2\/posts\/48241\/revisions"}],"wp:featuredmedia":[{"embeddable":true,"href":"https:\/\/gardeon.pl\/pl\/wp-json\/wp\/v2\/media\/48243"}],"wp:attachment":[{"href":"https:\/\/gardeon.pl\/pl\/wp-json\/wp\/v2\/media?parent=48241"}],"wp:term":[{"taxonomy":"category","embeddable":true,"href":"https:\/\/gardeon.pl\/pl\/wp-json\/wp\/v2\/categories?post=48241"},{"taxonomy":"post_tag","embeddable":true,"href":"https:\/\/gardeon.pl\/pl\/wp-json\/wp\/v2\/tags?post=48241"}],"curies":[{"name":"wp","href":"https:\/\/api.w.org\/{rel}","templated":true}]}}