{"id":48257,"date":"2026-04-23T18:41:15","date_gmt":"2026-04-23T16:41:15","guid":{"rendered":"https:\/\/gardeon.pl\/?p=48257"},"modified":"2026-04-23T18:44:20","modified_gmt":"2026-04-23T16:44:20","slug":"dlaczego-obchodzimy-walentynki-6-inspiracji-na-dekoracje-ogrodu","status":"publish","type":"post","link":"https:\/\/gardeon.pl\/pl\/blog\/dlaczego-obchodzimy-walentynki-6-inspiracji-na-dekoracje-ogrodu\/","title":{"rendered":"Dlaczego obchodzimy walentynki + 6 inspiracji na dekoracj\u0119 ogrodu"},"content":{"rendered":"<p><em>Dla wielu d\u0142ugo wyczekiwany dzie\u0144 pe\u0142en kwiat\u00f3w, czekoladek i poca\u0142unk\u00f3w. Dla innych komercyjny ameryka\u0144ski wymys\u0142. Do kt\u00f3rej grupy Pa\u0144stwo nale\u017c\u0105? Przedstawimy legend\u0119 o tym, jak powsta\u0142o \u015bwi\u0119to zakochanych i dlaczego w\u0142a\u015bciwie obchodzimy walentynki. By\u0107 mo\u017ce zainspirujemy Pa\u0144stwa r\u00f3wnie\u017c walentynkowymi wskaz\u00f3wkami dotycz\u0105cymi dekoracji ogrodu. Ozdabianie b\u0119dzie \u015bwietn\u0105 zabaw\u0105 dla dzieci i oczaruje go\u015bci.     <\/em><\/p>\n<p><!--more--><\/p>\n<h2>Dlaczego ludzie w tym dniu wyznaj\u0105 sobie mi\u0142o\u015b\u0107<\/h2>\n<h3>Kim jest \u015bwi\u0119ty Walenty?<\/h3>\n<p>Istnieje kilka legend. G\u0142\u00f3wnym bohaterem najs\u0142ynniejszej z nich jest rzymski kap\u0142an. W III wieku cesarz Klaudiusz organizowa\u0142 liczne wyprawy wojenne. Mia\u0142 jednak problem. \u017bonaci m\u0119\u017cczy\u017ani nie ryzykownali \u017cycia tak ch\u0119tnie, jak by sobie tego \u017cyczy\u0142. Wed\u0142ug niego nie byli wystarczaj\u0105co zdolni do walki i odwa\u017cni, poniewa\u017c w domu czeka\u0142y na nich \u017cony i dzieci. Dlatego zakaza\u0142 wszelkich ma\u0142\u017ce\u0144stw.       <span class=\"Apple-converted-space\"> <\/span><\/p>\n<p><img loading=\"lazy\" decoding=\"async\" class=\"aligncenter wp-image-18703\" src=\"http:\/\/gardeon.pl\/wp-content\/uploads\/2019\/02\/b-793x1024.jpg\" alt=\"Obraz Saint Valentin\" width=\"800\" height=\"1033\" srcset=\"https:\/\/gardeon.pl\/wp-content\/uploads\/2019\/02\/b-793x1024.jpg 793w, https:\/\/gardeon.pl\/wp-content\/uploads\/2019\/02\/b-232x300.jpg 232w, https:\/\/gardeon.pl\/wp-content\/uploads\/2019\/02\/b-768x992.jpg 768w, https:\/\/gardeon.pl\/wp-content\/uploads\/2019\/02\/b.jpg 929w\" sizes=\"auto, (max-width: 800px) 100vw, 800px\" \/><\/p>\n<p>Rzymski kap\u0142an Walenty jednak nadal udziela\u0142 \u015blub\u00f3w zakochanym parom. Zgadn\u0105 Pa\u0144stwo, jak potoczy\u0142a si\u0119 ta historia? Wi\u0119zienie, tortury i egzekucja. Odby\u0142a si\u0119 ona 14 lutego 296 roku. Nast\u0119pnie w 469 roku papie\u017c Gelazjusz I ustanowi\u0142 rocznic\u0119 \u015bmierci \u015bw. Walentego dniem pami\u0119ci i dlatego do dzi\u015b obchodzimy \u015bwi\u0119to \u015bw. Walentego.       <span class=\"Apple-converted-space\"> <\/span><\/p>\n<p>Cho\u0107 dzi\u015b widzimy g\u0142\u00f3wnie jego komercyjne oblicze, nie wolno nam zapomina\u0107 o istocie \u2013 mi\u0142o\u015bci :) Zapraszamy Pa\u0144stwa do wsp\u00f3lnego \u015bwi\u0119towania walentynek! <\/p>\n<h2>6 inspiracji na walentynkowe dekoracje do ogrodu<\/h2>\n<h3>1. Przepi\u0119kne wie\u0144ce na drzwi z kwiat\u00f3w i owoc\u00f3w.<\/h3>\n<p>Suszone owoce oczywi\u015bcie wytrzymaj\u0105 d\u0142u\u017cej, ale nic nie dor\u00f3wna pi\u0119knu \u015bwie\u017cych kwiat\u00f3w.<\/p>\n<p><img loading=\"lazy\" decoding=\"async\" class=\"aligncenter wp-image-18632\" src=\"http:\/\/gardeon.pl\/wp-content\/uploads\/2019\/02\/creative-outdoor-valentine-decor-ideas-5-554x554.jpg\" alt=\"Czerwony wieniec z wi\u015bni w kszta\u0142cie serca\" width=\"800\" height=\"800\" srcset=\"https:\/\/gardeon.pl\/wp-content\/uploads\/2019\/02\/creative-outdoor-valentine-decor-ideas-5-554x554.jpg 554w, https:\/\/gardeon.pl\/wp-content\/uploads\/2019\/02\/creative-outdoor-valentine-decor-ideas-5-554x554-150x150.jpg 150w, https:\/\/gardeon.pl\/wp-content\/uploads\/2019\/02\/creative-outdoor-valentine-decor-ideas-5-554x554-300x300.jpg 300w\" sizes=\"auto, (max-width: 800px) 100vw, 800px\" \/><\/p>\n<p><img loading=\"lazy\" decoding=\"async\" class=\"aligncenter wp-image-18634\" src=\"http:\/\/gardeon.pl\/wp-content\/uploads\/2019\/02\/gt_cockcom01_hd-819x1024.jpg\" alt=\"Serce zawieszone na wst\u0105\u017cce\" width=\"800\" height=\"1000\" srcset=\"https:\/\/gardeon.pl\/wp-content\/uploads\/2019\/02\/gt_cockcom01_hd-819x1024.jpg 819w, https:\/\/gardeon.pl\/wp-content\/uploads\/2019\/02\/gt_cockcom01_hd-240x300.jpg 240w, https:\/\/gardeon.pl\/wp-content\/uploads\/2019\/02\/gt_cockcom01_hd-768x960.jpg 768w, https:\/\/gardeon.pl\/wp-content\/uploads\/2019\/02\/gt_cockcom01_hd.jpg 1040w\" sizes=\"auto, (max-width: 800px) 100vw, 800px\" \/><\/p>\n<p><img loading=\"lazy\" decoding=\"async\" class=\"aligncenter wp-image-18636\" src=\"http:\/\/gardeon.pl\/wp-content\/uploads\/2019\/02\/dc8b095347acefe5c3fd12f8ea697bcc-e1549365703425.jpg\" alt=\"Serce z r\u00f3\u017c\" width=\"800\" height=\"944\" srcset=\"https:\/\/gardeon.pl\/wp-content\/uploads\/2019\/02\/dc8b095347acefe5c3fd12f8ea697bcc-e1549365703425.jpg 360w, https:\/\/gardeon.pl\/wp-content\/uploads\/2019\/02\/dc8b095347acefe5c3fd12f8ea697bcc-e1549365703425-254x300.jpg 254w\" sizes=\"auto, (max-width: 800px) 100vw, 800px\" \/><\/p>\n<h3>2. \u015awiate\u0142ka i \u015bwiece<\/h3>\n<p><a href=\"https:\/\/gardeon.pl\/pl\/blog\/5-inspiracji-ktore-rozswietla-panstwa-ogrod-rowniez-w-nocy\/\"><b>Romantyzm na ka\u017cdy dzie\u0144<\/b><\/a><b>.<\/b> Czy maj\u0105 Pa\u0144stwo jeszcze pozosta\u0142o\u015bci dekoracji bo\u017conarodzeniowych? Prosz\u0119 przekszta\u0142ci\u0107 je w walentynkowe. \u015awiece i \u015bwiat\u0142a wystarczy \u201eubra\u0107\u201d w walentynkowy design.  <\/p>\n<p><img loading=\"lazy\" decoding=\"async\" class=\"aligncenter wp-image-18639\" src=\"http:\/\/gardeon.pl\/wp-content\/uploads\/2019\/02\/04d2e3c5f2b796e14c1c7b1384815923.jpg\" alt=\"\u015awiate\u0142ka wok\u00f3\u0142 balustrady w domu\" width=\"800\" height=\"1210\" srcset=\"https:\/\/gardeon.pl\/wp-content\/uploads\/2019\/02\/04d2e3c5f2b796e14c1c7b1384815923.jpg 463w, https:\/\/gardeon.pl\/wp-content\/uploads\/2019\/02\/04d2e3c5f2b796e14c1c7b1384815923-198x300.jpg 198w\" sizes=\"auto, (max-width: 800px) 100vw, 800px\" \/><\/p>\n<p><img loading=\"lazy\" decoding=\"async\" class=\"aligncenter wp-image-18641\" src=\"http:\/\/gardeon.pl\/wp-content\/uploads\/2019\/02\/8455111746_10d70f5778_z-1.jpg\" alt=\"\u015awieca w naczyniu\" width=\"800\" height=\"601\" srcset=\"https:\/\/gardeon.pl\/wp-content\/uploads\/2019\/02\/8455111746_10d70f5778_z-1.jpg 640w, https:\/\/gardeon.pl\/wp-content\/uploads\/2019\/02\/8455111746_10d70f5778_z-1-300x225.jpg 300w\" sizes=\"auto, (max-width: 800px) 100vw, 800px\" \/><\/p>\n<p><img loading=\"lazy\" decoding=\"async\" class=\"aligncenter wp-image-18643\" src=\"http:\/\/gardeon.pl\/wp-content\/uploads\/2019\/02\/b77f17a71c90ec00a755353c550820c5.jpg\" alt=\"\u015awiece\" width=\"800\" height=\"865\" srcset=\"https:\/\/gardeon.pl\/wp-content\/uploads\/2019\/02\/b77f17a71c90ec00a755353c550820c5.jpg 564w, https:\/\/gardeon.pl\/wp-content\/uploads\/2019\/02\/b77f17a71c90ec00a755353c550820c5-277x300.jpg 277w\" sizes=\"auto, (max-width: 800px) 100vw, 800px\" \/><\/p>\n<p><img loading=\"lazy\" decoding=\"async\" class=\"aligncenter wp-image-18645\" src=\"http:\/\/gardeon.pl\/wp-content\/uploads\/2019\/02\/edefaaac115cab92823fe0c22f6bca8f.jpg\" alt=\"\u015awiece w kolorowych naczyniach\" width=\"800\" height=\"1142\" srcset=\"https:\/\/gardeon.pl\/wp-content\/uploads\/2019\/02\/edefaaac115cab92823fe0c22f6bca8f.jpg 290w, https:\/\/gardeon.pl\/wp-content\/uploads\/2019\/02\/edefaaac115cab92823fe0c22f6bca8f-210x300.jpg 210w\" sizes=\"auto, (max-width: 800px) 100vw, 800px\" \/><\/p>\n<h3>3. Dekoracje w kszta\u0142cie serca z r\u00f3\u017cnych materia\u0142\u00f3w.<\/h3>\n<p>Prosz\u0119 zawiesi\u0107 je na \u015bcianach wiaty gara\u017cowej lub w altanie. Mo\u017cna je r\u00f3wnie\u017c wetkn\u0105\u0107 do doniczek. Dekoracje mo\u017cna kupi\u0107, ale niekt\u00f3re warto <a href=\"https:\/\/www.napadynavody.sk\/19-jednoduchych-napadov-na-urob-si-sam-dekoracie-n-p626\">wykona\u0107 samodzielnie<\/a>.  <\/p>\n<p><img loading=\"lazy\" decoding=\"async\" class=\"aligncenter wp-image-18652\" src=\"http:\/\/gardeon.pl\/wp-content\/uploads\/2019\/02\/6baa6aca4dfd2a27b7f0eda08cb2dba9.jpg\" alt=\"Kolorowe wisz\u0105ce serca\" width=\"800\" height=\"1000\" srcset=\"https:\/\/gardeon.pl\/wp-content\/uploads\/2019\/02\/6baa6aca4dfd2a27b7f0eda08cb2dba9.jpg 564w, https:\/\/gardeon.pl\/wp-content\/uploads\/2019\/02\/6baa6aca4dfd2a27b7f0eda08cb2dba9-240x300.jpg 240w\" sizes=\"auto, (max-width: 800px) 100vw, 800px\" \/><\/p>\n<p><img loading=\"lazy\" decoding=\"async\" class=\"aligncenter wp-image-18654\" src=\"http:\/\/gardeon.pl\/wp-content\/uploads\/2019\/02\/40cc4c1920bd3d8d521b9703214a1bf0.jpg\" alt=\"Serce z kawa\u0142k\u00f3w drewna\" width=\"800\" height=\"1193\" srcset=\"https:\/\/gardeon.pl\/wp-content\/uploads\/2019\/02\/40cc4c1920bd3d8d521b9703214a1bf0.jpg 564w, https:\/\/gardeon.pl\/wp-content\/uploads\/2019\/02\/40cc4c1920bd3d8d521b9703214a1bf0-201x300.jpg 201w\" sizes=\"auto, (max-width: 800px) 100vw, 800px\" \/><\/p>\n<p><img loading=\"lazy\" decoding=\"async\" class=\"aligncenter wp-image-18656\" src=\"http:\/\/gardeon.pl\/wp-content\/uploads\/2019\/02\/creative-outdoor-valentine-decor-ideas-15.jpg\" alt=\"Zawieszone czerwone sztuczne serce\" width=\"800\" height=\"1067\" srcset=\"https:\/\/gardeon.pl\/wp-content\/uploads\/2019\/02\/creative-outdoor-valentine-decor-ideas-15.jpg 480w, https:\/\/gardeon.pl\/wp-content\/uploads\/2019\/02\/creative-outdoor-valentine-decor-ideas-15-225x300.jpg 225w\" sizes=\"auto, (max-width: 800px) 100vw, 800px\" \/><\/p>\n<p><img loading=\"lazy\" decoding=\"async\" class=\"aligncenter wp-image-18658\" src=\"http:\/\/gardeon.pl\/wp-content\/uploads\/2019\/02\/creative-outdoor-valentine-decor-ideas-18.jpg\" alt=\"Serce z tulipanami\" width=\"800\" height=\"928\" srcset=\"https:\/\/gardeon.pl\/wp-content\/uploads\/2019\/02\/creative-outdoor-valentine-decor-ideas-18.jpg 480w, https:\/\/gardeon.pl\/wp-content\/uploads\/2019\/02\/creative-outdoor-valentine-decor-ideas-18-259x300.jpg 259w\" sizes=\"auto, (max-width: 800px) 100vw, 800px\" \/><\/p>\n<p><img loading=\"lazy\" decoding=\"async\" class=\"aligncenter wp-image-18660\" src=\"http:\/\/gardeon.pl\/wp-content\/uploads\/2019\/02\/e89fb76a78e5528cce7575a360bc1f61.jpg\" alt=\"Serce z jedzenia\" width=\"800\" height=\"1200\" srcset=\"https:\/\/gardeon.pl\/wp-content\/uploads\/2019\/02\/e89fb76a78e5528cce7575a360bc1f61.jpg 564w, https:\/\/gardeon.pl\/wp-content\/uploads\/2019\/02\/e89fb76a78e5528cce7575a360bc1f61-200x300.jpg 200w\" sizes=\"auto, (max-width: 800px) 100vw, 800px\" \/><\/p>\n<h3>4. Girlandy na oknach lub w altanie.<\/h3>\n<p><a href=\"https:\/\/redtri.com\/easy-garlands-for-the-holidays\/\">Prosz\u0119 wykona\u0107 z dzie\u0107mi girlandy z tkaniny<\/a>, p\u0142\u00f3tna lub papieru i zawiesi\u0107 je na belkach wiaty ogrodowej lub pod oknami. Lepiej umie\u015bci\u0107 je tak, aby nie pada\u0142 na nie deszcz ani \u015bnieg. <\/p>\n<p><img loading=\"lazy\" decoding=\"async\" class=\"aligncenter wp-image-18668\" src=\"http:\/\/gardeon.pl\/wp-content\/uploads\/2019\/02\/5c2cc7f11998fd7d61b895cf2ed74cc1.jpg\" alt=\"Girlandy z serduszkami\" width=\"800\" height=\"1200\" srcset=\"https:\/\/gardeon.pl\/wp-content\/uploads\/2019\/02\/5c2cc7f11998fd7d61b895cf2ed74cc1.jpg 564w, https:\/\/gardeon.pl\/wp-content\/uploads\/2019\/02\/5c2cc7f11998fd7d61b895cf2ed74cc1-200x300.jpg 200w\" sizes=\"auto, (max-width: 800px) 100vw, 800px\" \/><\/p>\n<p><img loading=\"lazy\" decoding=\"async\" class=\"aligncenter wp-image-18670\" src=\"http:\/\/gardeon.pl\/wp-content\/uploads\/2019\/02\/creative-outdoor-valentine-decor-ideas-20.jpg\" alt=\"Girlandy z serduszkami zawieszone przed oknem\" width=\"800\" height=\"1066\" srcset=\"https:\/\/gardeon.pl\/wp-content\/uploads\/2019\/02\/creative-outdoor-valentine-decor-ideas-20.jpg 550w, https:\/\/gardeon.pl\/wp-content\/uploads\/2019\/02\/creative-outdoor-valentine-decor-ideas-20-225x300.jpg 225w\" sizes=\"auto, (max-width: 800px) 100vw, 800px\" \/><\/p>\n<p><img loading=\"lazy\" decoding=\"async\" class=\"aligncenter wp-image-18672\" src=\"http:\/\/gardeon.pl\/wp-content\/uploads\/2019\/02\/DSC_0069.jpg\" alt=\"Girlanda z papierowych serduszek\" width=\"800\" height=\"871\" srcset=\"https:\/\/gardeon.pl\/wp-content\/uploads\/2019\/02\/DSC_0069.jpg 588w, https:\/\/gardeon.pl\/wp-content\/uploads\/2019\/02\/DSC_0069-276x300.jpg 276w\" sizes=\"auto, (max-width: 800px) 100vw, 800px\" \/><\/p>\n<p><img loading=\"lazy\" decoding=\"async\" class=\"aligncenter wp-image-18674\" src=\"http:\/\/gardeon.pl\/wp-content\/uploads\/2019\/02\/Valentines-Day-Decor-47.jpg\" alt=\"Girlanda z czerwonych serduszek\" width=\"800\" height=\"533\" srcset=\"https:\/\/gardeon.pl\/wp-content\/uploads\/2019\/02\/Valentines-Day-Decor-47.jpg 650w, https:\/\/gardeon.pl\/wp-content\/uploads\/2019\/02\/Valentines-Day-Decor-47-300x200.jpg 300w\" sizes=\"auto, (max-width: 800px) 100vw, 800px\" \/><\/p>\n<h3>5. Gustowny koc z motywem serca.<\/h3>\n<p>Prosz\u0119 go przewiesi\u0107 przez meble ogrodowe lub przez sof\u0119 w prefabrykowanym domku ogrodowym.<span class=\"Apple-converted-space\"> <\/span><\/p>\n<p><img loading=\"lazy\" decoding=\"async\" class=\"aligncenter wp-image-18678\" src=\"http:\/\/gardeon.pl\/wp-content\/uploads\/2019\/02\/798b1fda7c0b3380ea9e8b5996872ef0.jpg\" alt=\"Para przykryta kocem w serca\" width=\"800\" height=\"949\" srcset=\"https:\/\/gardeon.pl\/wp-content\/uploads\/2019\/02\/798b1fda7c0b3380ea9e8b5996872ef0.jpg 430w, https:\/\/gardeon.pl\/wp-content\/uploads\/2019\/02\/798b1fda7c0b3380ea9e8b5996872ef0-253x300.jpg 253w\" sizes=\"auto, (max-width: 800px) 100vw, 800px\" \/><\/p>\n<p><img loading=\"lazy\" decoding=\"async\" class=\"aligncenter wp-image-18680\" src=\"http:\/\/gardeon.pl\/wp-content\/uploads\/2019\/02\/97532n-1_2-e1549365261879.jpg\" alt=\"Ciemnoczerwony dzianinowy koc\" width=\"800\" height=\"886\" srcset=\"https:\/\/gardeon.pl\/wp-content\/uploads\/2019\/02\/97532n-1_2-e1549365261879.jpg 408w, https:\/\/gardeon.pl\/wp-content\/uploads\/2019\/02\/97532n-1_2-e1549365261879-271x300.jpg 271w\" sizes=\"auto, (max-width: 800px) 100vw, 800px\" \/><\/p>\n<p><img loading=\"lazy\" decoding=\"async\" class=\"aligncenter wp-image-18682\" src=\"http:\/\/gardeon.pl\/wp-content\/uploads\/2019\/02\/c57ad2d6641ed00d4d131083c13a4eba.jpg\" alt=\"Dzianinowy koc w czerwone serca\" width=\"800\" height=\"533\" srcset=\"https:\/\/gardeon.pl\/wp-content\/uploads\/2019\/02\/c57ad2d6641ed00d4d131083c13a4eba.jpg 563w, https:\/\/gardeon.pl\/wp-content\/uploads\/2019\/02\/c57ad2d6641ed00d4d131083c13a4eba-300x200.jpg 300w\" sizes=\"auto, (max-width: 800px) 100vw, 800px\" \/><\/p>\n<h3>6. Walentynkowe ciasteczka i pocz\u0119stunek dla go\u015bci.<\/h3>\n<p>Cho\u0107 jedzenie (zazwyczaj) nie liczy si\u0119 jako dekoracja, nie b\u0119d\u0105 Pa\u0144stwo przecie\u017c ozdabia\u0107 ca\u0142ego ogrodu, je\u015bli nikomu go Pa\u0144stwo nie poka\u017c\u0105. Prosz\u0119 zaprosi\u0107 przyjaci\u00f3\u0142 na walentynkowe spotkanie. I nie zapomnie\u0107 o wypiekach.  <\/p>\n<p><img loading=\"lazy\" decoding=\"async\" class=\"aligncenter wp-image-18689\" src=\"http:\/\/gardeon.pl\/wp-content\/uploads\/2019\/02\/0e46158bb331a7dacf3118dad402a29e.jpg\" alt=\"Walentynkowe ciasteczka\" width=\"800\" height=\"800\" srcset=\"https:\/\/gardeon.pl\/wp-content\/uploads\/2019\/02\/0e46158bb331a7dacf3118dad402a29e.jpg 564w, https:\/\/gardeon.pl\/wp-content\/uploads\/2019\/02\/0e46158bb331a7dacf3118dad402a29e-150x150.jpg 150w, https:\/\/gardeon.pl\/wp-content\/uploads\/2019\/02\/0e46158bb331a7dacf3118dad402a29e-300x300.jpg 300w\" sizes=\"auto, (max-width: 800px) 100vw, 800px\" \/><\/p>\n<p><img loading=\"lazy\" decoding=\"async\" class=\"aligncenter wp-image-18691\" src=\"http:\/\/gardeon.pl\/wp-content\/uploads\/2019\/02\/33e170c037172c9e902e376b5a556445.jpg\" alt=\"Walentynkowe ciasteczka \u201eI Love You\u201d w kszta\u0142cie serc\" width=\"800\" height=\"1199\" srcset=\"https:\/\/gardeon.pl\/wp-content\/uploads\/2019\/02\/33e170c037172c9e902e376b5a556445.jpg 267w, https:\/\/gardeon.pl\/wp-content\/uploads\/2019\/02\/33e170c037172c9e902e376b5a556445-200x300.jpg 200w\" sizes=\"auto, (max-width: 800px) 100vw, 800px\" \/><\/p>\n<p><img loading=\"lazy\" decoding=\"async\" class=\"aligncenter wp-image-18693\" src=\"http:\/\/gardeon.pl\/wp-content\/uploads\/2019\/02\/linzer-cookies2text..jpg\" alt=\"Walentynkowe wypieki w kszta\u0142cie serc z d\u017cemem\" width=\"800\" height=\"1216\" srcset=\"https:\/\/gardeon.pl\/wp-content\/uploads\/2019\/02\/linzer-cookies2text..jpg 500w, https:\/\/gardeon.pl\/wp-content\/uploads\/2019\/02\/linzer-cookies2text.-197x300.jpg 197w\" sizes=\"auto, (max-width: 800px) 100vw, 800px\" \/><\/p>\n<p><img loading=\"lazy\" decoding=\"async\" class=\"aligncenter wp-image-18695\" src=\"http:\/\/gardeon.pl\/wp-content\/uploads\/2019\/02\/Sn%C3%ADmka-obrazovky-2019-02-05-o-12.16.42-979x1024.png\" alt=\"Bia\u0142o-z\u0142ote wypieki walentynkowe\" width=\"800\" height=\"836\"><\/p>\n<h3>Idealne walentynki dla singli<\/h3>\n<p>Je\u015bli maj\u0105 Pa\u0144stwo partnera, prawdopodobnie macie ju\u017c zaplanowany romantyczny wiecz\u00f3r we dwoje. Ale <a href=\"http:\/\/www.perfectday.sk\/4-tipy-ako-netradicne-oslavit-valentina-pre-nezadanych\">je\u015bli s\u0105 Pa\u0144stwo singlami<\/a>, z pewno\u015bci\u0105 nie powinni\u015bcie sp\u0119dza\u0107 tego wieczoru samotnie i w przygn\u0119bieniu na kanapie (z mn\u00f3stwem niezdrowego jedzenia). Prosz\u0119 wyj\u015b\u0107 do ludzi!  <span class=\"Apple-converted-space\"> <\/span><\/p>\n<p>Albo jeszcze lepiej, prosz\u0119 zorganizowa\u0107 w ogrodzie \u201esingles party\u201d dla swoich samotnych przyjaci\u00f3\u0142 i znajomych. Mog\u0105 oni przyprowadzi\u0107 swoich wolnych znajomych i impreza mo\u017ce si\u0119 zacz\u0105\u0107. Nigdy nie wiadomo, kto komu wpadnie w oko. <a href=\"https:\/\/gardeon.pl\/pl\/?p=46507\">Instrukcj\u0119, jak zorganizowa\u0107 garden party zim\u0105<\/a>, znajd\u0105 Pa\u0144stwo na naszym blogu.  <span class=\"Apple-converted-space\"> <\/span><\/p>\n<p>\u017byczymy Pa\u0144stwu pe\u0142nych mi\u0142o\u015bci walentynek\u2763<\/p>\n<h5>\u0179r\u00f3d\u0142o (Source):<\/h5>\n<h5>https:\/\/www.digsdigs.com\/<\/h5>\n<h5>https:\/\/www.marthastewart.com\/<\/h5>\n<h5>https:\/\/sk.pinterest.com\/<\/h5>\n<h5>https:\/\/theprettybee.com\/<\/h5>\n<h5>https:\/\/www.digsdigs.com\/<\/h5>\n<h5>https:\/\/www.iheartnaptime.net\/<\/h5>\n<h5>https:\/\/decorisme.co\/<\/h5>\n<h5>https:\/\/bydreamsfactory.com\/<\/h5>\n<h5>https:\/\/www.marymaxim.com\/<\/h5>\n<h5>https:\/\/cutediyprojects.com\/<\/h5>\n<h5>http:\/\/www.redheart.com\/<\/h5>\n<h5>https:\/\/www.sugarcoatedbykristin.com\/<\/h5>\n<h5>http:\/\/kelseyskitchen.blogspot.com\/<\/h5>\n<h5>https:\/\/www.cookingclassy.com\/<\/h5>\n<h5>http:\/\/cakesdecor.com\/<\/h5>\n<h5>http:\/\/backgroundcheckall.com\/<\/h5>\n<h5>https:\/\/www.history.com\/<\/h5>\n","protected":false},"excerpt":{"rendered":"<p>Dla wielu d\u0142ugo wyczekiwany dzie\u0144 pe\u0142en kwiat\u00f3w, czekoladek i poca\u0142unk\u00f3w. Dla innych komercyjny ameryka\u0144ski wymys\u0142. Do kt\u00f3rej grupy Pa\u0144stwo nale\u017c\u0105? Przedstawimy legend\u0119 o tym, jak powsta\u0142o \u015bwi\u0119to zakochanych i dlaczego w\u0142a\u015bciwie obchodzimy walentynki. By\u0107 mo\u017ce zainspirujemy Pa\u0144stwa r\u00f3wnie\u017c walentynkowymi wskaz\u00f3wkami dotycz\u0105cymi dekoracji ogrodu. Ozdabianie b\u0119dzie \u015bwietn\u0105 zabaw\u0105 dla dzieci i oczaruje go\u015bci.<\/p>\n","protected":false},"author":2,"featured_media":48283,"comment_status":"open","ping_status":"open","sticky":false,"template":"","format":"standard","meta":{"_acf_changed":false,"inline_featured_image":false,"footnotes":""},"categories":[631,607],"tags":[],"class_list":["post-48257","post","type-post","status-publish","format-standard","has-post-thumbnail","hentry","category-inne","category-inspiracje"],"acf":[],"yoast_head":"<!-- This site is optimized with the Yoast SEO plugin v27.4 - https:\/\/yoast.com\/product\/yoast-seo-wordpress\/ -->\n<title>Dlaczego obchodzimy walentynki + 6 inspiracji na dekoracj\u0119 ogrodu - GARDEON<\/title>\n<meta name=\"robots\" content=\"index, follow, max-snippet:-1, max-image-preview:large, max-video-preview:-1\" \/>\n<link rel=\"canonical\" href=\"https:\/\/gardeon.pl\/pl\/blog\/dlaczego-obchodzimy-walentynki-6-inspiracji-na-dekoracje-ogrodu\/\" \/>\n<meta property=\"og:locale\" content=\"pl_PL\" \/>\n<meta property=\"og:type\" content=\"article\" \/>\n<meta property=\"og:title\" content=\"Dlaczego obchodzimy walentynki + 6 inspiracji na dekoracj\u0119 ogrodu - GARDEON\" \/>\n<meta property=\"og:description\" content=\"Dla wielu d\u0142ugo wyczekiwany dzie\u0144 pe\u0142en kwiat\u00f3w, czekoladek i poca\u0142unk\u00f3w. Dla innych komercyjny ameryka\u0144ski wymys\u0142. Do kt\u00f3rej grupy Pa\u0144stwo nale\u017c\u0105? Przedstawimy legend\u0119 o tym, jak powsta\u0142o \u015bwi\u0119to zakochanych i dlaczego w\u0142a\u015bciwie obchodzimy walentynki. By\u0107 mo\u017ce zainspirujemy Pa\u0144stwa r\u00f3wnie\u017c walentynkowymi wskaz\u00f3wkami dotycz\u0105cymi dekoracji ogrodu. Ozdabianie b\u0119dzie \u015bwietn\u0105 zabaw\u0105 dla dzieci i oczaruje go\u015bci.\" \/>\n<meta property=\"og:url\" content=\"https:\/\/gardeon.pl\/pl\/blog\/dlaczego-obchodzimy-walentynki-6-inspiracji-na-dekoracje-ogrodu\/\" \/>\n<meta property=\"og:site_name\" content=\"GARDEON\" \/>\n<meta property=\"article:published_time\" content=\"2026-04-23T16:41:15+00:00\" \/>\n<meta property=\"article:modified_time\" content=\"2026-04-23T16:44:20+00:00\" \/>\n<meta property=\"og:image\" content=\"http:\/\/gardeon.pl\/wp-content\/uploads\/2019\/02\/a.png\" \/>\n\t<meta property=\"og:image:width\" content=\"2000\" \/>\n\t<meta property=\"og:image:height\" content=\"771\" \/>\n\t<meta property=\"og:image:type\" content=\"image\/png\" \/>\n<meta name=\"author\" content=\"editor\" \/>\n<meta name=\"twitter:card\" content=\"summary_large_image\" \/>\n<meta name=\"twitter:label1\" content=\"Napisane przez\" \/>\n\t<meta name=\"twitter:data1\" content=\"editor\" \/>\n\t<meta name=\"twitter:label2\" content=\"Szacowany czas czytania\" \/>\n\t<meta name=\"twitter:data2\" content=\"3 minuty\" \/>\n<script type=\"application\/ld+json\" class=\"yoast-schema-graph\">{\"@context\":\"https:\\\/\\\/schema.org\",\"@graph\":[{\"@type\":\"Article\",\"@id\":\"https:\\\/\\\/gardeon.pl\\\/pl\\\/blog\\\/dlaczego-obchodzimy-walentynki-6-inspiracji-na-dekoracje-ogrodu\\\/#article\",\"isPartOf\":{\"@id\":\"https:\\\/\\\/gardeon.pl\\\/pl\\\/blog\\\/dlaczego-obchodzimy-walentynki-6-inspiracji-na-dekoracje-ogrodu\\\/\"},\"author\":{\"name\":\"editor\",\"@id\":\"https:\\\/\\\/gardeon.pl\\\/#\\\/schema\\\/person\\\/a5762ca5f0790bf92774af0899379463\"},\"headline\":\"Dlaczego obchodzimy walentynki + 6 inspiracji na dekoracj\u0119 ogrodu\",\"datePublished\":\"2026-04-23T16:41:15+00:00\",\"dateModified\":\"2026-04-23T16:44:20+00:00\",\"mainEntityOfPage\":{\"@id\":\"https:\\\/\\\/gardeon.pl\\\/pl\\\/blog\\\/dlaczego-obchodzimy-walentynki-6-inspiracji-na-dekoracje-ogrodu\\\/\"},\"wordCount\":632,\"commentCount\":0,\"image\":{\"@id\":\"https:\\\/\\\/gardeon.pl\\\/pl\\\/blog\\\/dlaczego-obchodzimy-walentynki-6-inspiracji-na-dekoracje-ogrodu\\\/#primaryimage\"},\"thumbnailUrl\":\"https:\\\/\\\/gardeon.pl\\\/wp-content\\\/uploads\\\/2019\\\/02\\\/a.png\",\"articleSection\":[\"Inne\",\"Inspiracje\"],\"inLanguage\":\"pl-PL\",\"potentialAction\":[{\"@type\":\"CommentAction\",\"name\":\"Comment\",\"target\":[\"https:\\\/\\\/gardeon.pl\\\/pl\\\/blog\\\/dlaczego-obchodzimy-walentynki-6-inspiracji-na-dekoracje-ogrodu\\\/#respond\"]}]},{\"@type\":\"WebPage\",\"@id\":\"https:\\\/\\\/gardeon.pl\\\/pl\\\/blog\\\/dlaczego-obchodzimy-walentynki-6-inspiracji-na-dekoracje-ogrodu\\\/\",\"url\":\"https:\\\/\\\/gardeon.pl\\\/pl\\\/blog\\\/dlaczego-obchodzimy-walentynki-6-inspiracji-na-dekoracje-ogrodu\\\/\",\"name\":\"Dlaczego obchodzimy walentynki + 6 inspiracji na dekoracj\u0119 ogrodu - GARDEON\",\"isPartOf\":{\"@id\":\"https:\\\/\\\/gardeon.pl\\\/#website\"},\"primaryImageOfPage\":{\"@id\":\"https:\\\/\\\/gardeon.pl\\\/pl\\\/blog\\\/dlaczego-obchodzimy-walentynki-6-inspiracji-na-dekoracje-ogrodu\\\/#primaryimage\"},\"image\":{\"@id\":\"https:\\\/\\\/gardeon.pl\\\/pl\\\/blog\\\/dlaczego-obchodzimy-walentynki-6-inspiracji-na-dekoracje-ogrodu\\\/#primaryimage\"},\"thumbnailUrl\":\"https:\\\/\\\/gardeon.pl\\\/wp-content\\\/uploads\\\/2019\\\/02\\\/a.png\",\"datePublished\":\"2026-04-23T16:41:15+00:00\",\"dateModified\":\"2026-04-23T16:44:20+00:00\",\"author\":{\"@id\":\"https:\\\/\\\/gardeon.pl\\\/#\\\/schema\\\/person\\\/a5762ca5f0790bf92774af0899379463\"},\"breadcrumb\":{\"@id\":\"https:\\\/\\\/gardeon.pl\\\/pl\\\/blog\\\/dlaczego-obchodzimy-walentynki-6-inspiracji-na-dekoracje-ogrodu\\\/#breadcrumb\"},\"inLanguage\":\"pl-PL\",\"potentialAction\":[{\"@type\":\"ReadAction\",\"target\":[\"https:\\\/\\\/gardeon.pl\\\/pl\\\/blog\\\/dlaczego-obchodzimy-walentynki-6-inspiracji-na-dekoracje-ogrodu\\\/\"]}]},{\"@type\":\"ImageObject\",\"inLanguage\":\"pl-PL\",\"@id\":\"https:\\\/\\\/gardeon.pl\\\/pl\\\/blog\\\/dlaczego-obchodzimy-walentynki-6-inspiracji-na-dekoracje-ogrodu\\\/#primaryimage\",\"url\":\"https:\\\/\\\/gardeon.pl\\\/wp-content\\\/uploads\\\/2019\\\/02\\\/a.png\",\"contentUrl\":\"https:\\\/\\\/gardeon.pl\\\/wp-content\\\/uploads\\\/2019\\\/02\\\/a.png\",\"width\":2000,\"height\":771,\"caption\":\"Serduszka\"},{\"@type\":\"BreadcrumbList\",\"@id\":\"https:\\\/\\\/gardeon.pl\\\/pl\\\/blog\\\/dlaczego-obchodzimy-walentynki-6-inspiracji-na-dekoracje-ogrodu\\\/#breadcrumb\",\"itemListElement\":[{\"@type\":\"ListItem\",\"position\":1,\"name\":\"Domov\",\"item\":\"https:\\\/\\\/gardeon.pl\\\/pl\\\/\"},{\"@type\":\"ListItem\",\"position\":2,\"name\":\"Dlaczego obchodzimy walentynki + 6 inspiracji na dekoracj\u0119 ogrodu\"}]},{\"@type\":\"WebSite\",\"@id\":\"https:\\\/\\\/gardeon.pl\\\/#website\",\"url\":\"https:\\\/\\\/gardeon.pl\\\/\",\"name\":\"GARDEON\",\"description\":\"\",\"potentialAction\":[{\"@type\":\"SearchAction\",\"target\":{\"@type\":\"EntryPoint\",\"urlTemplate\":\"https:\\\/\\\/gardeon.pl\\\/?s={search_term_string}\"},\"query-input\":{\"@type\":\"PropertyValueSpecification\",\"valueRequired\":true,\"valueName\":\"search_term_string\"}}],\"inLanguage\":\"pl-PL\"},{\"@type\":\"Person\",\"@id\":\"https:\\\/\\\/gardeon.pl\\\/#\\\/schema\\\/person\\\/a5762ca5f0790bf92774af0899379463\",\"name\":\"editor\",\"image\":{\"@type\":\"ImageObject\",\"inLanguage\":\"pl-PL\",\"@id\":\"https:\\\/\\\/secure.gravatar.com\\\/avatar\\\/2b748151c2c748327307fd289a91b3bdafdd9e64e2d000e65e53d6dcf11c5830?s=96&d=mm&r=g\",\"url\":\"https:\\\/\\\/secure.gravatar.com\\\/avatar\\\/2b748151c2c748327307fd289a91b3bdafdd9e64e2d000e65e53d6dcf11c5830?s=96&d=mm&r=g\",\"contentUrl\":\"https:\\\/\\\/secure.gravatar.com\\\/avatar\\\/2b748151c2c748327307fd289a91b3bdafdd9e64e2d000e65e53d6dcf11c5830?s=96&d=mm&r=g\",\"caption\":\"editor\"}}]}<\/script>\n<!-- \/ Yoast SEO plugin. -->","yoast_head_json":{"title":"Dlaczego obchodzimy walentynki + 6 inspiracji na dekoracj\u0119 ogrodu - GARDEON","robots":{"index":"index","follow":"follow","max-snippet":"max-snippet:-1","max-image-preview":"max-image-preview:large","max-video-preview":"max-video-preview:-1"},"canonical":"https:\/\/gardeon.pl\/pl\/blog\/dlaczego-obchodzimy-walentynki-6-inspiracji-na-dekoracje-ogrodu\/","og_locale":"pl_PL","og_type":"article","og_title":"Dlaczego obchodzimy walentynki + 6 inspiracji na dekoracj\u0119 ogrodu - GARDEON","og_description":"Dla wielu d\u0142ugo wyczekiwany dzie\u0144 pe\u0142en kwiat\u00f3w, czekoladek i poca\u0142unk\u00f3w. Dla innych komercyjny ameryka\u0144ski wymys\u0142. Do kt\u00f3rej grupy Pa\u0144stwo nale\u017c\u0105? Przedstawimy legend\u0119 o tym, jak powsta\u0142o \u015bwi\u0119to zakochanych i dlaczego w\u0142a\u015bciwie obchodzimy walentynki. By\u0107 mo\u017ce zainspirujemy Pa\u0144stwa r\u00f3wnie\u017c walentynkowymi wskaz\u00f3wkami dotycz\u0105cymi dekoracji ogrodu. Ozdabianie b\u0119dzie \u015bwietn\u0105 zabaw\u0105 dla dzieci i oczaruje go\u015bci.","og_url":"https:\/\/gardeon.pl\/pl\/blog\/dlaczego-obchodzimy-walentynki-6-inspiracji-na-dekoracje-ogrodu\/","og_site_name":"GARDEON","article_published_time":"2026-04-23T16:41:15+00:00","article_modified_time":"2026-04-23T16:44:20+00:00","og_image":[{"width":2000,"height":771,"url":"http:\/\/gardeon.pl\/wp-content\/uploads\/2019\/02\/a.png","type":"image\/png"}],"author":"editor","twitter_card":"summary_large_image","twitter_misc":{"Napisane przez":"editor","Szacowany czas czytania":"3 minuty"},"schema":{"@context":"https:\/\/schema.org","@graph":[{"@type":"Article","@id":"https:\/\/gardeon.pl\/pl\/blog\/dlaczego-obchodzimy-walentynki-6-inspiracji-na-dekoracje-ogrodu\/#article","isPartOf":{"@id":"https:\/\/gardeon.pl\/pl\/blog\/dlaczego-obchodzimy-walentynki-6-inspiracji-na-dekoracje-ogrodu\/"},"author":{"name":"editor","@id":"https:\/\/gardeon.pl\/#\/schema\/person\/a5762ca5f0790bf92774af0899379463"},"headline":"Dlaczego obchodzimy walentynki + 6 inspiracji na dekoracj\u0119 ogrodu","datePublished":"2026-04-23T16:41:15+00:00","dateModified":"2026-04-23T16:44:20+00:00","mainEntityOfPage":{"@id":"https:\/\/gardeon.pl\/pl\/blog\/dlaczego-obchodzimy-walentynki-6-inspiracji-na-dekoracje-ogrodu\/"},"wordCount":632,"commentCount":0,"image":{"@id":"https:\/\/gardeon.pl\/pl\/blog\/dlaczego-obchodzimy-walentynki-6-inspiracji-na-dekoracje-ogrodu\/#primaryimage"},"thumbnailUrl":"https:\/\/gardeon.pl\/wp-content\/uploads\/2019\/02\/a.png","articleSection":["Inne","Inspiracje"],"inLanguage":"pl-PL","potentialAction":[{"@type":"CommentAction","name":"Comment","target":["https:\/\/gardeon.pl\/pl\/blog\/dlaczego-obchodzimy-walentynki-6-inspiracji-na-dekoracje-ogrodu\/#respond"]}]},{"@type":"WebPage","@id":"https:\/\/gardeon.pl\/pl\/blog\/dlaczego-obchodzimy-walentynki-6-inspiracji-na-dekoracje-ogrodu\/","url":"https:\/\/gardeon.pl\/pl\/blog\/dlaczego-obchodzimy-walentynki-6-inspiracji-na-dekoracje-ogrodu\/","name":"Dlaczego obchodzimy walentynki + 6 inspiracji na dekoracj\u0119 ogrodu - GARDEON","isPartOf":{"@id":"https:\/\/gardeon.pl\/#website"},"primaryImageOfPage":{"@id":"https:\/\/gardeon.pl\/pl\/blog\/dlaczego-obchodzimy-walentynki-6-inspiracji-na-dekoracje-ogrodu\/#primaryimage"},"image":{"@id":"https:\/\/gardeon.pl\/pl\/blog\/dlaczego-obchodzimy-walentynki-6-inspiracji-na-dekoracje-ogrodu\/#primaryimage"},"thumbnailUrl":"https:\/\/gardeon.pl\/wp-content\/uploads\/2019\/02\/a.png","datePublished":"2026-04-23T16:41:15+00:00","dateModified":"2026-04-23T16:44:20+00:00","author":{"@id":"https:\/\/gardeon.pl\/#\/schema\/person\/a5762ca5f0790bf92774af0899379463"},"breadcrumb":{"@id":"https:\/\/gardeon.pl\/pl\/blog\/dlaczego-obchodzimy-walentynki-6-inspiracji-na-dekoracje-ogrodu\/#breadcrumb"},"inLanguage":"pl-PL","potentialAction":[{"@type":"ReadAction","target":["https:\/\/gardeon.pl\/pl\/blog\/dlaczego-obchodzimy-walentynki-6-inspiracji-na-dekoracje-ogrodu\/"]}]},{"@type":"ImageObject","inLanguage":"pl-PL","@id":"https:\/\/gardeon.pl\/pl\/blog\/dlaczego-obchodzimy-walentynki-6-inspiracji-na-dekoracje-ogrodu\/#primaryimage","url":"https:\/\/gardeon.pl\/wp-content\/uploads\/2019\/02\/a.png","contentUrl":"https:\/\/gardeon.pl\/wp-content\/uploads\/2019\/02\/a.png","width":2000,"height":771,"caption":"Serduszka"},{"@type":"BreadcrumbList","@id":"https:\/\/gardeon.pl\/pl\/blog\/dlaczego-obchodzimy-walentynki-6-inspiracji-na-dekoracje-ogrodu\/#breadcrumb","itemListElement":[{"@type":"ListItem","position":1,"name":"Domov","item":"https:\/\/gardeon.pl\/pl\/"},{"@type":"ListItem","position":2,"name":"Dlaczego obchodzimy walentynki + 6 inspiracji na dekoracj\u0119 ogrodu"}]},{"@type":"WebSite","@id":"https:\/\/gardeon.pl\/#website","url":"https:\/\/gardeon.pl\/","name":"GARDEON","description":"","potentialAction":[{"@type":"SearchAction","target":{"@type":"EntryPoint","urlTemplate":"https:\/\/gardeon.pl\/?s={search_term_string}"},"query-input":{"@type":"PropertyValueSpecification","valueRequired":true,"valueName":"search_term_string"}}],"inLanguage":"pl-PL"},{"@type":"Person","@id":"https:\/\/gardeon.pl\/#\/schema\/person\/a5762ca5f0790bf92774af0899379463","name":"editor","image":{"@type":"ImageObject","inLanguage":"pl-PL","@id":"https:\/\/secure.gravatar.com\/avatar\/2b748151c2c748327307fd289a91b3bdafdd9e64e2d000e65e53d6dcf11c5830?s=96&d=mm&r=g","url":"https:\/\/secure.gravatar.com\/avatar\/2b748151c2c748327307fd289a91b3bdafdd9e64e2d000e65e53d6dcf11c5830?s=96&d=mm&r=g","contentUrl":"https:\/\/secure.gravatar.com\/avatar\/2b748151c2c748327307fd289a91b3bdafdd9e64e2d000e65e53d6dcf11c5830?s=96&d=mm&r=g","caption":"editor"}}]}},"_links":{"self":[{"href":"https:\/\/gardeon.pl\/pl\/wp-json\/wp\/v2\/posts\/48257","targetHints":{"allow":["GET"]}}],"collection":[{"href":"https:\/\/gardeon.pl\/pl\/wp-json\/wp\/v2\/posts"}],"about":[{"href":"https:\/\/gardeon.pl\/pl\/wp-json\/wp\/v2\/types\/post"}],"author":[{"embeddable":true,"href":"https:\/\/gardeon.pl\/pl\/wp-json\/wp\/v2\/users\/2"}],"replies":[{"embeddable":true,"href":"https:\/\/gardeon.pl\/pl\/wp-json\/wp\/v2\/comments?post=48257"}],"version-history":[{"count":0,"href":"https:\/\/gardeon.pl\/pl\/wp-json\/wp\/v2\/posts\/48257\/revisions"}],"wp:featuredmedia":[{"embeddable":true,"href":"https:\/\/gardeon.pl\/pl\/wp-json\/wp\/v2\/media\/48283"}],"wp:attachment":[{"href":"https:\/\/gardeon.pl\/pl\/wp-json\/wp\/v2\/media?parent=48257"}],"wp:term":[{"taxonomy":"category","embeddable":true,"href":"https:\/\/gardeon.pl\/pl\/wp-json\/wp\/v2\/categories?post=48257"},{"taxonomy":"post_tag","embeddable":true,"href":"https:\/\/gardeon.pl\/pl\/wp-json\/wp\/v2\/tags?post=48257"}],"curies":[{"name":"wp","href":"https:\/\/api.w.org\/{rel}","templated":true}]}}