{"id":48286,"date":"2026-04-23T18:41:15","date_gmt":"2026-04-23T16:41:15","guid":{"rendered":"https:\/\/gardeon.pl\/?p=48286"},"modified":"2026-04-23T18:44:20","modified_gmt":"2026-04-23T16:44:20","slug":"dlaczego-wymienic-brame-garazowa-ta-historia-cie-zszokuje-i-przekona","status":"publish","type":"post","link":"https:\/\/gardeon.pl\/pl\/blog\/dlaczego-wymienic-brame-garazowa-ta-historia-cie-zszokuje-i-przekona\/","title":{"rendered":"Dlaczego wymieni\u0107 bram\u0119 gara\u017cow\u0105? Ta historia Ci\u0119 zszokuje i przekona"},"content":{"rendered":"<p><em>\u0141adniejszy design? Wi\u0119kszy komfort? To najcz\u0119stsze powody, dla kt\u00f3rych w\u0142a\u015bciciele gara\u017cy wymieniaj\u0105 bram\u0119. Powody te nale\u017c\u0105 jednak do tych bardziej powierzchownych. Naprawd\u0119 istotnym powodem, kt\u00f3ry wielu lekcewa\u017cy, jest bezpiecze\u0144stwo. Dlaczego? Tego r\u00f3wnie\u017c dowiesz si\u0119 z tego artyku\u0142u, na przyk\u0142adzie prawdziwego zdarzenia. Ponadto pomo\u017cemy Ci w podj\u0119ciu decyzji, jaki typ bramy gara\u017cowej wybra\u0107.       <\/em><\/p>\n<p><!--more--><\/p>\n<p><img loading=\"lazy\" decoding=\"async\" class=\"aligncenter wp-image-19824\" src=\"http:\/\/gardeon.pl\/wp-content\/uploads\/2019\/06\/b-1-1024x683.jpg\" alt=\"Bia\u0142a brama w \u015bcianie\" width=\"800\" height=\"534\" srcset=\"https:\/\/gardeon.pl\/wp-content\/uploads\/2019\/06\/b-1-1024x683.jpg 1024w, https:\/\/gardeon.pl\/wp-content\/uploads\/2019\/06\/b-1-300x200.jpg 300w, https:\/\/gardeon.pl\/wp-content\/uploads\/2019\/06\/b-1-768x512.jpg 768w, https:\/\/gardeon.pl\/wp-content\/uploads\/2019\/06\/b-1.jpg 1600w\" sizes=\"auto, (max-width: 800px) 100vw, 800px\" \/><\/p>\n<h3>Przera\u017caj\u0105ca, ale prawdziwa historia<\/h3>\n<p>Celem tej historii nie jest przestraszenie Pa\u0144stwa, lecz sk\u0142onienie do zastanowienia si\u0119, czy nie nadszed\u0142 ju\u017c czas na wymian\u0119 Pa\u0144stwa bramy gara\u017cowej. Jednocze\u015bnie jest to dobry przyk\u0142ad na to, \u017ce cena nie powinna by\u0107 najwa\u017cniejszym czynnikiem w Pa\u0144stwa decyzji. <\/p>\n<p>Pewnego dnia mama z 2-letnim ch\u0142opcem wybiera si\u0119 do przedszkola. Przed wej\u015bciem do samochodu dziecko, w niezauwa\u017conej chwili, znajduje si\u0119 w gara\u017cu. Ale jego drzwi w\u0142a\u015bnie automatycznie si\u0119 zamykaj\u0105. Ju\u017c pewnie Pa\u0144stwo si\u0119 domy\u015blaj\u0105, co si\u0119 stanie. Ch\u0142opiec zostaje przytrza\u015bni\u0119ty pod bram\u0105. Nie da si\u0119 jej ruszy\u0107. Dopiero po 15 minutach udaje si\u0119 uwolni\u0107 dziecko. Pogotowie reanimuje malucha i przewozi go do szpitala. Na szcz\u0119\u015bcie ta historia ko\u0144czy si\u0119 dobrze. Po 4 miesi\u0105cach ch\u0142opiec jest zdrowy. Ale ten wypadek w og\u00f3le nie musia\u0142 si\u0119 wydarzy\u0107. Oryginalna brama gara\u017cowa mia\u0142a powa\u017cne braki w zakresie bezpiecze\u0144stwa. I, niestety, nie jest to odosobniony przypadek.            <\/p>\n<p><img loading=\"lazy\" decoding=\"async\" class=\"aligncenter wp-image-19826\" src=\"http:\/\/gardeon.pl\/wp-content\/uploads\/2019\/06\/banner-1024x397.jpg\" alt=\"Br\u0105zowe wrota bramy\" width=\"800\" height=\"310\" srcset=\"https:\/\/gardeon.pl\/wp-content\/uploads\/2019\/06\/banner-1024x397.jpg 1024w, https:\/\/gardeon.pl\/wp-content\/uploads\/2019\/06\/banner-300x116.jpg 300w, https:\/\/gardeon.pl\/wp-content\/uploads\/2019\/06\/banner-768x298.jpg 768w, https:\/\/gardeon.pl\/wp-content\/uploads\/2019\/06\/banner.jpg 1600w\" sizes=\"auto, (max-width: 800px) 100vw, 800px\" \/><\/p>\n<p>Pierwszym aspektem, na kt\u00f3ry powinni Pa\u0144stwo zwr\u00f3ci\u0107 uwag\u0119 przy <a href=\"http:\/\/gardeon.pl\/garaze\/vyber\/aku-garazovu-branu-vybrat\/\">wyborze bramy gara\u017cowej<\/a>, jest bezpiecze\u0144stwo. Dlatego szukajcie Pa\u0144stwo niezawodnego producenta. My r\u00f3wnie\u017c tak zrobili\u015bmy. Polecamy, a tak\u017ce implementujemy w naszych projektach, <a href=\"http:\/\/gardeon.pl\/garaze\/prislusenstvo\/garazove-brany\/\">bramy gara\u017cowe marki H\u00f6rmann<\/a>. Dlaczego?    <span class=\"Apple-converted-space\"> <\/span><\/p>\n<p>Firma jest producentem, ale tak\u017ce deweloperem systemu bramy i nap\u0119du. Dzi\u0119ki temu mo\u017ce zapewni\u0107, \u017ce s\u0105 one idealnie dopasowane i dzia\u0142aj\u0105 bez zarzutu. Przechodz\u0105 testy bezpiecze\u0144stwa. Brama gara\u017cowa dzia\u0142a na przeszkod\u0119 z si\u0142\u0105 maks. 400 Newton\u00f3w (ok. 40 kg) i po kilku milisekundach od uderzenia sama przechodzi w bieg wsteczny. W ten spos\u00f3b minimalizuje ryzyko obra\u017ce\u0144.     <\/p>\n<p><img loading=\"lazy\" decoding=\"async\" class=\"aligncenter wp-image-19822\" src=\"http:\/\/gardeon.pl\/wp-content\/uploads\/2019\/06\/a-1-1024x768.jpg\" alt=\"Bramy w ciemnym czerwono-br\u0105zowym kolorze\" width=\"800\" height=\"600\" srcset=\"https:\/\/gardeon.pl\/wp-content\/uploads\/2019\/06\/a-1-1024x768.jpg 1024w, https:\/\/gardeon.pl\/wp-content\/uploads\/2019\/06\/a-1-300x225.jpg 300w, https:\/\/gardeon.pl\/wp-content\/uploads\/2019\/06\/a-1-768x576.jpg 768w\" sizes=\"auto, (max-width: 800px) 100vw, 800px\" \/><\/p>\n<h3>Brama gara\u017cowa uchylna lub segmentowa<\/h3>\n<p>Przejd\u017amy przez ich poszczeg\u00f3lne zalety i wady, aby mogli Pa\u0144stwo podj\u0105\u0107 decyzj\u0119. Mamy nadziej\u0119, \u017ce w ten spos\u00f3b pomo\u017cemy Pa\u0144stwu, czy to przy sk\u0142adaniu nowego gara\u017cu prefabrykowanego, czy wymianie starszej bramy. <\/p>\n<p>Dlaczego wyeliminowali\u015bmy np. bramy gara\u017cowe skrzyd\u0142owe, przesuwne lub rolowane? Poniewa\u017c te pierwsze s\u0105 staromodne i niepraktyczne. Drugie nie uszczelniaj\u0105 prawid\u0142owo. A trzecie, cho\u0107 najbardziej przypominaj\u0105 bramy segmentowe, s\u0105 zbyt drogie, jak na to, jak s\u0105 g\u0142o\u015bne. Tak wi\u0119c, mamy za sob\u0105 rund\u0119 eliminacyjn\u0105. Przejd\u017amy do kluczowych graczy.      <\/p>\n<p><img loading=\"lazy\" decoding=\"async\" class=\"aligncenter wp-image-19830\" src=\"http:\/\/gardeon.pl\/wp-content\/uploads\/2019\/06\/d-1-1024x588.jpg\" alt=\"Por\u00f3wnanie nowej i starej bramy\" width=\"800\" height=\"459\" srcset=\"https:\/\/gardeon.pl\/wp-content\/uploads\/2019\/06\/d-1-1024x588.jpg 1024w, https:\/\/gardeon.pl\/wp-content\/uploads\/2019\/06\/d-1-300x172.jpg 300w, https:\/\/gardeon.pl\/wp-content\/uploads\/2019\/06\/d-1-768x441.jpg 768w, https:\/\/gardeon.pl\/wp-content\/uploads\/2019\/06\/d-1.jpg 1965w\" sizes=\"auto, (max-width: 800px) 100vw, 800px\" \/><\/p>\n<h3>Jakie s\u0105 mi\u0119dzy nimi r\u00f3\u017cnice?<span class=\"Apple-converted-space\"> <\/span><\/h3>\n<p><a href=\"http:\/\/gardeon.pl\/garaze\/prislusenstvo\/garazove-brany\/vyklopne\/\">Brama gara\u017cowa uchylna<\/a> najpierw, dzi\u0119ki mechanizmowi spr\u0119\u017cynowemu, uchyla si\u0119, a nast\u0119pnie wsuwa pod dach gara\u017cu. Zapewnia d\u0142ugotrwa\u0142\u0105 funkcjonalno\u015b\u0107 i niezawodno\u015b\u0107 w przyst\u0119pnej cenie. Jest wi\u0119c ta\u0144sza ni\u017c segmentowa. Jednocze\u015bnie jest \u0142atwa w utrzymaniu i prosta w obs\u0142udze. Nadaje si\u0119, je\u015bli chc\u0105 Pa\u0144stwo wi\u0119ksze drzwi np. do domku ogrodowego, kt\u00f3ry s\u0142u\u017cy jako warsztat lub magazyn.     <\/p>\n<p><img loading=\"lazy\" decoding=\"async\" class=\"aligncenter wp-image-19828\" src=\"http:\/\/gardeon.pl\/wp-content\/uploads\/2019\/06\/c-1-1024x582.jpg\" alt=\"Nowe ciemne bramy\" width=\"800\" height=\"455\" srcset=\"https:\/\/gardeon.pl\/wp-content\/uploads\/2019\/06\/c-1-1024x582.jpg 1024w, https:\/\/gardeon.pl\/wp-content\/uploads\/2019\/06\/c-1-300x171.jpg 300w, https:\/\/gardeon.pl\/wp-content\/uploads\/2019\/06\/c-1-768x437.jpg 768w, https:\/\/gardeon.pl\/wp-content\/uploads\/2019\/06\/c-1.jpg 1736w\" sizes=\"auto, (max-width: 800px) 100vw, 800px\" \/><\/p>\n<p>Z drugiej strony <a href=\"http:\/\/gardeon.pl\/garaze\/prislusenstvo\/garazove-brany\/sekcionalne\/\">segmentowa brama gara\u017cowa<\/a> sk\u0142ada si\u0119 z kilku cz\u0119\u015bci, kt\u00f3re przesuwaj\u0105 si\u0119 po szynach pionowo w g\u00f3r\u0119. Te izolowane lamele maj\u0105 doskona\u0142e w\u0142a\u015bciwo\u015bci termoizolacyjne. Co jeszcze j\u0105 wyr\u00f3\u017cnia? Samoch\u00f3d lub w\u00f3zek mo\u017cna zaparkowa\u0107 nawet 5 cm od wjazdu do gara\u017cu i bez problemu j\u0105 otworzy\u0107. To nie mo\u017ce si\u0119 zdarzy\u0107 w\u0142a\u015bcicielowi gara\u017cu prefabrykowanego z drzwiami uchylnymi.    <\/p>\n<p>Nawiasem m\u00f3wi\u0105c, bram\u0119 gara\u017cow\u0105 mo\u017cna nawet zainstalowa\u0107 w wiacie samochodowej.<\/p>\n<h3>Parkowanie jednym klikni\u0119ciem \u2013 bez zmartwie\u0144<\/h3>\n<p>Je\u015bli wybrali Pa\u0144stwo typ bramy, pozostaje pytanie, czy b\u0119dzie si\u0119 ona otwiera\u0107 r\u0119cznie, czy automatycznie. Tak, automatyka jest dro\u017csza. Ale zapewnia komfort otwierania i zamykania drzwi na odleg\u0142o\u015b\u0107. Nie musz\u0105 Pa\u0144stwo nawet ruszy\u0107\u2026 no, palcem ruszy\u0107 trzeba. :) Poza tym jednak otwarcie\/zamkni\u0119cie gara\u017cu nie kosztuje Pa\u0144stwa \u017cadnego wysi\u0142ku. Czy na zewn\u0105trz jest \u015bnieg, deszcz, czy grad, wygodnie wsiadaj\u0105 Pa\u0144stwo do samochodu i nie musz\u0105 biega\u0107 przed gara\u017cem, pr\u00f3buj\u0105c zamkn\u0105\u0107 go r\u0119cznie. Je\u015bli po\u0142\u0105cz\u0105 Pa\u0144stwo taki gara\u017c z wiat\u0105 samochodow\u0105 SIEBAU po\u0142\u0105czon\u0105 z domem, to absolutnie wygrali Pa\u0144stwo. B\u0119d\u0105 Pa\u0144stwo nietykalni.<\/p>\n<p><img loading=\"lazy\" decoding=\"async\" class=\"aligncenter wp-image-19617\" src=\"http:\/\/gardeon.pl\/wp-content\/uploads\/2019\/05\/2X3A9292-copy-1024x682.jpg\" alt=\"Prefabrykowana wiata SIEBAU z bram\u0105 gara\u017cow\u0105\" width=\"800\" height=\"533\"><\/p>\n<p><img loading=\"lazy\" decoding=\"async\" class=\"aligncenter wp-image-19619\" src=\"http:\/\/gardeon.pl\/wp-content\/uploads\/2019\/05\/2X3A9301-copy-1024x682.jpg\" alt=\"Wiata SIEBAU na dwa samochody z antracytow\u0105 bram\u0105 Hormann\" width=\"800\" height=\"533\"><\/p>\n<p>Ryzyko automatyki polega jednak na tym, \u017ce mo\u017ce ona zaprotestowa\u0107. Chc\u0105 Pa\u0144stwo zamkn\u0105\u0107 lub otworzy\u0107 bram\u0119, a ona nawet si\u0119 nie rusza? Zatrzymuje si\u0119 w trakcie czynno\u015bci? Prosz\u0119 przeczyta\u0107 <a href=\"https:\/\/gardeon.pl\/pl\/blog\/co-zrobic-gdy-brama-sterowana-elektrycznie-ulegnie-awarii\/\">artyku\u0142 o tym, co robi\u0107, je\u015bli kiedykolwiek zepsuje si\u0119 Pa\u0144stwu brama gara\u017cowa<\/a>. A jak temu zapobiec z wyprzedzeniem? <a href=\"https:\/\/gardeon.pl\/pl\/?p=46520\">Prosz\u0119 regularnie o ni\u0105 dba\u0107. W\u0142a\u015bnie tak<\/a>.     :)<\/p>\n<h5><strong>\u0179r\u00f3d\u0142o:<\/strong><\/h5>\n<h5>https:\/\/777-door.com\/<br \/>\nhttp:\/\/gdigaragedoors.com\/<br \/>\nhttps:\/\/www.addvaluetoyourhome.ca\/<br \/>\nhttp:\/\/www.penninegaragedoors.co.uk\/<\/h5>\n","protected":false},"excerpt":{"rendered":"<p>\u0141adniejszy design? Wi\u0119kszy komfort? To najcz\u0119stsze powody, dla kt\u00f3rych w\u0142a\u015bciciele gara\u017cy wymieniaj\u0105 bram\u0119. Powody te nale\u017c\u0105 jednak do tych bardziej powierzchownych. Naprawd\u0119 istotnym powodem, kt\u00f3ry wielu lekcewa\u017cy, jest bezpiecze\u0144stwo. Dlaczego? Tego r\u00f3wnie\u017c dowiesz si\u0119 z tego artyku\u0142u, na przyk\u0142adzie prawdziwego zdarzenia. Ponadto pomo\u017cemy Ci w podj\u0119ciu decyzji, jaki typ bramy gara\u017cowej wybra\u0107.<\/p>\n","protected":false},"author":2,"featured_media":48293,"comment_status":"open","ping_status":"open","sticky":false,"template":"","format":"standard","meta":{"_acf_changed":false,"inline_featured_image":false,"footnotes":""},"categories":[578,657],"tags":[],"class_list":["post-48286","post","type-post","status-publish","format-standard","has-post-thumbnail","hentry","category-garaze-blaszane","category-zabezpieczenie"],"acf":[],"yoast_head":"<!-- This site is optimized with the Yoast SEO plugin v27.4 - https:\/\/yoast.com\/product\/yoast-seo-wordpress\/ -->\n<title>Dlaczego wymieni\u0107 bram\u0119 gara\u017cow\u0105? Ta historia Ci\u0119 zszokuje i przekona - GARDEON<\/title>\n<meta name=\"robots\" content=\"index, follow, max-snippet:-1, max-image-preview:large, max-video-preview:-1\" \/>\n<link rel=\"canonical\" href=\"https:\/\/gardeon.pl\/pl\/blog\/dlaczego-wymienic-brame-garazowa-ta-historia-cie-zszokuje-i-przekona\/\" \/>\n<meta property=\"og:locale\" content=\"pl_PL\" \/>\n<meta property=\"og:type\" content=\"article\" \/>\n<meta property=\"og:title\" content=\"Dlaczego wymieni\u0107 bram\u0119 gara\u017cow\u0105? Ta historia Ci\u0119 zszokuje i przekona - GARDEON\" \/>\n<meta property=\"og:description\" content=\"\u0141adniejszy design? Wi\u0119kszy komfort? To najcz\u0119stsze powody, dla kt\u00f3rych w\u0142a\u015bciciele gara\u017cy wymieniaj\u0105 bram\u0119. Powody te nale\u017c\u0105 jednak do tych bardziej powierzchownych. Naprawd\u0119 istotnym powodem, kt\u00f3ry wielu lekcewa\u017cy, jest bezpiecze\u0144stwo. Dlaczego? Tego r\u00f3wnie\u017c dowiesz si\u0119 z tego artyku\u0142u, na przyk\u0142adzie prawdziwego zdarzenia. Ponadto pomo\u017cemy Ci w podj\u0119ciu decyzji, jaki typ bramy gara\u017cowej wybra\u0107.\" \/>\n<meta property=\"og:url\" content=\"https:\/\/gardeon.pl\/pl\/blog\/dlaczego-wymienic-brame-garazowa-ta-historia-cie-zszokuje-i-przekona\/\" \/>\n<meta property=\"og:site_name\" content=\"GARDEON\" \/>\n<meta property=\"article:published_time\" content=\"2026-04-23T16:41:15+00:00\" \/>\n<meta property=\"article:modified_time\" content=\"2026-04-23T16:44:20+00:00\" \/>\n<meta property=\"og:image\" content=\"http:\/\/gardeon.pl\/wp-content\/uploads\/2019\/05\/IMG_2638-copy-e1557491206219.jpg\" \/>\n\t<meta property=\"og:image:width\" content=\"1500\" \/>\n\t<meta property=\"og:image:height\" content=\"1001\" \/>\n\t<meta property=\"og:image:type\" content=\"image\/jpeg\" \/>\n<meta name=\"author\" content=\"editor\" \/>\n<meta name=\"twitter:card\" content=\"summary_large_image\" \/>\n<meta name=\"twitter:label1\" content=\"Napisane przez\" \/>\n\t<meta name=\"twitter:data1\" content=\"editor\" \/>\n\t<meta name=\"twitter:label2\" content=\"Szacowany czas czytania\" \/>\n\t<meta name=\"twitter:data2\" content=\"4 minuty\" \/>\n<script type=\"application\/ld+json\" class=\"yoast-schema-graph\">{\"@context\":\"https:\\\/\\\/schema.org\",\"@graph\":[{\"@type\":\"Article\",\"@id\":\"https:\\\/\\\/gardeon.pl\\\/pl\\\/blog\\\/dlaczego-wymienic-brame-garazowa-ta-historia-cie-zszokuje-i-przekona\\\/#article\",\"isPartOf\":{\"@id\":\"https:\\\/\\\/gardeon.pl\\\/pl\\\/blog\\\/dlaczego-wymienic-brame-garazowa-ta-historia-cie-zszokuje-i-przekona\\\/\"},\"author\":{\"name\":\"editor\",\"@id\":\"https:\\\/\\\/gardeon.pl\\\/#\\\/schema\\\/person\\\/a5762ca5f0790bf92774af0899379463\"},\"headline\":\"Dlaczego wymieni\u0107 bram\u0119 gara\u017cow\u0105? Ta historia Ci\u0119 zszokuje i przekona\",\"datePublished\":\"2026-04-23T16:41:15+00:00\",\"dateModified\":\"2026-04-23T16:44:20+00:00\",\"mainEntityOfPage\":{\"@id\":\"https:\\\/\\\/gardeon.pl\\\/pl\\\/blog\\\/dlaczego-wymienic-brame-garazowa-ta-historia-cie-zszokuje-i-przekona\\\/\"},\"wordCount\":828,\"commentCount\":0,\"image\":{\"@id\":\"https:\\\/\\\/gardeon.pl\\\/pl\\\/blog\\\/dlaczego-wymienic-brame-garazowa-ta-historia-cie-zszokuje-i-przekona\\\/#primaryimage\"},\"thumbnailUrl\":\"https:\\\/\\\/gardeon.pl\\\/wp-content\\\/uploads\\\/2019\\\/05\\\/IMG_2638-copy-e1557491206219.jpg\",\"articleSection\":[\"Gara\u017ce blaszane\",\"Zabezpieczenie\"],\"inLanguage\":\"pl-PL\",\"potentialAction\":[{\"@type\":\"CommentAction\",\"name\":\"Comment\",\"target\":[\"https:\\\/\\\/gardeon.pl\\\/pl\\\/blog\\\/dlaczego-wymienic-brame-garazowa-ta-historia-cie-zszokuje-i-przekona\\\/#respond\"]}]},{\"@type\":\"WebPage\",\"@id\":\"https:\\\/\\\/gardeon.pl\\\/pl\\\/blog\\\/dlaczego-wymienic-brame-garazowa-ta-historia-cie-zszokuje-i-przekona\\\/\",\"url\":\"https:\\\/\\\/gardeon.pl\\\/pl\\\/blog\\\/dlaczego-wymienic-brame-garazowa-ta-historia-cie-zszokuje-i-przekona\\\/\",\"name\":\"Dlaczego wymieni\u0107 bram\u0119 gara\u017cow\u0105? Ta historia Ci\u0119 zszokuje i przekona - GARDEON\",\"isPartOf\":{\"@id\":\"https:\\\/\\\/gardeon.pl\\\/#website\"},\"primaryImageOfPage\":{\"@id\":\"https:\\\/\\\/gardeon.pl\\\/pl\\\/blog\\\/dlaczego-wymienic-brame-garazowa-ta-historia-cie-zszokuje-i-przekona\\\/#primaryimage\"},\"image\":{\"@id\":\"https:\\\/\\\/gardeon.pl\\\/pl\\\/blog\\\/dlaczego-wymienic-brame-garazowa-ta-historia-cie-zszokuje-i-przekona\\\/#primaryimage\"},\"thumbnailUrl\":\"https:\\\/\\\/gardeon.pl\\\/wp-content\\\/uploads\\\/2019\\\/05\\\/IMG_2638-copy-e1557491206219.jpg\",\"datePublished\":\"2026-04-23T16:41:15+00:00\",\"dateModified\":\"2026-04-23T16:44:20+00:00\",\"author\":{\"@id\":\"https:\\\/\\\/gardeon.pl\\\/#\\\/schema\\\/person\\\/a5762ca5f0790bf92774af0899379463\"},\"breadcrumb\":{\"@id\":\"https:\\\/\\\/gardeon.pl\\\/pl\\\/blog\\\/dlaczego-wymienic-brame-garazowa-ta-historia-cie-zszokuje-i-przekona\\\/#breadcrumb\"},\"inLanguage\":\"pl-PL\",\"potentialAction\":[{\"@type\":\"ReadAction\",\"target\":[\"https:\\\/\\\/gardeon.pl\\\/pl\\\/blog\\\/dlaczego-wymienic-brame-garazowa-ta-historia-cie-zszokuje-i-przekona\\\/\"]}]},{\"@type\":\"ImageObject\",\"inLanguage\":\"pl-PL\",\"@id\":\"https:\\\/\\\/gardeon.pl\\\/pl\\\/blog\\\/dlaczego-wymienic-brame-garazowa-ta-historia-cie-zszokuje-i-przekona\\\/#primaryimage\",\"url\":\"https:\\\/\\\/gardeon.pl\\\/wp-content\\\/uploads\\\/2019\\\/05\\\/IMG_2638-copy-e1557491206219.jpg\",\"contentUrl\":\"https:\\\/\\\/gardeon.pl\\\/wp-content\\\/uploads\\\/2019\\\/05\\\/IMG_2638-copy-e1557491206219.jpg\",\"width\":1500,\"height\":1001,\"caption\":\"Gara\u017c na jeden samoch\u00f3d GARDEON przy gara\u017cu betonowym\"},{\"@type\":\"BreadcrumbList\",\"@id\":\"https:\\\/\\\/gardeon.pl\\\/pl\\\/blog\\\/dlaczego-wymienic-brame-garazowa-ta-historia-cie-zszokuje-i-przekona\\\/#breadcrumb\",\"itemListElement\":[{\"@type\":\"ListItem\",\"position\":1,\"name\":\"Domov\",\"item\":\"https:\\\/\\\/gardeon.pl\\\/pl\\\/\"},{\"@type\":\"ListItem\",\"position\":2,\"name\":\"Dlaczego wymieni\u0107 bram\u0119 gara\u017cow\u0105? Ta historia Ci\u0119 zszokuje i przekona\"}]},{\"@type\":\"WebSite\",\"@id\":\"https:\\\/\\\/gardeon.pl\\\/#website\",\"url\":\"https:\\\/\\\/gardeon.pl\\\/\",\"name\":\"GARDEON\",\"description\":\"\",\"potentialAction\":[{\"@type\":\"SearchAction\",\"target\":{\"@type\":\"EntryPoint\",\"urlTemplate\":\"https:\\\/\\\/gardeon.pl\\\/?s={search_term_string}\"},\"query-input\":{\"@type\":\"PropertyValueSpecification\",\"valueRequired\":true,\"valueName\":\"search_term_string\"}}],\"inLanguage\":\"pl-PL\"},{\"@type\":\"Person\",\"@id\":\"https:\\\/\\\/gardeon.pl\\\/#\\\/schema\\\/person\\\/a5762ca5f0790bf92774af0899379463\",\"name\":\"editor\",\"image\":{\"@type\":\"ImageObject\",\"inLanguage\":\"pl-PL\",\"@id\":\"https:\\\/\\\/secure.gravatar.com\\\/avatar\\\/2b748151c2c748327307fd289a91b3bdafdd9e64e2d000e65e53d6dcf11c5830?s=96&d=mm&r=g\",\"url\":\"https:\\\/\\\/secure.gravatar.com\\\/avatar\\\/2b748151c2c748327307fd289a91b3bdafdd9e64e2d000e65e53d6dcf11c5830?s=96&d=mm&r=g\",\"contentUrl\":\"https:\\\/\\\/secure.gravatar.com\\\/avatar\\\/2b748151c2c748327307fd289a91b3bdafdd9e64e2d000e65e53d6dcf11c5830?s=96&d=mm&r=g\",\"caption\":\"editor\"}}]}<\/script>\n<!-- \/ Yoast SEO plugin. -->","yoast_head_json":{"title":"Dlaczego wymieni\u0107 bram\u0119 gara\u017cow\u0105? Ta historia Ci\u0119 zszokuje i przekona - GARDEON","robots":{"index":"index","follow":"follow","max-snippet":"max-snippet:-1","max-image-preview":"max-image-preview:large","max-video-preview":"max-video-preview:-1"},"canonical":"https:\/\/gardeon.pl\/pl\/blog\/dlaczego-wymienic-brame-garazowa-ta-historia-cie-zszokuje-i-przekona\/","og_locale":"pl_PL","og_type":"article","og_title":"Dlaczego wymieni\u0107 bram\u0119 gara\u017cow\u0105? Ta historia Ci\u0119 zszokuje i przekona - GARDEON","og_description":"\u0141adniejszy design? Wi\u0119kszy komfort? To najcz\u0119stsze powody, dla kt\u00f3rych w\u0142a\u015bciciele gara\u017cy wymieniaj\u0105 bram\u0119. Powody te nale\u017c\u0105 jednak do tych bardziej powierzchownych. Naprawd\u0119 istotnym powodem, kt\u00f3ry wielu lekcewa\u017cy, jest bezpiecze\u0144stwo. Dlaczego? Tego r\u00f3wnie\u017c dowiesz si\u0119 z tego artyku\u0142u, na przyk\u0142adzie prawdziwego zdarzenia. Ponadto pomo\u017cemy Ci w podj\u0119ciu decyzji, jaki typ bramy gara\u017cowej wybra\u0107.","og_url":"https:\/\/gardeon.pl\/pl\/blog\/dlaczego-wymienic-brame-garazowa-ta-historia-cie-zszokuje-i-przekona\/","og_site_name":"GARDEON","article_published_time":"2026-04-23T16:41:15+00:00","article_modified_time":"2026-04-23T16:44:20+00:00","og_image":[{"width":1500,"height":1001,"url":"http:\/\/gardeon.pl\/wp-content\/uploads\/2019\/05\/IMG_2638-copy-e1557491206219.jpg","type":"image\/jpeg"}],"author":"editor","twitter_card":"summary_large_image","twitter_misc":{"Napisane przez":"editor","Szacowany czas czytania":"4 minuty"},"schema":{"@context":"https:\/\/schema.org","@graph":[{"@type":"Article","@id":"https:\/\/gardeon.pl\/pl\/blog\/dlaczego-wymienic-brame-garazowa-ta-historia-cie-zszokuje-i-przekona\/#article","isPartOf":{"@id":"https:\/\/gardeon.pl\/pl\/blog\/dlaczego-wymienic-brame-garazowa-ta-historia-cie-zszokuje-i-przekona\/"},"author":{"name":"editor","@id":"https:\/\/gardeon.pl\/#\/schema\/person\/a5762ca5f0790bf92774af0899379463"},"headline":"Dlaczego wymieni\u0107 bram\u0119 gara\u017cow\u0105? Ta historia Ci\u0119 zszokuje i przekona","datePublished":"2026-04-23T16:41:15+00:00","dateModified":"2026-04-23T16:44:20+00:00","mainEntityOfPage":{"@id":"https:\/\/gardeon.pl\/pl\/blog\/dlaczego-wymienic-brame-garazowa-ta-historia-cie-zszokuje-i-przekona\/"},"wordCount":828,"commentCount":0,"image":{"@id":"https:\/\/gardeon.pl\/pl\/blog\/dlaczego-wymienic-brame-garazowa-ta-historia-cie-zszokuje-i-przekona\/#primaryimage"},"thumbnailUrl":"https:\/\/gardeon.pl\/wp-content\/uploads\/2019\/05\/IMG_2638-copy-e1557491206219.jpg","articleSection":["Gara\u017ce blaszane","Zabezpieczenie"],"inLanguage":"pl-PL","potentialAction":[{"@type":"CommentAction","name":"Comment","target":["https:\/\/gardeon.pl\/pl\/blog\/dlaczego-wymienic-brame-garazowa-ta-historia-cie-zszokuje-i-przekona\/#respond"]}]},{"@type":"WebPage","@id":"https:\/\/gardeon.pl\/pl\/blog\/dlaczego-wymienic-brame-garazowa-ta-historia-cie-zszokuje-i-przekona\/","url":"https:\/\/gardeon.pl\/pl\/blog\/dlaczego-wymienic-brame-garazowa-ta-historia-cie-zszokuje-i-przekona\/","name":"Dlaczego wymieni\u0107 bram\u0119 gara\u017cow\u0105? Ta historia Ci\u0119 zszokuje i przekona - GARDEON","isPartOf":{"@id":"https:\/\/gardeon.pl\/#website"},"primaryImageOfPage":{"@id":"https:\/\/gardeon.pl\/pl\/blog\/dlaczego-wymienic-brame-garazowa-ta-historia-cie-zszokuje-i-przekona\/#primaryimage"},"image":{"@id":"https:\/\/gardeon.pl\/pl\/blog\/dlaczego-wymienic-brame-garazowa-ta-historia-cie-zszokuje-i-przekona\/#primaryimage"},"thumbnailUrl":"https:\/\/gardeon.pl\/wp-content\/uploads\/2019\/05\/IMG_2638-copy-e1557491206219.jpg","datePublished":"2026-04-23T16:41:15+00:00","dateModified":"2026-04-23T16:44:20+00:00","author":{"@id":"https:\/\/gardeon.pl\/#\/schema\/person\/a5762ca5f0790bf92774af0899379463"},"breadcrumb":{"@id":"https:\/\/gardeon.pl\/pl\/blog\/dlaczego-wymienic-brame-garazowa-ta-historia-cie-zszokuje-i-przekona\/#breadcrumb"},"inLanguage":"pl-PL","potentialAction":[{"@type":"ReadAction","target":["https:\/\/gardeon.pl\/pl\/blog\/dlaczego-wymienic-brame-garazowa-ta-historia-cie-zszokuje-i-przekona\/"]}]},{"@type":"ImageObject","inLanguage":"pl-PL","@id":"https:\/\/gardeon.pl\/pl\/blog\/dlaczego-wymienic-brame-garazowa-ta-historia-cie-zszokuje-i-przekona\/#primaryimage","url":"https:\/\/gardeon.pl\/wp-content\/uploads\/2019\/05\/IMG_2638-copy-e1557491206219.jpg","contentUrl":"https:\/\/gardeon.pl\/wp-content\/uploads\/2019\/05\/IMG_2638-copy-e1557491206219.jpg","width":1500,"height":1001,"caption":"Gara\u017c na jeden samoch\u00f3d GARDEON przy gara\u017cu betonowym"},{"@type":"BreadcrumbList","@id":"https:\/\/gardeon.pl\/pl\/blog\/dlaczego-wymienic-brame-garazowa-ta-historia-cie-zszokuje-i-przekona\/#breadcrumb","itemListElement":[{"@type":"ListItem","position":1,"name":"Domov","item":"https:\/\/gardeon.pl\/pl\/"},{"@type":"ListItem","position":2,"name":"Dlaczego wymieni\u0107 bram\u0119 gara\u017cow\u0105? Ta historia Ci\u0119 zszokuje i przekona"}]},{"@type":"WebSite","@id":"https:\/\/gardeon.pl\/#website","url":"https:\/\/gardeon.pl\/","name":"GARDEON","description":"","potentialAction":[{"@type":"SearchAction","target":{"@type":"EntryPoint","urlTemplate":"https:\/\/gardeon.pl\/?s={search_term_string}"},"query-input":{"@type":"PropertyValueSpecification","valueRequired":true,"valueName":"search_term_string"}}],"inLanguage":"pl-PL"},{"@type":"Person","@id":"https:\/\/gardeon.pl\/#\/schema\/person\/a5762ca5f0790bf92774af0899379463","name":"editor","image":{"@type":"ImageObject","inLanguage":"pl-PL","@id":"https:\/\/secure.gravatar.com\/avatar\/2b748151c2c748327307fd289a91b3bdafdd9e64e2d000e65e53d6dcf11c5830?s=96&d=mm&r=g","url":"https:\/\/secure.gravatar.com\/avatar\/2b748151c2c748327307fd289a91b3bdafdd9e64e2d000e65e53d6dcf11c5830?s=96&d=mm&r=g","contentUrl":"https:\/\/secure.gravatar.com\/avatar\/2b748151c2c748327307fd289a91b3bdafdd9e64e2d000e65e53d6dcf11c5830?s=96&d=mm&r=g","caption":"editor"}}]}},"_links":{"self":[{"href":"https:\/\/gardeon.pl\/pl\/wp-json\/wp\/v2\/posts\/48286","targetHints":{"allow":["GET"]}}],"collection":[{"href":"https:\/\/gardeon.pl\/pl\/wp-json\/wp\/v2\/posts"}],"about":[{"href":"https:\/\/gardeon.pl\/pl\/wp-json\/wp\/v2\/types\/post"}],"author":[{"embeddable":true,"href":"https:\/\/gardeon.pl\/pl\/wp-json\/wp\/v2\/users\/2"}],"replies":[{"embeddable":true,"href":"https:\/\/gardeon.pl\/pl\/wp-json\/wp\/v2\/comments?post=48286"}],"version-history":[{"count":0,"href":"https:\/\/gardeon.pl\/pl\/wp-json\/wp\/v2\/posts\/48286\/revisions"}],"wp:featuredmedia":[{"embeddable":true,"href":"https:\/\/gardeon.pl\/pl\/wp-json\/wp\/v2\/media\/48293"}],"wp:attachment":[{"href":"https:\/\/gardeon.pl\/pl\/wp-json\/wp\/v2\/media?parent=48286"}],"wp:term":[{"taxonomy":"category","embeddable":true,"href":"https:\/\/gardeon.pl\/pl\/wp-json\/wp\/v2\/categories?post=48286"},{"taxonomy":"post_tag","embeddable":true,"href":"https:\/\/gardeon.pl\/pl\/wp-json\/wp\/v2\/tags?post=48286"}],"curies":[{"name":"wp","href":"https:\/\/api.w.org\/{rel}","templated":true}]}}