{"id":48301,"date":"2026-04-23T18:41:14","date_gmt":"2026-04-23T16:41:14","guid":{"rendered":"https:\/\/gardeon.pl\/?p=48301"},"modified":"2026-04-23T18:44:20","modified_gmt":"2026-04-23T16:44:20","slug":"jak-wyposazyc-garaz-dla-swojego-motocykla","status":"publish","type":"post","link":"https:\/\/gardeon.pl\/pl\/blog\/jak-wyposazyc-garaz-dla-swojego-motocykla\/","title":{"rendered":"Jak wyposa\u017cy\u0107 gara\u017c dla swojego motocykla"},"content":{"rendered":"<p><em>Wy r\u00f3wnie\u017c zawsze marzyli\u015bcie o prawdziwym warsztacie motocyklowym? Stw\u00f3rzmy go razem. Wielko\u015b\u0107 gara\u017cu zale\u017cy od tego, ile motocykli posiadacie lub czy planujecie pracowa\u0107 r\u00f3wnie\u017c przy maszynach znajomych. My\u015blcie ponadczasowo. Je\u015bli chcecie pracowa\u0107 tylko przy swoim motocyklu, powierzchnia standardowego gara\u017cu jednostanowiskowego 2,7 x 5 m b\u0119dzie wystarczaj\u0105ca.    <\/em><\/p>\n<p><!--more--><\/p>\n<p><img loading=\"lazy\" decoding=\"async\" class=\"aligncenter wp-image-21495\" src=\"http:\/\/gardeon.pl\/wp-content\/uploads\/2019\/10\/f.jpg\" alt=\"Motocykle w barze\" width=\"800\" height=\"534\" srcset=\"https:\/\/gardeon.pl\/wp-content\/uploads\/2019\/10\/f.jpg 800w, https:\/\/gardeon.pl\/wp-content\/uploads\/2019\/10\/f-300x200.jpg 300w, https:\/\/gardeon.pl\/wp-content\/uploads\/2019\/10\/f-768x513.jpg 768w\" sizes=\"auto, (max-width: 800px) 100vw, 800px\" \/><\/p>\n<h3>Porz\u0105dnie od pod\u0142ogi<\/h3>\n<p>Nier\u00f3wna powierzchnia czy pop\u0119kana pod\u0142oga nie s\u0105 idealnym pod\u0142o\u017cem do \u017cadnego gara\u017cu, tym bardziej do Pa\u0144stwa warsztatu motocyklowego. Co wi\u0119c polecamy? Najpierw <a href=\"https:\/\/gardeon.pl\/pl\/blog\/instrukcja-renowacji-betonowej-kostki-brukowej-w-garazu\/\">naprawcie zniszczon\u0105 pod\u0142og\u0119<\/a>. Je\u015bli dopiero rozwa\u017cacie nowy gara\u017c modu\u0142owy i w\u0142a\u015bnie wybieracie pod\u0142o\u017ce, wszystkimi dziesi\u0119cioma g\u0142osujemy za p\u0142yt\u0105 betonow\u0105.   <\/p>\n<p>Ale potrzeba jeszcze czego\u015b na wierzch. Laminat, kamienie ani winyl w tym przypadku nie wystarcz\u0105. Potrzebujecie pod\u0142ogi, kt\u00f3ra \u0142atwo si\u0119 nak\u0142ada, wype\u0142nia ca\u0142\u0105 powierzchni\u0119, a jednocze\u015bnie izoluje, jest odporna na plamy (olej, nafta itp.) i dodatkowo \u0142atwo si\u0119 czy\u015bci. Zobaczcie, <a href=\"https:\/\/gardeon.pl\/pl\/blog\/unikalna-podloga-epoksydowa-jak-ja-wykonac\/\">jak stworzy\u0107 pod\u0142og\u0119 epoksydow\u0105<\/a>.   <span class=\"Apple-converted-space\"> <\/span><\/p>\n<p><img loading=\"lazy\" decoding=\"async\" class=\"aligncenter wp-image-21505\" src=\"http:\/\/gardeon.pl\/wp-content\/uploads\/2019\/10\/k.jpg\" alt=\"Pod\u0142oga w gara\u017cu\" width=\"800\" height=\"600\" srcset=\"https:\/\/gardeon.pl\/wp-content\/uploads\/2019\/10\/k.jpg 608w, https:\/\/gardeon.pl\/wp-content\/uploads\/2019\/10\/k-300x225.jpg 300w\" sizes=\"auto, (max-width: 800px) 100vw, 800px\" \/><\/p>\n<p>Alternatyw\u0105 jest jeszcze pod\u0142oga polipropylenowa, kt\u00f3ra dzia\u0142a jak uk\u0142adanka. Jest bardzo odporna. Tutaj jednak zwracajcie szczeg\u00f3ln\u0105 uwag\u0119 na r\u00f3wno\u015b\u0107 powierzchni pod ni\u0105, poniewa\u017c w przeciwnym razie mo\u017ce skrzypie\u0107 przy ka\u017cdym Pa\u0144stwa ruchu.  <span class=\"Apple-converted-space\"> <\/span><\/p>\n<p><img loading=\"lazy\" decoding=\"async\" class=\"aligncenter wp-image-21507\" src=\"http:\/\/gardeon.pl\/wp-content\/uploads\/2019\/10\/l-1024x683.jpg\" alt=\"Motocykl na kraciastej pod\u0142odze z meblami Coca-Cola\" width=\"800\" height=\"534\" srcset=\"https:\/\/gardeon.pl\/wp-content\/uploads\/2019\/10\/l-1024x683.jpg 1024w, https:\/\/gardeon.pl\/wp-content\/uploads\/2019\/10\/l-300x200.jpg 300w, https:\/\/gardeon.pl\/wp-content\/uploads\/2019\/10\/l-768x512.jpg 768w, https:\/\/gardeon.pl\/wp-content\/uploads\/2019\/10\/l.jpg 2048w\" sizes=\"auto, (max-width: 800px) 100vw, 800px\" \/><\/p>\n<p><img loading=\"lazy\" decoding=\"async\" class=\"aligncenter wp-image-21503\" src=\"http:\/\/gardeon.pl\/wp-content\/uploads\/2019\/10\/j-1024x768.jpg\" alt=\"Pod\u0142oga w gara\u017cu\" width=\"800\" height=\"600\" srcset=\"https:\/\/gardeon.pl\/wp-content\/uploads\/2019\/10\/j-1024x768.jpg 1024w, https:\/\/gardeon.pl\/wp-content\/uploads\/2019\/10\/j-300x225.jpg 300w, https:\/\/gardeon.pl\/wp-content\/uploads\/2019\/10\/j-768x576.jpg 768w, https:\/\/gardeon.pl\/wp-content\/uploads\/2019\/10\/j.jpg 1280w\" sizes=\"auto, (max-width: 800px) 100vw, 800px\" \/><\/p>\n<h3>\u015awiat\u0142o, ciep\u0142o i \u015bwie\u017ce powietrze<\/h3>\n<p>Elektryczno\u015b\u0107 i \u015bwiat\u0142o s\u0105 niezb\u0119dn\u0105 cz\u0119\u015bci\u0105 gara\u017cu czy warsztatu. Kupcie wystarczaj\u0105co mocne, ale jednocze\u015bnie oszcz\u0119dne \u017car\u00f3wki LED i zapewnijcie strategicznie rozmieszczone gniazdka w ca\u0142ym gara\u017cu, aby mie\u0107 pr\u0105d zawsze pod r\u0119k\u0105. <\/p>\n<p><img loading=\"lazy\" decoding=\"async\" class=\"aligncenter wp-image-21489\" src=\"http:\/\/gardeon.pl\/wp-content\/uploads\/2019\/10\/c-1024x683.jpg\" alt=\"\u017bar\u00f3wki LED w szklankach do piwa\" width=\"800\" height=\"533\" srcset=\"https:\/\/gardeon.pl\/wp-content\/uploads\/2019\/10\/c-1024x683.jpg 1024w, https:\/\/gardeon.pl\/wp-content\/uploads\/2019\/10\/c-300x200.jpg 300w, https:\/\/gardeon.pl\/wp-content\/uploads\/2019\/10\/c-768x512.jpg 768w, https:\/\/gardeon.pl\/wp-content\/uploads\/2019\/10\/c.jpg 1200w\" sizes=\"auto, (max-width: 800px) 100vw, 800px\" \/><\/p>\n<p>Je\u015bli chodzi o ocieplenie, zdecydowanie lepiej jest ociepli\u0107 gara\u017c, zanim nadejdzie zima. W przypadku gara\u017cu, kt\u00f3ry s\u0142u\u017cy jako warsztat motocyklowy, by\u0107 mo\u017ce nie b\u0119dziecie potrzebowa\u0107 kompleksowego ogrzewania. Wystarczy grzejnik. Dla pewno\u015bci przypominamy, aby trzyma\u0107 jakiekolwiek urz\u0105dzenie grzewcze z dala od materia\u0142\u00f3w \u0142atwopalnych.    :)<\/p>\n<p><img loading=\"lazy\" decoding=\"async\" class=\"aligncenter wp-image-21483\" src=\"http:\/\/gardeon.pl\/wp-content\/uploads\/2019\/10\/b-1024x683.jpg\" alt=\"Ma\u0142e barowe posiad\u00f3wki w gara\u017cu\" width=\"800\" height=\"533\" srcset=\"https:\/\/gardeon.pl\/wp-content\/uploads\/2019\/10\/b-1024x683.jpg 1024w, https:\/\/gardeon.pl\/wp-content\/uploads\/2019\/10\/b-300x200.jpg 300w, https:\/\/gardeon.pl\/wp-content\/uploads\/2019\/10\/b-768x512.jpg 768w, https:\/\/gardeon.pl\/wp-content\/uploads\/2019\/10\/b.jpg 1200w\" sizes=\"auto, (max-width: 800px) 100vw, 800px\" \/><\/p>\n<p>A co z wentylacj\u0105? Opary i smr\u00f3d z r\u00f3\u017cnych chemikali\u00f3w mog\u0105 w zamkni\u0119tej przestrzeni zagrozi\u0107 Pa\u0144stwa zdrowiu. Okno to dobry pomys\u0142, ale zim\u0105 w ch\u0142odne dni nie powinno by\u0107 otwarte d\u0142ugo, aby radykalnie nie obni\u017cy\u0107 temperatury w pomieszczeniu. Dlatego rozwa\u017ccie dodatkowy system wentylacyjny lub wyci\u0105g.   <\/p>\n<p><img loading=\"lazy\" decoding=\"async\" class=\"aligncenter wp-image-21481\" src=\"http:\/\/gardeon.pl\/wp-content\/uploads\/2019\/10\/a-1024x683.jpg\" alt=\"Ma\u0142e barowe posiad\u00f3wki\" width=\"800\" height=\"533\" srcset=\"https:\/\/gardeon.pl\/wp-content\/uploads\/2019\/10\/a-1024x683.jpg 1024w, https:\/\/gardeon.pl\/wp-content\/uploads\/2019\/10\/a-300x200.jpg 300w, https:\/\/gardeon.pl\/wp-content\/uploads\/2019\/10\/a-768x512.jpg 768w, https:\/\/gardeon.pl\/wp-content\/uploads\/2019\/10\/a.jpg 1200w\" sizes=\"auto, (max-width: 800px) 100vw, 800px\" \/><\/p>\n<p><img loading=\"lazy\" decoding=\"async\" class=\"aligncenter wp-image-21491\" src=\"http:\/\/gardeon.pl\/wp-content\/uploads\/2019\/10\/d-1024x683.jpg\" alt=\"Motocykle przy barowym posiad\u00f3wce\" width=\"800\" height=\"533\" srcset=\"https:\/\/gardeon.pl\/wp-content\/uploads\/2019\/10\/d-1024x683.jpg 1024w, https:\/\/gardeon.pl\/wp-content\/uploads\/2019\/10\/d-300x200.jpg 300w, https:\/\/gardeon.pl\/wp-content\/uploads\/2019\/10\/d-768x512.jpg 768w, https:\/\/gardeon.pl\/wp-content\/uploads\/2019\/10\/d.jpg 1200w\" sizes=\"auto, (max-width: 800px) 100vw, 800px\" \/><\/p>\n<h3>Uporz\u0105dkowane i stylowe \u015bciany<\/h3>\n<p>Zorganizowany i uporz\u0105dkowany gara\u017c niewiarygodnie przyspieszy i u\u0142atwi Pa\u0144stwu prac\u0119. Stw\u00f3rzcie strefy \u2013 narz\u0119dzia, paliwa, oleje i inne p\u0142yny, \u015brodki czyszcz\u0105ce, odzie\u017c robocza, opony i oczywi\u015bcie Pa\u0144stwa wyposa\u017cenie motocyklowe. Je\u015bli Pa\u0144stwa gara\u017c murowany czy modu\u0142owy s\u0142u\u017cy r\u00f3wnie\u017c jako magazyn, spr\u00f3bujcie go oddzieli\u0107 \u2013 pomy\u015blcie o <a href=\"https:\/\/gardeon.pl\/pl\/blog\/jak-zmaksymalizowac-organizacje-garazu-tych-5-stref-ktore-powinienes-znac\/\">przestrzeniach magazynowych nad g\u0142ow\u0105<\/a> lub wydzielcie jedn\u0105 \u015bcian\u0119 na szafy i pud\u0142a.  <span class=\"Apple-converted-space\"> <\/span><\/p>\n<p><img loading=\"lazy\" decoding=\"async\" class=\"aligncenter wp-image-21511\" src=\"http:\/\/gardeon.pl\/wp-content\/uploads\/2019\/10\/n-768x1024.jpg\" alt=\"Motocykl w gara\u017cu\" width=\"800\" height=\"1066\" srcset=\"https:\/\/gardeon.pl\/wp-content\/uploads\/2019\/10\/n-768x1024.jpg 768w, https:\/\/gardeon.pl\/wp-content\/uploads\/2019\/10\/n-225x300.jpg 225w, https:\/\/gardeon.pl\/wp-content\/uploads\/2019\/10\/n.jpg 1000w\" sizes=\"auto, (max-width: 800px) 100vw, 800px\" \/><\/p>\n<p><img loading=\"lazy\" decoding=\"async\" class=\"aligncenter wp-image-21493\" src=\"http:\/\/gardeon.pl\/wp-content\/uploads\/2019\/10\/e-1024x683.jpg\" alt=\"Kaski i narz\u0119dzia w gara\u017cu\" width=\"800\" height=\"533\" srcset=\"https:\/\/gardeon.pl\/wp-content\/uploads\/2019\/10\/e-1024x683.jpg 1024w, https:\/\/gardeon.pl\/wp-content\/uploads\/2019\/10\/e-300x200.jpg 300w, https:\/\/gardeon.pl\/wp-content\/uploads\/2019\/10\/e-768x512.jpg 768w, https:\/\/gardeon.pl\/wp-content\/uploads\/2019\/10\/e.jpg 1200w\" sizes=\"auto, (max-width: 800px) 100vw, 800px\" \/><\/p>\n<p>A co ze stylem Pa\u0144stwa gara\u017cu? Pomy\u015blcie o dekoracjach. Jeste\u015bcie fanami Harley-Davidson? Ta \u015bciana przypadnie Pa\u0144stwu do gustu.   <\/p>\n<p><img loading=\"lazy\" decoding=\"async\" class=\"aligncenter wp-image-21501\" src=\"http:\/\/gardeon.pl\/wp-content\/uploads\/2019\/10\/i.jpg\" alt=\"Wystawiony czerwony motocykl w gara\u017cu\" width=\"800\" height=\"631\" srcset=\"https:\/\/gardeon.pl\/wp-content\/uploads\/2019\/10\/i.jpg 805w, https:\/\/gardeon.pl\/wp-content\/uploads\/2019\/10\/i-300x237.jpg 300w, https:\/\/gardeon.pl\/wp-content\/uploads\/2019\/10\/i-768x606.jpg 768w\" sizes=\"auto, (max-width: 800px) 100vw, 800px\" \/><\/p>\n<h3>Specjalne wyposa\u017cenie motocyklowe<\/h3>\n<p>Czego potrzebujecie do swojego warsztatu motocyklowego? Przede wszystkim podno\u015bnika do motocykla. Mo\u017cecie kupi\u0107 orygina\u0142 w sklepie lub wymy\u015bli\u0107 alternatyw\u0119.  <span class=\"Apple-converted-space\"> <\/span><\/p>\n<p><img loading=\"lazy\" decoding=\"async\" class=\"aligncenter wp-image-21509\" src=\"http:\/\/gardeon.pl\/wp-content\/uploads\/2019\/10\/m-1024x684.jpg\" alt=\"M\u0119\u017cczyzna ogl\u0105da opony motocykla\" width=\"800\" height=\"534\" srcset=\"https:\/\/gardeon.pl\/wp-content\/uploads\/2019\/10\/m-1024x684.jpg 1024w, https:\/\/gardeon.pl\/wp-content\/uploads\/2019\/10\/m-300x200.jpg 300w, https:\/\/gardeon.pl\/wp-content\/uploads\/2019\/10\/m-768x513.jpg 768w, https:\/\/gardeon.pl\/wp-content\/uploads\/2019\/10\/m.jpg 1200w\" sizes=\"auto, (max-width: 800px) 100vw, 800px\" \/><\/p>\n<p><img loading=\"lazy\" decoding=\"async\" class=\"aligncenter wp-image-21497\" src=\"http:\/\/gardeon.pl\/wp-content\/uploads\/2019\/10\/g-1024x640.jpg\" alt=\"M\u0119\u017cczyzna naprawia motocykl\" width=\"800\" height=\"500\" srcset=\"https:\/\/gardeon.pl\/wp-content\/uploads\/2019\/10\/g-1024x640.jpg 1024w, https:\/\/gardeon.pl\/wp-content\/uploads\/2019\/10\/g-300x188.jpg 300w, https:\/\/gardeon.pl\/wp-content\/uploads\/2019\/10\/g-768x480.jpg 768w, https:\/\/gardeon.pl\/wp-content\/uploads\/2019\/10\/g.jpg 1600w\" sizes=\"auto, (max-width: 800px) 100vw, 800px\" \/><\/p>\n<p>Co jeszcze? Taki standard \u2013 porz\u0105dny zestaw kluczy nasadowych, klucze do \u015bwiec, klucze p\u0142asko-oczkowe, ale tak\u017ce narz\u0119dzia specyficzne dla konkretnej marki motocykli. Wszystkie narz\u0119dzia mo\u017cecie przechowywa\u0107 na \u015bcianie lub w mobilnym w\u00f3zku, aby mie\u0107 je zawsze pod r\u0119k\u0105. I nasz ostatni tip \u2013 kupcie ognioodporny kosz na \u015bmieci.   <span class=\"Apple-converted-space\"> <\/span><\/p>\n<p><img loading=\"lazy\" decoding=\"async\" class=\"aligncenter wp-image-21499\" src=\"http:\/\/gardeon.pl\/wp-content\/uploads\/2019\/10\/h-1024x493.jpg\" alt=\"Motocykl w wyposa\u017conym gara\u017cu\" width=\"800\" height=\"385\" srcset=\"https:\/\/gardeon.pl\/wp-content\/uploads\/2019\/10\/h-1024x493.jpg 1024w, https:\/\/gardeon.pl\/wp-content\/uploads\/2019\/10\/h-300x144.jpg 300w, https:\/\/gardeon.pl\/wp-content\/uploads\/2019\/10\/h-768x369.jpg 768w, https:\/\/gardeon.pl\/wp-content\/uploads\/2019\/10\/h.jpg 1110w\" sizes=\"auto, (max-width: 800px) 100vw, 800px\" \/><\/p>\n<p>Nie zapominajcie jednak o praktycznych udogodnieniach, takich jak radio, minilod\u00f3wka czy wygodne krzes\u0142o. Stw\u00f3rzcie sobie gara\u017c, w kt\u00f3rym b\u0119dzie Pa\u0144stwu dobrze, ale nie a\u017c tak, \u017ceby\u015bcie ju\u017c do domu nie wr\u00f3cili.  :)<\/p>\n<p><img loading=\"lazy\" decoding=\"async\" class=\"aligncenter wp-image-21487\" src=\"http:\/\/gardeon.pl\/wp-content\/uploads\/2019\/10\/banner1-1024x511.jpg\" alt=\"Motocykl z efektami burzy\" width=\"800\" height=\"399\" srcset=\"https:\/\/gardeon.pl\/wp-content\/uploads\/2019\/10\/banner1-1024x511.jpg 1024w, https:\/\/gardeon.pl\/wp-content\/uploads\/2019\/10\/banner1-300x150.jpg 300w, https:\/\/gardeon.pl\/wp-content\/uploads\/2019\/10\/banner1-768x383.jpg 768w\" sizes=\"auto, (max-width: 800px) 100vw, 800px\" \/><\/p>\n<h5>\u0179r\u00f3d\u0142o:<\/h5>\n<h5>https:\/\/www.indianmotorcycles.net\/threads\/garage-life.6251\/<\/p>\n<div class=\"iframe-outer-container\">\n<div class=\"iframe-container\"><iframe loading=\"lazy\" title=\"Bikers garage\" src=\"https:\/\/assets.pinterest.com\/ext\/embed.html?id=338051515753225793&#038;src=oembed\" height=\"400\" width=\"450\" frameborder=\"0\" scrolling=\"no\" ><\/iframe><\/div>\n<\/div>\n<p>https:\/\/www.simple.com\/blog\/ultimate-guide-to-rebuilding-an-old-motorcycle<br \/>\nhttps:\/\/www.google.com\/search?biw=1835&#038;bih=1289&#038;tbs=isz%3Al&#038;tbm=isch&#038;sa=1&#038;ei=Zg-oXYvQMYzHwQL6z53oAw&#038;q=garage+floor+for+motorbike&#038;oq=garage+floor+for+motorbike&#038;gs_l=img.3&#8230;373292.374076..374368&#8230;0.0..0.61.348.6&#8230;&#8230;0&#8230;.1..gws-wiz-img.n_UssbuUj6Q&#038;ved=0ahUKEwiLm4qo2qLlAhWMY1AKHfpnBz0Q4dUDCAc&#038;uact=5#imgdii=KhSut3oUiNx3aM:&#038;imgrc=OQwUmCYZGtsQVM:<br \/>\nhttps:\/\/jaeger-plastik.de\/en\/verwendung\/pvc-garage-floor-click-system-tiles-flooring\/<br \/>\nhttp:\/\/gomba.info\/wohnzime\/<br \/>\nhttps:\/\/decogarage.fr\/en\/realisation\/floor-tiles-for-motorcycle-garage-floor\/<br \/>\nhttps:\/\/www.harley-davidson.com\/us\/en\/motorcycles\/forty-eight.html<br \/>\nhttps:\/\/www.stocksy.com\/1745031\/mechanic-working-in-the-motorbike-workshop<br \/>\nhttps:\/\/sk.pinterest.com\/pin\/356277020494963952\/<\/h5>\n","protected":false},"excerpt":{"rendered":"<p>Wy r\u00f3wnie\u017c zawsze marzyli\u015bcie o prawdziwym warsztacie motocyklowym? Stw\u00f3rzmy go razem. Wielko\u015b\u0107 gara\u017cu zale\u017cy od tego, ile motocykli posiadacie lub czy planujecie pracowa\u0107 r\u00f3wnie\u017c przy maszynach znajomych. My\u015blcie ponadczasowo. Je\u015bli chcecie pracowa\u0107 tylko przy swoim motocyklu, powierzchnia standardowego gara\u017cu jednostanowiskowego 2,7 x 5 m b\u0119dzie wystarczaj\u0105ca.<\/p>\n","protected":false},"author":2,"featured_media":48304,"comment_status":"open","ping_status":"open","sticky":false,"template":"","format":"standard","meta":{"_acf_changed":false,"inline_featured_image":false,"footnotes":""},"categories":[578,580],"tags":[],"class_list":["post-48301","post","type-post","status-publish","format-standard","has-post-thumbnail","hentry","category-garaze-blaszane","category-jak-to-zrobic-garaze-diy"],"acf":[],"yoast_head":"<!-- This site is optimized with the Yoast SEO plugin v27.4 - https:\/\/yoast.com\/product\/yoast-seo-wordpress\/ -->\n<title>Jak wyposa\u017cy\u0107 gara\u017c dla swojego motocykla - GARDEON<\/title>\n<meta name=\"robots\" content=\"index, follow, max-snippet:-1, max-image-preview:large, max-video-preview:-1\" \/>\n<link rel=\"canonical\" href=\"https:\/\/gardeon.pl\/pl\/blog\/jak-wyposazyc-garaz-dla-swojego-motocykla\/\" \/>\n<meta property=\"og:locale\" content=\"pl_PL\" \/>\n<meta property=\"og:type\" content=\"article\" \/>\n<meta property=\"og:title\" content=\"Jak wyposa\u017cy\u0107 gara\u017c dla swojego motocykla - GARDEON\" \/>\n<meta property=\"og:description\" content=\"Wy r\u00f3wnie\u017c zawsze marzyli\u015bcie o prawdziwym warsztacie motocyklowym? Stw\u00f3rzmy go razem. Wielko\u015b\u0107 gara\u017cu zale\u017cy od tego, ile motocykli posiadacie lub czy planujecie pracowa\u0107 r\u00f3wnie\u017c przy maszynach znajomych. My\u015blcie ponadczasowo. Je\u015bli chcecie pracowa\u0107 tylko przy swoim motocyklu, powierzchnia standardowego gara\u017cu jednostanowiskowego 2,7 x 5 m b\u0119dzie wystarczaj\u0105ca.\" \/>\n<meta property=\"og:url\" content=\"https:\/\/gardeon.pl\/pl\/blog\/jak-wyposazyc-garaz-dla-swojego-motocykla\/\" \/>\n<meta property=\"og:site_name\" content=\"GARDEON\" \/>\n<meta property=\"article:published_time\" content=\"2026-04-23T16:41:14+00:00\" \/>\n<meta property=\"article:modified_time\" content=\"2026-04-23T16:44:20+00:00\" \/>\n<meta property=\"og:image\" content=\"http:\/\/gardeon.pl\/wp-content\/uploads\/2019\/10\/banner.jpg\" \/>\n\t<meta property=\"og:image:width\" content=\"1808\" \/>\n\t<meta property=\"og:image:height\" content=\"1151\" \/>\n\t<meta property=\"og:image:type\" content=\"image\/jpeg\" \/>\n<meta name=\"author\" content=\"editor\" \/>\n<meta name=\"twitter:card\" content=\"summary_large_image\" \/>\n<meta name=\"twitter:label1\" content=\"Napisane przez\" \/>\n\t<meta name=\"twitter:data1\" content=\"editor\" \/>\n\t<meta name=\"twitter:label2\" content=\"Szacowany czas czytania\" \/>\n\t<meta name=\"twitter:data2\" content=\"4 minuty\" \/>\n<script type=\"application\/ld+json\" class=\"yoast-schema-graph\">{\"@context\":\"https:\\\/\\\/schema.org\",\"@graph\":[{\"@type\":\"Article\",\"@id\":\"https:\\\/\\\/gardeon.pl\\\/pl\\\/blog\\\/jak-wyposazyc-garaz-dla-swojego-motocykla\\\/#article\",\"isPartOf\":{\"@id\":\"https:\\\/\\\/gardeon.pl\\\/pl\\\/blog\\\/jak-wyposazyc-garaz-dla-swojego-motocykla\\\/\"},\"author\":{\"name\":\"editor\",\"@id\":\"https:\\\/\\\/gardeon.pl\\\/#\\\/schema\\\/person\\\/a5762ca5f0790bf92774af0899379463\"},\"headline\":\"Jak wyposa\u017cy\u0107 gara\u017c dla swojego motocykla\",\"datePublished\":\"2026-04-23T16:41:14+00:00\",\"dateModified\":\"2026-04-23T16:44:20+00:00\",\"mainEntityOfPage\":{\"@id\":\"https:\\\/\\\/gardeon.pl\\\/pl\\\/blog\\\/jak-wyposazyc-garaz-dla-swojego-motocykla\\\/\"},\"wordCount\":714,\"commentCount\":0,\"image\":{\"@id\":\"https:\\\/\\\/gardeon.pl\\\/pl\\\/blog\\\/jak-wyposazyc-garaz-dla-swojego-motocykla\\\/#primaryimage\"},\"thumbnailUrl\":\"https:\\\/\\\/gardeon.pl\\\/wp-content\\\/uploads\\\/2019\\\/10\\\/banner.jpg\",\"articleSection\":[\"Gara\u017ce blaszane\",\"Jak to zrobi\u0107 \u2013 gara\u017ce | DIY\"],\"inLanguage\":\"pl-PL\",\"potentialAction\":[{\"@type\":\"CommentAction\",\"name\":\"Comment\",\"target\":[\"https:\\\/\\\/gardeon.pl\\\/pl\\\/blog\\\/jak-wyposazyc-garaz-dla-swojego-motocykla\\\/#respond\"]}]},{\"@type\":\"WebPage\",\"@id\":\"https:\\\/\\\/gardeon.pl\\\/pl\\\/blog\\\/jak-wyposazyc-garaz-dla-swojego-motocykla\\\/\",\"url\":\"https:\\\/\\\/gardeon.pl\\\/pl\\\/blog\\\/jak-wyposazyc-garaz-dla-swojego-motocykla\\\/\",\"name\":\"Jak wyposa\u017cy\u0107 gara\u017c dla swojego motocykla - GARDEON\",\"isPartOf\":{\"@id\":\"https:\\\/\\\/gardeon.pl\\\/#website\"},\"primaryImageOfPage\":{\"@id\":\"https:\\\/\\\/gardeon.pl\\\/pl\\\/blog\\\/jak-wyposazyc-garaz-dla-swojego-motocykla\\\/#primaryimage\"},\"image\":{\"@id\":\"https:\\\/\\\/gardeon.pl\\\/pl\\\/blog\\\/jak-wyposazyc-garaz-dla-swojego-motocykla\\\/#primaryimage\"},\"thumbnailUrl\":\"https:\\\/\\\/gardeon.pl\\\/wp-content\\\/uploads\\\/2019\\\/10\\\/banner.jpg\",\"datePublished\":\"2026-04-23T16:41:14+00:00\",\"dateModified\":\"2026-04-23T16:44:20+00:00\",\"author\":{\"@id\":\"https:\\\/\\\/gardeon.pl\\\/#\\\/schema\\\/person\\\/a5762ca5f0790bf92774af0899379463\"},\"breadcrumb\":{\"@id\":\"https:\\\/\\\/gardeon.pl\\\/pl\\\/blog\\\/jak-wyposazyc-garaz-dla-swojego-motocykla\\\/#breadcrumb\"},\"inLanguage\":\"pl-PL\",\"potentialAction\":[{\"@type\":\"ReadAction\",\"target\":[\"https:\\\/\\\/gardeon.pl\\\/pl\\\/blog\\\/jak-wyposazyc-garaz-dla-swojego-motocykla\\\/\"]}]},{\"@type\":\"ImageObject\",\"inLanguage\":\"pl-PL\",\"@id\":\"https:\\\/\\\/gardeon.pl\\\/pl\\\/blog\\\/jak-wyposazyc-garaz-dla-swojego-motocykla\\\/#primaryimage\",\"url\":\"https:\\\/\\\/gardeon.pl\\\/wp-content\\\/uploads\\\/2019\\\/10\\\/banner.jpg\",\"contentUrl\":\"https:\\\/\\\/gardeon.pl\\\/wp-content\\\/uploads\\\/2019\\\/10\\\/banner.jpg\",\"width\":1808,\"height\":1151,\"caption\":\"Motocykl na podno\u015bniku w gara\u017cu\"},{\"@type\":\"BreadcrumbList\",\"@id\":\"https:\\\/\\\/gardeon.pl\\\/pl\\\/blog\\\/jak-wyposazyc-garaz-dla-swojego-motocykla\\\/#breadcrumb\",\"itemListElement\":[{\"@type\":\"ListItem\",\"position\":1,\"name\":\"Domov\",\"item\":\"https:\\\/\\\/gardeon.pl\\\/pl\\\/\"},{\"@type\":\"ListItem\",\"position\":2,\"name\":\"Jak wyposa\u017cy\u0107 gara\u017c dla swojego motocykla\"}]},{\"@type\":\"WebSite\",\"@id\":\"https:\\\/\\\/gardeon.pl\\\/#website\",\"url\":\"https:\\\/\\\/gardeon.pl\\\/\",\"name\":\"GARDEON\",\"description\":\"\",\"potentialAction\":[{\"@type\":\"SearchAction\",\"target\":{\"@type\":\"EntryPoint\",\"urlTemplate\":\"https:\\\/\\\/gardeon.pl\\\/?s={search_term_string}\"},\"query-input\":{\"@type\":\"PropertyValueSpecification\",\"valueRequired\":true,\"valueName\":\"search_term_string\"}}],\"inLanguage\":\"pl-PL\"},{\"@type\":\"Person\",\"@id\":\"https:\\\/\\\/gardeon.pl\\\/#\\\/schema\\\/person\\\/a5762ca5f0790bf92774af0899379463\",\"name\":\"editor\",\"image\":{\"@type\":\"ImageObject\",\"inLanguage\":\"pl-PL\",\"@id\":\"https:\\\/\\\/secure.gravatar.com\\\/avatar\\\/2b748151c2c748327307fd289a91b3bdafdd9e64e2d000e65e53d6dcf11c5830?s=96&d=mm&r=g\",\"url\":\"https:\\\/\\\/secure.gravatar.com\\\/avatar\\\/2b748151c2c748327307fd289a91b3bdafdd9e64e2d000e65e53d6dcf11c5830?s=96&d=mm&r=g\",\"contentUrl\":\"https:\\\/\\\/secure.gravatar.com\\\/avatar\\\/2b748151c2c748327307fd289a91b3bdafdd9e64e2d000e65e53d6dcf11c5830?s=96&d=mm&r=g\",\"caption\":\"editor\"}}]}<\/script>\n<!-- \/ Yoast SEO plugin. -->","yoast_head_json":{"title":"Jak wyposa\u017cy\u0107 gara\u017c dla swojego motocykla - GARDEON","robots":{"index":"index","follow":"follow","max-snippet":"max-snippet:-1","max-image-preview":"max-image-preview:large","max-video-preview":"max-video-preview:-1"},"canonical":"https:\/\/gardeon.pl\/pl\/blog\/jak-wyposazyc-garaz-dla-swojego-motocykla\/","og_locale":"pl_PL","og_type":"article","og_title":"Jak wyposa\u017cy\u0107 gara\u017c dla swojego motocykla - GARDEON","og_description":"Wy r\u00f3wnie\u017c zawsze marzyli\u015bcie o prawdziwym warsztacie motocyklowym? Stw\u00f3rzmy go razem. Wielko\u015b\u0107 gara\u017cu zale\u017cy od tego, ile motocykli posiadacie lub czy planujecie pracowa\u0107 r\u00f3wnie\u017c przy maszynach znajomych. My\u015blcie ponadczasowo. Je\u015bli chcecie pracowa\u0107 tylko przy swoim motocyklu, powierzchnia standardowego gara\u017cu jednostanowiskowego 2,7 x 5 m b\u0119dzie wystarczaj\u0105ca.","og_url":"https:\/\/gardeon.pl\/pl\/blog\/jak-wyposazyc-garaz-dla-swojego-motocykla\/","og_site_name":"GARDEON","article_published_time":"2026-04-23T16:41:14+00:00","article_modified_time":"2026-04-23T16:44:20+00:00","og_image":[{"width":1808,"height":1151,"url":"http:\/\/gardeon.pl\/wp-content\/uploads\/2019\/10\/banner.jpg","type":"image\/jpeg"}],"author":"editor","twitter_card":"summary_large_image","twitter_misc":{"Napisane przez":"editor","Szacowany czas czytania":"4 minuty"},"schema":{"@context":"https:\/\/schema.org","@graph":[{"@type":"Article","@id":"https:\/\/gardeon.pl\/pl\/blog\/jak-wyposazyc-garaz-dla-swojego-motocykla\/#article","isPartOf":{"@id":"https:\/\/gardeon.pl\/pl\/blog\/jak-wyposazyc-garaz-dla-swojego-motocykla\/"},"author":{"name":"editor","@id":"https:\/\/gardeon.pl\/#\/schema\/person\/a5762ca5f0790bf92774af0899379463"},"headline":"Jak wyposa\u017cy\u0107 gara\u017c dla swojego motocykla","datePublished":"2026-04-23T16:41:14+00:00","dateModified":"2026-04-23T16:44:20+00:00","mainEntityOfPage":{"@id":"https:\/\/gardeon.pl\/pl\/blog\/jak-wyposazyc-garaz-dla-swojego-motocykla\/"},"wordCount":714,"commentCount":0,"image":{"@id":"https:\/\/gardeon.pl\/pl\/blog\/jak-wyposazyc-garaz-dla-swojego-motocykla\/#primaryimage"},"thumbnailUrl":"https:\/\/gardeon.pl\/wp-content\/uploads\/2019\/10\/banner.jpg","articleSection":["Gara\u017ce blaszane","Jak to zrobi\u0107 \u2013 gara\u017ce | DIY"],"inLanguage":"pl-PL","potentialAction":[{"@type":"CommentAction","name":"Comment","target":["https:\/\/gardeon.pl\/pl\/blog\/jak-wyposazyc-garaz-dla-swojego-motocykla\/#respond"]}]},{"@type":"WebPage","@id":"https:\/\/gardeon.pl\/pl\/blog\/jak-wyposazyc-garaz-dla-swojego-motocykla\/","url":"https:\/\/gardeon.pl\/pl\/blog\/jak-wyposazyc-garaz-dla-swojego-motocykla\/","name":"Jak wyposa\u017cy\u0107 gara\u017c dla swojego motocykla - GARDEON","isPartOf":{"@id":"https:\/\/gardeon.pl\/#website"},"primaryImageOfPage":{"@id":"https:\/\/gardeon.pl\/pl\/blog\/jak-wyposazyc-garaz-dla-swojego-motocykla\/#primaryimage"},"image":{"@id":"https:\/\/gardeon.pl\/pl\/blog\/jak-wyposazyc-garaz-dla-swojego-motocykla\/#primaryimage"},"thumbnailUrl":"https:\/\/gardeon.pl\/wp-content\/uploads\/2019\/10\/banner.jpg","datePublished":"2026-04-23T16:41:14+00:00","dateModified":"2026-04-23T16:44:20+00:00","author":{"@id":"https:\/\/gardeon.pl\/#\/schema\/person\/a5762ca5f0790bf92774af0899379463"},"breadcrumb":{"@id":"https:\/\/gardeon.pl\/pl\/blog\/jak-wyposazyc-garaz-dla-swojego-motocykla\/#breadcrumb"},"inLanguage":"pl-PL","potentialAction":[{"@type":"ReadAction","target":["https:\/\/gardeon.pl\/pl\/blog\/jak-wyposazyc-garaz-dla-swojego-motocykla\/"]}]},{"@type":"ImageObject","inLanguage":"pl-PL","@id":"https:\/\/gardeon.pl\/pl\/blog\/jak-wyposazyc-garaz-dla-swojego-motocykla\/#primaryimage","url":"https:\/\/gardeon.pl\/wp-content\/uploads\/2019\/10\/banner.jpg","contentUrl":"https:\/\/gardeon.pl\/wp-content\/uploads\/2019\/10\/banner.jpg","width":1808,"height":1151,"caption":"Motocykl na podno\u015bniku w gara\u017cu"},{"@type":"BreadcrumbList","@id":"https:\/\/gardeon.pl\/pl\/blog\/jak-wyposazyc-garaz-dla-swojego-motocykla\/#breadcrumb","itemListElement":[{"@type":"ListItem","position":1,"name":"Domov","item":"https:\/\/gardeon.pl\/pl\/"},{"@type":"ListItem","position":2,"name":"Jak wyposa\u017cy\u0107 gara\u017c dla swojego motocykla"}]},{"@type":"WebSite","@id":"https:\/\/gardeon.pl\/#website","url":"https:\/\/gardeon.pl\/","name":"GARDEON","description":"","potentialAction":[{"@type":"SearchAction","target":{"@type":"EntryPoint","urlTemplate":"https:\/\/gardeon.pl\/?s={search_term_string}"},"query-input":{"@type":"PropertyValueSpecification","valueRequired":true,"valueName":"search_term_string"}}],"inLanguage":"pl-PL"},{"@type":"Person","@id":"https:\/\/gardeon.pl\/#\/schema\/person\/a5762ca5f0790bf92774af0899379463","name":"editor","image":{"@type":"ImageObject","inLanguage":"pl-PL","@id":"https:\/\/secure.gravatar.com\/avatar\/2b748151c2c748327307fd289a91b3bdafdd9e64e2d000e65e53d6dcf11c5830?s=96&d=mm&r=g","url":"https:\/\/secure.gravatar.com\/avatar\/2b748151c2c748327307fd289a91b3bdafdd9e64e2d000e65e53d6dcf11c5830?s=96&d=mm&r=g","contentUrl":"https:\/\/secure.gravatar.com\/avatar\/2b748151c2c748327307fd289a91b3bdafdd9e64e2d000e65e53d6dcf11c5830?s=96&d=mm&r=g","caption":"editor"}}]}},"_links":{"self":[{"href":"https:\/\/gardeon.pl\/pl\/wp-json\/wp\/v2\/posts\/48301","targetHints":{"allow":["GET"]}}],"collection":[{"href":"https:\/\/gardeon.pl\/pl\/wp-json\/wp\/v2\/posts"}],"about":[{"href":"https:\/\/gardeon.pl\/pl\/wp-json\/wp\/v2\/types\/post"}],"author":[{"embeddable":true,"href":"https:\/\/gardeon.pl\/pl\/wp-json\/wp\/v2\/users\/2"}],"replies":[{"embeddable":true,"href":"https:\/\/gardeon.pl\/pl\/wp-json\/wp\/v2\/comments?post=48301"}],"version-history":[{"count":0,"href":"https:\/\/gardeon.pl\/pl\/wp-json\/wp\/v2\/posts\/48301\/revisions"}],"wp:featuredmedia":[{"embeddable":true,"href":"https:\/\/gardeon.pl\/pl\/wp-json\/wp\/v2\/media\/48304"}],"wp:attachment":[{"href":"https:\/\/gardeon.pl\/pl\/wp-json\/wp\/v2\/media?parent=48301"}],"wp:term":[{"taxonomy":"category","embeddable":true,"href":"https:\/\/gardeon.pl\/pl\/wp-json\/wp\/v2\/categories?post=48301"},{"taxonomy":"post_tag","embeddable":true,"href":"https:\/\/gardeon.pl\/pl\/wp-json\/wp\/v2\/tags?post=48301"}],"curies":[{"name":"wp","href":"https:\/\/api.w.org\/{rel}","templated":true}]}}