{"id":48312,"date":"2026-04-23T18:41:14","date_gmt":"2026-04-23T16:41:14","guid":{"rendered":"https:\/\/gardeon.pl\/?p=48312"},"modified":"2026-04-23T18:44:20","modified_gmt":"2026-04-23T16:44:20","slug":"10-krokow-do-ekologicznego-ogrodu-czy-ty-tez-bys-sobie-z-nimi-poradzil","status":"publish","type":"post","link":"https:\/\/gardeon.pl\/pl\/blog\/10-krokow-do-ekologicznego-ogrodu-czy-ty-tez-bys-sobie-z-nimi-poradzil\/","title":{"rendered":"10 krok\u00f3w do ekologicznego ogrodu. Czy Ty te\u017c by\u015b sobie z nimi poradzi\u0142?"},"content":{"rendered":"<p><em>Ogrody bezobs\u0142ugowe nie istniej\u0105. Istniej\u0105 jednak ogrody ca\u0142kowicie wolne od pestycyd\u00f3w, w kt\u00f3rych rosn\u0105 setki pachn\u0105cych i kolorowych kwiat\u00f3w. Nie wierzymy, \u017ce Pa\u0144stwo r\u00f3wnie\u017c by takiego nie chcieli. Mamy dla Pa\u0144stwa instrukcj\u0119, jak stworzy\u0107 go w domu bez pomocy architekta krajobrazu.   <span class=\"Apple-converted-space\"> <\/span><\/em><\/p>\n<ol>\n<li>\n<h2><b><\/b>Trzy razy czytaj, raz planuj<\/h2>\n<\/li>\n<\/ol>\n<p>Kilka informacji musz\u0105 Pa\u0144stwo jednak przeczyta\u0107. Tym bardziej, je\u015bli s\u0105 Pa\u0144stwo zupe\u0142nie pocz\u0105tkuj\u0105cy w uprawie ekologicznej. Nie musz\u0105 si\u0119 Pa\u0144stwo jednak stresowa\u0107 inwestowaniem w literatur\u0119 fachow\u0105 \u2013 wystarczy wpisa\u0107 w wyszukiwark\u0119 has\u0142o \u201eogr\u00f3d ekologiczny\u201d, usi\u0105\u015b\u0107 w wygodnym fotelu i zacz\u0105\u0107 czyta\u0107. Po godzinie teorii mo\u017cna przyst\u0105pi\u0107 do planowania cz\u0119\u015bci praktycznej.   <\/p>\n<p><img loading=\"lazy\" decoding=\"async\" class=\"aligncenter wp-image-24056\" src=\"http:\/\/gardeon.pl\/wp-content\/uploads\/2020\/03\/white-notes-beside-a-pencil-on-brown-wooden-surface-733854-1024x683.jpg\" alt=\"\" width=\"800\" height=\"534\" srcset=\"https:\/\/gardeon.pl\/wp-content\/uploads\/2020\/03\/white-notes-beside-a-pencil-on-brown-wooden-surface-733854-1024x683.jpg 1024w, https:\/\/gardeon.pl\/wp-content\/uploads\/2020\/03\/white-notes-beside-a-pencil-on-brown-wooden-surface-733854-300x200.jpg 300w, https:\/\/gardeon.pl\/wp-content\/uploads\/2020\/03\/white-notes-beside-a-pencil-on-brown-wooden-surface-733854-768x512.jpg 768w, https:\/\/gardeon.pl\/wp-content\/uploads\/2020\/03\/white-notes-beside-a-pencil-on-brown-wooden-surface-733854.jpg 1280w\" sizes=\"auto, (max-width: 800px) 100vw, 800px\" \/><\/p>\n<ol start=\"2\">\n<li>\n<h2><b><\/b>Sprawd\u017a typ gleby<\/h2>\n<\/li>\n<\/ol>\n<p>Podstawow\u0105 informacj\u0105 wyj\u015bciow\u0105 jest to, jaki typ gleby maj\u0105 Pa\u0144stwo w ogrodzie. Mo\u017cna to sprawdzi\u0107 w nast\u0119puj\u0105cy spos\u00f3b. Nale\u017cy pobra\u0107 ma\u0142\u0105 pr\u00f3bk\u0119 ziemi i umie\u015bci\u0107 j\u0105 w czystym, zamykanym pojemniku. Najodpowiedniejsza jest pr\u00f3bka z gleby, kt\u00f3ra nie jest mokra, dlatego najlepiej pobra\u0107 j\u0105 po d\u0142u\u017cszym okresie suszy. Przed zamkni\u0119ciem s\u0142oika nale\u017cy dola\u0107 do niego wod\u0119 destylowan\u0105 w stosunku 1:1. Po oko\u0142o jednym lub dw\u00f3ch dniach pr\u00f3bka jest wystarczaj\u0105co odstana. Wtedy nale\u017cy w\u0142o\u017cy\u0107 do s\u0142oika <a href=\"https:\/\/www.drmax.sk\/kompava-indikacny-papierik-tuba\">papierek wska\u017anikowy<\/a> i zmierzy\u0107 pH. Warto\u015bci gleby mieszcz\u0105 si\u0119 na skali od 0 do 14.       <span class=\"Apple-converted-space\"> <\/span><\/p>\n<p><img loading=\"lazy\" decoding=\"async\" class=\"aligncenter wp-image-24054\" src=\"http:\/\/gardeon.pl\/wp-content\/uploads\/2020\/03\/two-clear-glass-jars-beside-several-flasks-248152-1024x682.jpg\" alt=\"\" width=\"800\" height=\"533\" srcset=\"https:\/\/gardeon.pl\/wp-content\/uploads\/2020\/03\/two-clear-glass-jars-beside-several-flasks-248152-1024x682.jpg 1024w, https:\/\/gardeon.pl\/wp-content\/uploads\/2020\/03\/two-clear-glass-jars-beside-several-flasks-248152-300x200.jpg 300w, https:\/\/gardeon.pl\/wp-content\/uploads\/2020\/03\/two-clear-glass-jars-beside-several-flasks-248152-768x512.jpg 768w, https:\/\/gardeon.pl\/wp-content\/uploads\/2020\/03\/two-clear-glass-jars-beside-several-flasks-248152.jpg 1280w\" sizes=\"auto, (max-width: 800px) 100vw, 800px\" \/><\/p>\n<p>Na podstawie warto\u015bci pH rozr\u00f3\u017cniamy gleby zasadowe (pH &gt; 7,5), oboj\u0119tne (pH = 6,4 do 7,4), s\u0142abo kwa\u015bne (pH &lt; 5,3 do 6,4), kwa\u015bne (pH = 4,6 do 5,2), silnie kwa\u015bne (pH = 4,1 do 4,5) oraz bardzo silnie kwa\u015bne (pH &lt; 4). Kwasowo\u015b\u0107 gleby pogarsza warunki \u017cycia mikroorganizm\u00f3w glebowych. Wi\u0119kszo\u015b\u0107 z nich do rozwoju potrzebuje \u015brodowiska oboj\u0119tnego.  <\/p>\n<ol start=\"3\">\n<li>\n<h2><b><\/b>Wybierz flor\u0119 zgodn\u0105 z gleb\u0105<\/h2>\n<\/li>\n<\/ol>\n<p>Wa\u017cne jest, aby wiedzieli Pa\u0144stwo, jaki typ gleby posiadaj\u0105. Prosz\u0119 nie pomija\u0107 tego kroku. Dzi\u0119ki temu zapewni\u0105 Pa\u0144stwo swoim ro\u015blinom samodzieln\u0105 \u017cywotno\u015b\u0107 i odporno\u015b\u0107 na choroby. Je\u015bli chcieliby Pa\u0144stwo posadzi\u0107 w swoim eko-ogrodzie drzewa lub krzewy owocowe, kwasowo\u015b\u0107 gleby i jej p\u00f3\u017aniejsza obr\u00f3bka mog\u0105 bezpo\u015brednio wp\u0142yn\u0105\u0107 na ilo\u015b\u0107 i jako\u015b\u0107 owoc\u00f3w. Zatem, co nale\u017cy zapami\u0119ta\u0107 z punktu 3?    <span class=\"Apple-converted-space\">  <\/span>To, \u017ce do swojego ogrodu musz\u0105 Pa\u0144stwo wybra\u0107 takie ro\u015bliny, kt\u00f3re b\u0119d\u0105 czu\u0142y si\u0119 dobrze w Pa\u0144stwa glebie i nie b\u0119d\u0105 podatne na choroby.<\/p>\n<p><img loading=\"lazy\" decoding=\"async\" class=\"aligncenter wp-image-24052\" src=\"http:\/\/gardeon.pl\/wp-content\/uploads\/2020\/03\/agriculture-close-up-cultivation-ecology-421999-1024x552.jpg\" alt=\"\" width=\"800\" height=\"431\" srcset=\"https:\/\/gardeon.pl\/wp-content\/uploads\/2020\/03\/agriculture-close-up-cultivation-ecology-421999-1024x552.jpg 1024w, https:\/\/gardeon.pl\/wp-content\/uploads\/2020\/03\/agriculture-close-up-cultivation-ecology-421999-300x162.jpg 300w, https:\/\/gardeon.pl\/wp-content\/uploads\/2020\/03\/agriculture-close-up-cultivation-ecology-421999-768x414.jpg 768w, https:\/\/gardeon.pl\/wp-content\/uploads\/2020\/03\/agriculture-close-up-cultivation-ecology-421999.jpg 1280w\" sizes=\"auto, (max-width: 800px) 100vw, 800px\" \/><\/p>\n<p>Ro\u015bliny mo\u017cna \u0142\u0105czy\u0107. Mo\u017cna to zrobi\u0107 w taki spos\u00f3b, \u017ce w niekt\u00f3rych miejscach zmniejsz\u0105 Pa\u0144stwo kwasowo\u015b\u0107 gleby, a w innych j\u0105 pozostawi\u0105. Dzi\u0119ki temu mo\u017cna uprawia\u0107 ro\u015bliny lub zio\u0142a odpowiednie dla obu typ\u00f3w gleby.  <span class=\"Apple-converted-space\"> <\/span><\/p>\n<ol start=\"4\">\n<li>\n<h2><b><\/b>Wybierz elementy ogrodowe i przygotuj plan realizacji<\/h2>\n<\/li>\n<\/ol>\n<p>S\u0105 one bardzo r\u00f3\u017cnorodne. Mog\u0105 to by\u0107 podwy\u017cszone grz\u0105dki, efektowne nasadzenia zi\u00f3\u0142, montowana wiata lub oczko wodne na deszcz\u00f3wk\u0119, o kt\u00f3rym napiszemy w dalszej cz\u0119\u015bci. Prosz\u0119 przejrze\u0107 internet. Warto przemy\u015ble\u0107, co si\u0119 Pa\u0144stwu podoba i co jest najodpowiedniejsze dla planowanego ogrodu. Je\u015bli chc\u0105 go Pa\u0144stwo wykorzysta\u0107 do uprawy ro\u015blin ozdobnych, a tak\u017ce owoc\u00f3w czy warzyw, mo\u017cna go na przyk\u0142ad oddzieli\u0107 kolorow\u0105 rabat\u0105.    <\/p>\n<p><img loading=\"lazy\" decoding=\"async\" class=\"aligncenter wp-image-24058\" src=\"http:\/\/gardeon.pl\/wp-content\/uploads\/2020\/03\/green-leaved-plants-2987081-1024x683.jpg\" alt=\"\" width=\"800\" height=\"534\" srcset=\"https:\/\/gardeon.pl\/wp-content\/uploads\/2020\/03\/green-leaved-plants-2987081-1024x683.jpg 1024w, https:\/\/gardeon.pl\/wp-content\/uploads\/2020\/03\/green-leaved-plants-2987081-300x200.jpg 300w, https:\/\/gardeon.pl\/wp-content\/uploads\/2020\/03\/green-leaved-plants-2987081-768x512.jpg 768w, https:\/\/gardeon.pl\/wp-content\/uploads\/2020\/03\/green-leaved-plants-2987081.jpg 1280w\" sizes=\"auto, (max-width: 800px) 100vw, 800px\" \/><\/p>\n<p>To, w jaki spos\u00f3b to zrobicie, zale\u017cy tylko od Pa\u0144stwa i typu ogrodu. <a href=\"https:\/\/garazenakluc.sk\/pristresky\/vyber\/\">Montowana wiata<\/a> stworzy z kolei wspania\u0142\u0105 przestrze\u0144 do relaksu. Prosz\u0119 sobie wyobrazi\u0107, jak tam Pa\u0144stwo siedz\u0105, czytaj\u0105 i patrz\u0105 na te idealne kolory wok\u00f3\u0142 siebie. <span class=\"Apple-converted-space\"> <\/span><\/p>\n<p><em>Dobra rada: Prosz\u0119 u\u017cy\u0107 niskich kwiat\u00f3w. Wiele niskich kwiat\u00f3w ma w\u0142a\u015bciwo\u015bci lecznicze dla gleby i innych rosn\u0105cych w niej ro\u015blin. <span class=\"Apple-converted-space\"> <\/span><\/em><\/p>\n<ol start=\"5\">\n<li>\n<h2><b><\/b>Zaplanuj pierwsze nawo\u017cenie<\/h2>\n<\/li>\n<\/ol>\n<p>Na pocz\u0105tku \u017cycia ogrodu konieczne jest jego nawo\u017cenie. Mo\u017cna zastosowa\u0107 na przyk\u0142ad organiczny <a href=\"https:\/\/www.nok.eco\/kompostovanie\/\">kompost<\/a> lub dojrza\u0142y obornik. P\u00f3\u017aniej ro\u015bliny b\u0119d\u0105 go ju\u017c same produkowa\u0107 z odpad\u00f3w w\u0142asnych li\u015bci, kt\u00f3re rozk\u0142adaj\u0105 si\u0119 w glebie na sk\u0142adniki od\u017cywcze. Mo\u017cna go r\u00f3wnie\u017c uzupe\u0142nia\u0107 kompostem z odpad\u00f3w zielonych z ogrodu. To, co z ziemi wyros\u0142o, tam te\u017c powinno wr\u00f3ci\u0107. M\u00f3wi\u0105c poetycko \u2013 to, co ziemia wdzi\u0119cznie Pa\u0144stwu da\u0142a, to samo jej Pa\u0144stwo oddaj\u0105.     <\/p>\n<ol start=\"6\">\n<li>\n<h2><b><\/b>Wybierz miejsce na zbiornik wody deszczowej<\/h2>\n<\/li>\n<\/ol>\n<p>Je\u015bli planuj\u0105 Pa\u0144stwo stworzy\u0107 bio-ogr\u00f3d w suchym \u015brodowisku, nale\u017cy przygotowa\u0107 miejsce do zbierania wody deszczowej. Na rynku dost\u0119pnych jest wiele standardowych pojemnik\u00f3w \u2013 od mniejszych po du\u017ce. Je\u015bli nie posiadaj\u0105 Pa\u0144stwo takiego pojemnika, mo\u017cna wyprowadzi\u0107 rynny z dachu do zag\u0142\u0119bienia w ogrodzie. W ten spos\u00f3b zasil\u0105 Pa\u0144stwo wody gruntowe, a paruj\u0105ca woda b\u0119dzie ch\u0142odzi\u0107 otoczenie. Prosz\u0119 pami\u0119ta\u0107, \u017ce woda deszczowa jest idealna dla ogrodu. W por\u00f3wnaniu z wod\u0105 studzienn\u0105 czy wodoci\u0105gow\u0105 ma idealne pH, twardo\u015b\u0107 i temperatur\u0119.      <\/p>\n<p><img loading=\"lazy\" decoding=\"async\" class=\"aligncenter wp-image-23979\" src=\"http:\/\/gardeon.pl\/wp-content\/uploads\/2020\/03\/shallow-focus-photo-of-flowers-2292080-1024x682.jpg\" alt=\"\" width=\"800\" height=\"533\" srcset=\"https:\/\/gardeon.pl\/wp-content\/uploads\/2020\/03\/shallow-focus-photo-of-flowers-2292080-1024x682.jpg 1024w, https:\/\/gardeon.pl\/wp-content\/uploads\/2020\/03\/shallow-focus-photo-of-flowers-2292080-300x200.jpg 300w, https:\/\/gardeon.pl\/wp-content\/uploads\/2020\/03\/shallow-focus-photo-of-flowers-2292080-768x512.jpg 768w, https:\/\/gardeon.pl\/wp-content\/uploads\/2020\/03\/shallow-focus-photo-of-flowers-2292080.jpg 1280w\" sizes=\"auto, (max-width: 800px) 100vw, 800px\" \/><\/p>\n<ol start=\"7\">\n<li>\n<h2><b><\/b>Zaplanuj miejsce na kompost<\/h2>\n<\/li>\n<\/ol>\n<p>Kompostowanie to najwa\u017cniejszy element recyklingu sk\u0142adnik\u00f3w od\u017cywczych w ogrodzie. Dlatego w \u017cadnym ogrodzie nie powinno zabrakn\u0105\u0107 kompostownika. Prawid\u0142owo skompostowan\u0105 ziemi\u0119 uzyskaj\u0105 Pa\u0144stwo na przyk\u0142ad poprzez ca\u0142oroczne sk\u0142adowanie bioodpad\u00f3w w jednym miejscu. W ten prosty spos\u00f3b wiosn\u0105 b\u0119d\u0105 Pa\u0144stwo mieli doskona\u0142y czarny substrat na grz\u0105dki, pod krzewy i drzewa.   <\/p>\n<p>Je\u015bli b\u0119d\u0105 Pa\u0144stwo miesza\u0107 na przyk\u0142ad skoszon\u0105 traw\u0119 z such\u0105 s\u0142om\u0105 lub wi\u00f3rami, nigdy nie b\u0119d\u0105 Pa\u0144stwo mieli problemu z nieprzyjemnym zapachem, kt\u00f3ry wyst\u0119puje przy niew\u0142a\u015bciwym kompostowaniu.<\/p>\n<ol start=\"8\">\n<li>\n<h2><b><\/b>Zaplanuj rozmieszczenie ro\u015blin<\/h2>\n<\/li>\n<\/ol>\n<p>Do najcz\u0119stszych b\u0142\u0119d\u00f3w przy zak\u0142adaniu ogrod\u00f3w nale\u017c\u0105 zbyt g\u0119ste rabaty ro\u015blinne i nieprzemy\u015blane sadzenie drzew. Tak\u017ce wyb\u00f3r nieodpowiednich odmian drzew owocowych, kt\u00f3re s\u0105 podatne na choroby i wra\u017cliwe na warunki glebowe oraz klimatyczne. Je\u015bli chc\u0105 Pa\u0144stwo, aby ogr\u00f3d ekologiczny by\u0142 dla Pa\u0144stwa rado\u015bci\u0105 i korzy\u015bci\u0105, przed sam\u0105 realizacj\u0105 nale\u017cy dok\u0142adnie rozwa\u017cy\u0107, co i gdzie zostanie posadzone.  <\/p>\n<p><img loading=\"lazy\" decoding=\"async\" class=\"aligncenter wp-image-24060\" src=\"http:\/\/gardeon.pl\/wp-content\/uploads\/2020\/03\/pot-gardening-soil-cultivation-2013782-683x1024.jpg\" alt=\"\" width=\"800\" height=\"1200\" srcset=\"https:\/\/gardeon.pl\/wp-content\/uploads\/2020\/03\/pot-gardening-soil-cultivation-2013782-683x1024.jpg 683w, https:\/\/gardeon.pl\/wp-content\/uploads\/2020\/03\/pot-gardening-soil-cultivation-2013782-200x300.jpg 200w, https:\/\/gardeon.pl\/wp-content\/uploads\/2020\/03\/pot-gardening-soil-cultivation-2013782-768x1152.jpg 768w, https:\/\/gardeon.pl\/wp-content\/uploads\/2020\/03\/pot-gardening-soil-cultivation-2013782-1024x1536.jpg 1024w, https:\/\/gardeon.pl\/wp-content\/uploads\/2020\/03\/pot-gardening-soil-cultivation-2013782.jpg 1280w\" sizes=\"auto, (max-width: 800px) 100vw, 800px\" \/><\/p>\n<ol start=\"9\">\n<li>\n<h2><b><\/b>Pom\u00f3\u017c ro\u015blinom rosn\u0105\u0107<\/h2>\n<\/li>\n<\/ol>\n<p>Podczas samego sadzenia i zak\u0142adania grz\u0105dek z m\u0142odymi ro\u015blinami wa\u017cne jest ich prawid\u0142owe posadzenie, o czym wspominali\u015bmy wy\u017cej. Co, je\u015bli przypadkiem dowiedz\u0105 si\u0119 Pa\u0144stwo, jak ro\u015bliny wygl\u0105daj\u0105 dopiero wtedy, gdy urosn\u0105? Przy ich pe\u0142nej wysoko\u015bci? Wtedy nale\u017cy je przyci\u0105\u0107. Prosz\u0119 o tym pami\u0119ta\u0107. Ro\u015bliny potrzebuj\u0105 przecie\u017c przestrzeni do wzrostu. Nale\u017cy jednak uwa\u017ca\u0107, jakie gatunki zamierzaj\u0105 Pa\u0144stwo przycina\u0107. Zdecydowanie nie nale\u017cy tego robi\u0107 w przypadku kwitn\u0105cych drzew i krzew\u00f3w. G\u0142\u0119bokie ci\u0119cie op\u00f3\u017ania bowiem kwitnienie o ca\u0142e miesi\u0105ce, a czasem nawet lata. W takim przypadku zamiast przycinania lepszym rozwi\u0105zaniem dla ro\u015bliny jest jej przesadzenie.         <span class=\"Apple-converted-space\"> <\/span><\/p>\n<ol start=\"10\">\n<li>\n<h2>Wybierz miejsce na relaks<\/h2>\n<\/li>\n<\/ol>\n<p>Czy wiedz\u0105 ju\u017c Pa\u0144stwo, gdzie stanie fotel ogrodowy lub hu\u015btawka? Nie? A mo\u017ce pod t\u0105 <a href=\"https:\/\/garazenakluc.sk\/pristresky\/vyber\/\">wiat\u0105 ogrodow\u0105<\/a>? Tam b\u0119d\u0105 mogli Pa\u0144stwo przesiadywa\u0107, gdy b\u0119dzie bardzo gor\u0105co, ale tak\u017ce wtedy, gdy b\u0119dzie pada\u0142 delikatny majowy deszcz&#8230;   <span class=\"Apple-converted-space\"> <\/span><\/p>\n<p><img loading=\"lazy\" decoding=\"async\" class=\"aligncenter wp-image-23251\" src=\"http:\/\/gardeon.pl\/wp-content\/uploads\/2020\/02\/gardeon-garaz-pre-dve-auta-37-1024x683.jpg\" alt=\"Gara\u017c blaszany GARDEON z wiat\u0105 z ty\u0142u\" width=\"800\" height=\"534\"><\/p>\n<p>I co Pa\u0144stwo na to? Zaczynaj\u0105 Pa\u0144stwo planowa\u0107? Warto zacz\u0105\u0107, aby wiedzie\u0107 wszystko jak najszybciej. Wiosna jest przecie\u017c tu\u017c za rogiem. Co wi\u0119cej, w tym roku wygl\u0105da na to, \u017ce zawita do nas wcze\u015bniej ni\u017c zwykle. Zatem to najwy\u017cszy czas, aby pomy\u015ble\u0107 o realizacji Pa\u0144stwa nowego, ukochanego eko-ogr\u00f3dka.     <span class=\"Apple-converted-space\"> <\/span><\/p>\n<h5>\u0179r\u00f3d\u0142o:<\/h5>\n<h5>https:\/\/www.pexels.com\/<\/h5>\n","protected":false},"excerpt":{"rendered":"<p>Ogrody bezobs\u0142ugowe nie istniej\u0105. Istniej\u0105 jednak ogrody ca\u0142kowicie wolne od pestycyd\u00f3w, w kt\u00f3rych rosn\u0105 setki pachn\u0105cych i kolorowych kwiat\u00f3w. Nie wierzymy, \u017ce Pa\u0144stwo r\u00f3wnie\u017c by takiego nie chcieli. Mamy dla Pa\u0144stwa instrukcj\u0119, jak stworzy\u0107 go w domu bez pomocy architekta krajobrazu. Trzy razy czytaj, raz planuj Kilka informacji musz\u0105 Pa\u0144stwo jednak przeczyta\u0107. Tym bardziej, je\u015bli [&hellip;]<\/p>\n","protected":false},"author":2,"featured_media":48318,"comment_status":"open","ping_status":"open","sticky":false,"template":"","format":"standard","meta":{"_acf_changed":false,"inline_featured_image":false,"footnotes":""},"categories":[605,594,606],"tags":[],"class_list":["post-48312","post","type-post","status-publish","format-standard","has-post-thumbnail","hentry","category-jak-to-zrobic-ogrod-diy","category-ogrod","category-pielegnacja"],"acf":[],"yoast_head":"<!-- This site is optimized with the Yoast SEO plugin v27.4 - https:\/\/yoast.com\/product\/yoast-seo-wordpress\/ -->\n<title>10 krok\u00f3w do ekologicznego ogrodu. Czy Ty te\u017c by\u015b sobie z nimi poradzi\u0142? - GARDEON<\/title>\n<meta name=\"robots\" content=\"index, follow, max-snippet:-1, max-image-preview:large, max-video-preview:-1\" \/>\n<link rel=\"canonical\" href=\"https:\/\/gardeon.pl\/pl\/blog\/10-krokow-do-ekologicznego-ogrodu-czy-ty-tez-bys-sobie-z-nimi-poradzil\/\" \/>\n<meta property=\"og:locale\" content=\"pl_PL\" \/>\n<meta property=\"og:type\" content=\"article\" \/>\n<meta property=\"og:title\" content=\"10 krok\u00f3w do ekologicznego ogrodu. Czy Ty te\u017c by\u015b sobie z nimi poradzi\u0142? - GARDEON\" \/>\n<meta property=\"og:description\" content=\"Ogrody bezobs\u0142ugowe nie istniej\u0105. Istniej\u0105 jednak ogrody ca\u0142kowicie wolne od pestycyd\u00f3w, w kt\u00f3rych rosn\u0105 setki pachn\u0105cych i kolorowych kwiat\u00f3w. Nie wierzymy, \u017ce Pa\u0144stwo r\u00f3wnie\u017c by takiego nie chcieli. Mamy dla Pa\u0144stwa instrukcj\u0119, jak stworzy\u0107 go w domu bez pomocy architekta krajobrazu. Trzy razy czytaj, raz planuj Kilka informacji musz\u0105 Pa\u0144stwo jednak przeczyta\u0107. Tym bardziej, je\u015bli [&hellip;]\" \/>\n<meta property=\"og:url\" content=\"https:\/\/gardeon.pl\/pl\/blog\/10-krokow-do-ekologicznego-ogrodu-czy-ty-tez-bys-sobie-z-nimi-poradzil\/\" \/>\n<meta property=\"og:site_name\" content=\"GARDEON\" \/>\n<meta property=\"article:published_time\" content=\"2026-04-23T16:41:14+00:00\" \/>\n<meta property=\"article:modified_time\" content=\"2026-04-23T16:44:20+00:00\" \/>\n<meta property=\"og:image\" content=\"http:\/\/gardeon.pl\/wp-content\/uploads\/2020\/03\/person-s-left-hand-holding-green-leaf-plant-886521.jpg\" \/>\n\t<meta property=\"og:image:width\" content=\"1280\" \/>\n\t<meta property=\"og:image:height\" content=\"822\" \/>\n\t<meta property=\"og:image:type\" content=\"image\/jpeg\" \/>\n<meta name=\"author\" content=\"editor\" \/>\n<meta name=\"twitter:card\" content=\"summary_large_image\" \/>\n<meta name=\"twitter:label1\" content=\"Napisane przez\" \/>\n\t<meta name=\"twitter:data1\" content=\"editor\" \/>\n\t<meta name=\"twitter:label2\" content=\"Szacowany czas czytania\" \/>\n\t<meta name=\"twitter:data2\" content=\"6 minut\" \/>\n<script type=\"application\/ld+json\" class=\"yoast-schema-graph\">{\"@context\":\"https:\\\/\\\/schema.org\",\"@graph\":[{\"@type\":\"Article\",\"@id\":\"https:\\\/\\\/gardeon.pl\\\/pl\\\/blog\\\/10-krokow-do-ekologicznego-ogrodu-czy-ty-tez-bys-sobie-z-nimi-poradzil\\\/#article\",\"isPartOf\":{\"@id\":\"https:\\\/\\\/gardeon.pl\\\/pl\\\/blog\\\/10-krokow-do-ekologicznego-ogrodu-czy-ty-tez-bys-sobie-z-nimi-poradzil\\\/\"},\"author\":{\"name\":\"editor\",\"@id\":\"https:\\\/\\\/gardeon.pl\\\/#\\\/schema\\\/person\\\/a5762ca5f0790bf92774af0899379463\"},\"headline\":\"10 krok\u00f3w do ekologicznego ogrodu. Czy Ty te\u017c by\u015b sobie z nimi poradzi\u0142?\",\"datePublished\":\"2026-04-23T16:41:14+00:00\",\"dateModified\":\"2026-04-23T16:44:20+00:00\",\"mainEntityOfPage\":{\"@id\":\"https:\\\/\\\/gardeon.pl\\\/pl\\\/blog\\\/10-krokow-do-ekologicznego-ogrodu-czy-ty-tez-bys-sobie-z-nimi-poradzil\\\/\"},\"wordCount\":1231,\"commentCount\":0,\"image\":{\"@id\":\"https:\\\/\\\/gardeon.pl\\\/pl\\\/blog\\\/10-krokow-do-ekologicznego-ogrodu-czy-ty-tez-bys-sobie-z-nimi-poradzil\\\/#primaryimage\"},\"thumbnailUrl\":\"https:\\\/\\\/gardeon.pl\\\/wp-content\\\/uploads\\\/2020\\\/03\\\/person-s-left-hand-holding-green-leaf-plant-886521.jpg\",\"articleSection\":[\"Jak to zrobi\u0107 \u2013 ogr\u00f3d | DIY\",\"Ogr\u00f3d\",\"Piel\u0119gnacja\"],\"inLanguage\":\"pl-PL\",\"potentialAction\":[{\"@type\":\"CommentAction\",\"name\":\"Comment\",\"target\":[\"https:\\\/\\\/gardeon.pl\\\/pl\\\/blog\\\/10-krokow-do-ekologicznego-ogrodu-czy-ty-tez-bys-sobie-z-nimi-poradzil\\\/#respond\"]}]},{\"@type\":\"WebPage\",\"@id\":\"https:\\\/\\\/gardeon.pl\\\/pl\\\/blog\\\/10-krokow-do-ekologicznego-ogrodu-czy-ty-tez-bys-sobie-z-nimi-poradzil\\\/\",\"url\":\"https:\\\/\\\/gardeon.pl\\\/pl\\\/blog\\\/10-krokow-do-ekologicznego-ogrodu-czy-ty-tez-bys-sobie-z-nimi-poradzil\\\/\",\"name\":\"10 krok\u00f3w do ekologicznego ogrodu. Czy Ty te\u017c by\u015b sobie z nimi poradzi\u0142? - GARDEON\",\"isPartOf\":{\"@id\":\"https:\\\/\\\/gardeon.pl\\\/#website\"},\"primaryImageOfPage\":{\"@id\":\"https:\\\/\\\/gardeon.pl\\\/pl\\\/blog\\\/10-krokow-do-ekologicznego-ogrodu-czy-ty-tez-bys-sobie-z-nimi-poradzil\\\/#primaryimage\"},\"image\":{\"@id\":\"https:\\\/\\\/gardeon.pl\\\/pl\\\/blog\\\/10-krokow-do-ekologicznego-ogrodu-czy-ty-tez-bys-sobie-z-nimi-poradzil\\\/#primaryimage\"},\"thumbnailUrl\":\"https:\\\/\\\/gardeon.pl\\\/wp-content\\\/uploads\\\/2020\\\/03\\\/person-s-left-hand-holding-green-leaf-plant-886521.jpg\",\"datePublished\":\"2026-04-23T16:41:14+00:00\",\"dateModified\":\"2026-04-23T16:44:20+00:00\",\"author\":{\"@id\":\"https:\\\/\\\/gardeon.pl\\\/#\\\/schema\\\/person\\\/a5762ca5f0790bf92774af0899379463\"},\"breadcrumb\":{\"@id\":\"https:\\\/\\\/gardeon.pl\\\/pl\\\/blog\\\/10-krokow-do-ekologicznego-ogrodu-czy-ty-tez-bys-sobie-z-nimi-poradzil\\\/#breadcrumb\"},\"inLanguage\":\"pl-PL\",\"potentialAction\":[{\"@type\":\"ReadAction\",\"target\":[\"https:\\\/\\\/gardeon.pl\\\/pl\\\/blog\\\/10-krokow-do-ekologicznego-ogrodu-czy-ty-tez-bys-sobie-z-nimi-poradzil\\\/\"]}]},{\"@type\":\"ImageObject\",\"inLanguage\":\"pl-PL\",\"@id\":\"https:\\\/\\\/gardeon.pl\\\/pl\\\/blog\\\/10-krokow-do-ekologicznego-ogrodu-czy-ty-tez-bys-sobie-z-nimi-poradzil\\\/#primaryimage\",\"url\":\"https:\\\/\\\/gardeon.pl\\\/wp-content\\\/uploads\\\/2020\\\/03\\\/person-s-left-hand-holding-green-leaf-plant-886521.jpg\",\"contentUrl\":\"https:\\\/\\\/gardeon.pl\\\/wp-content\\\/uploads\\\/2020\\\/03\\\/person-s-left-hand-holding-green-leaf-plant-886521.jpg\",\"width\":1280,\"height\":822,\"caption\":\"Zielona ro\u015blina w d\u0142oni\"},{\"@type\":\"BreadcrumbList\",\"@id\":\"https:\\\/\\\/gardeon.pl\\\/pl\\\/blog\\\/10-krokow-do-ekologicznego-ogrodu-czy-ty-tez-bys-sobie-z-nimi-poradzil\\\/#breadcrumb\",\"itemListElement\":[{\"@type\":\"ListItem\",\"position\":1,\"name\":\"Domov\",\"item\":\"https:\\\/\\\/gardeon.pl\\\/pl\\\/\"},{\"@type\":\"ListItem\",\"position\":2,\"name\":\"10 krok\u00f3w do ekologicznego ogrodu. Czy Ty te\u017c by\u015b sobie z nimi poradzi\u0142?\"}]},{\"@type\":\"WebSite\",\"@id\":\"https:\\\/\\\/gardeon.pl\\\/#website\",\"url\":\"https:\\\/\\\/gardeon.pl\\\/\",\"name\":\"GARDEON\",\"description\":\"\",\"potentialAction\":[{\"@type\":\"SearchAction\",\"target\":{\"@type\":\"EntryPoint\",\"urlTemplate\":\"https:\\\/\\\/gardeon.pl\\\/?s={search_term_string}\"},\"query-input\":{\"@type\":\"PropertyValueSpecification\",\"valueRequired\":true,\"valueName\":\"search_term_string\"}}],\"inLanguage\":\"pl-PL\"},{\"@type\":\"Person\",\"@id\":\"https:\\\/\\\/gardeon.pl\\\/#\\\/schema\\\/person\\\/a5762ca5f0790bf92774af0899379463\",\"name\":\"editor\",\"image\":{\"@type\":\"ImageObject\",\"inLanguage\":\"pl-PL\",\"@id\":\"https:\\\/\\\/secure.gravatar.com\\\/avatar\\\/2b748151c2c748327307fd289a91b3bdafdd9e64e2d000e65e53d6dcf11c5830?s=96&d=mm&r=g\",\"url\":\"https:\\\/\\\/secure.gravatar.com\\\/avatar\\\/2b748151c2c748327307fd289a91b3bdafdd9e64e2d000e65e53d6dcf11c5830?s=96&d=mm&r=g\",\"contentUrl\":\"https:\\\/\\\/secure.gravatar.com\\\/avatar\\\/2b748151c2c748327307fd289a91b3bdafdd9e64e2d000e65e53d6dcf11c5830?s=96&d=mm&r=g\",\"caption\":\"editor\"}}]}<\/script>\n<!-- \/ Yoast SEO plugin. -->","yoast_head_json":{"title":"10 krok\u00f3w do ekologicznego ogrodu. Czy Ty te\u017c by\u015b sobie z nimi poradzi\u0142? - GARDEON","robots":{"index":"index","follow":"follow","max-snippet":"max-snippet:-1","max-image-preview":"max-image-preview:large","max-video-preview":"max-video-preview:-1"},"canonical":"https:\/\/gardeon.pl\/pl\/blog\/10-krokow-do-ekologicznego-ogrodu-czy-ty-tez-bys-sobie-z-nimi-poradzil\/","og_locale":"pl_PL","og_type":"article","og_title":"10 krok\u00f3w do ekologicznego ogrodu. Czy Ty te\u017c by\u015b sobie z nimi poradzi\u0142? - GARDEON","og_description":"Ogrody bezobs\u0142ugowe nie istniej\u0105. Istniej\u0105 jednak ogrody ca\u0142kowicie wolne od pestycyd\u00f3w, w kt\u00f3rych rosn\u0105 setki pachn\u0105cych i kolorowych kwiat\u00f3w. Nie wierzymy, \u017ce Pa\u0144stwo r\u00f3wnie\u017c by takiego nie chcieli. Mamy dla Pa\u0144stwa instrukcj\u0119, jak stworzy\u0107 go w domu bez pomocy architekta krajobrazu. Trzy razy czytaj, raz planuj Kilka informacji musz\u0105 Pa\u0144stwo jednak przeczyta\u0107. Tym bardziej, je\u015bli [&hellip;]","og_url":"https:\/\/gardeon.pl\/pl\/blog\/10-krokow-do-ekologicznego-ogrodu-czy-ty-tez-bys-sobie-z-nimi-poradzil\/","og_site_name":"GARDEON","article_published_time":"2026-04-23T16:41:14+00:00","article_modified_time":"2026-04-23T16:44:20+00:00","og_image":[{"width":1280,"height":822,"url":"http:\/\/gardeon.pl\/wp-content\/uploads\/2020\/03\/person-s-left-hand-holding-green-leaf-plant-886521.jpg","type":"image\/jpeg"}],"author":"editor","twitter_card":"summary_large_image","twitter_misc":{"Napisane przez":"editor","Szacowany czas czytania":"6 minut"},"schema":{"@context":"https:\/\/schema.org","@graph":[{"@type":"Article","@id":"https:\/\/gardeon.pl\/pl\/blog\/10-krokow-do-ekologicznego-ogrodu-czy-ty-tez-bys-sobie-z-nimi-poradzil\/#article","isPartOf":{"@id":"https:\/\/gardeon.pl\/pl\/blog\/10-krokow-do-ekologicznego-ogrodu-czy-ty-tez-bys-sobie-z-nimi-poradzil\/"},"author":{"name":"editor","@id":"https:\/\/gardeon.pl\/#\/schema\/person\/a5762ca5f0790bf92774af0899379463"},"headline":"10 krok\u00f3w do ekologicznego ogrodu. Czy Ty te\u017c by\u015b sobie z nimi poradzi\u0142?","datePublished":"2026-04-23T16:41:14+00:00","dateModified":"2026-04-23T16:44:20+00:00","mainEntityOfPage":{"@id":"https:\/\/gardeon.pl\/pl\/blog\/10-krokow-do-ekologicznego-ogrodu-czy-ty-tez-bys-sobie-z-nimi-poradzil\/"},"wordCount":1231,"commentCount":0,"image":{"@id":"https:\/\/gardeon.pl\/pl\/blog\/10-krokow-do-ekologicznego-ogrodu-czy-ty-tez-bys-sobie-z-nimi-poradzil\/#primaryimage"},"thumbnailUrl":"https:\/\/gardeon.pl\/wp-content\/uploads\/2020\/03\/person-s-left-hand-holding-green-leaf-plant-886521.jpg","articleSection":["Jak to zrobi\u0107 \u2013 ogr\u00f3d | DIY","Ogr\u00f3d","Piel\u0119gnacja"],"inLanguage":"pl-PL","potentialAction":[{"@type":"CommentAction","name":"Comment","target":["https:\/\/gardeon.pl\/pl\/blog\/10-krokow-do-ekologicznego-ogrodu-czy-ty-tez-bys-sobie-z-nimi-poradzil\/#respond"]}]},{"@type":"WebPage","@id":"https:\/\/gardeon.pl\/pl\/blog\/10-krokow-do-ekologicznego-ogrodu-czy-ty-tez-bys-sobie-z-nimi-poradzil\/","url":"https:\/\/gardeon.pl\/pl\/blog\/10-krokow-do-ekologicznego-ogrodu-czy-ty-tez-bys-sobie-z-nimi-poradzil\/","name":"10 krok\u00f3w do ekologicznego ogrodu. Czy Ty te\u017c by\u015b sobie z nimi poradzi\u0142? - GARDEON","isPartOf":{"@id":"https:\/\/gardeon.pl\/#website"},"primaryImageOfPage":{"@id":"https:\/\/gardeon.pl\/pl\/blog\/10-krokow-do-ekologicznego-ogrodu-czy-ty-tez-bys-sobie-z-nimi-poradzil\/#primaryimage"},"image":{"@id":"https:\/\/gardeon.pl\/pl\/blog\/10-krokow-do-ekologicznego-ogrodu-czy-ty-tez-bys-sobie-z-nimi-poradzil\/#primaryimage"},"thumbnailUrl":"https:\/\/gardeon.pl\/wp-content\/uploads\/2020\/03\/person-s-left-hand-holding-green-leaf-plant-886521.jpg","datePublished":"2026-04-23T16:41:14+00:00","dateModified":"2026-04-23T16:44:20+00:00","author":{"@id":"https:\/\/gardeon.pl\/#\/schema\/person\/a5762ca5f0790bf92774af0899379463"},"breadcrumb":{"@id":"https:\/\/gardeon.pl\/pl\/blog\/10-krokow-do-ekologicznego-ogrodu-czy-ty-tez-bys-sobie-z-nimi-poradzil\/#breadcrumb"},"inLanguage":"pl-PL","potentialAction":[{"@type":"ReadAction","target":["https:\/\/gardeon.pl\/pl\/blog\/10-krokow-do-ekologicznego-ogrodu-czy-ty-tez-bys-sobie-z-nimi-poradzil\/"]}]},{"@type":"ImageObject","inLanguage":"pl-PL","@id":"https:\/\/gardeon.pl\/pl\/blog\/10-krokow-do-ekologicznego-ogrodu-czy-ty-tez-bys-sobie-z-nimi-poradzil\/#primaryimage","url":"https:\/\/gardeon.pl\/wp-content\/uploads\/2020\/03\/person-s-left-hand-holding-green-leaf-plant-886521.jpg","contentUrl":"https:\/\/gardeon.pl\/wp-content\/uploads\/2020\/03\/person-s-left-hand-holding-green-leaf-plant-886521.jpg","width":1280,"height":822,"caption":"Zielona ro\u015blina w d\u0142oni"},{"@type":"BreadcrumbList","@id":"https:\/\/gardeon.pl\/pl\/blog\/10-krokow-do-ekologicznego-ogrodu-czy-ty-tez-bys-sobie-z-nimi-poradzil\/#breadcrumb","itemListElement":[{"@type":"ListItem","position":1,"name":"Domov","item":"https:\/\/gardeon.pl\/pl\/"},{"@type":"ListItem","position":2,"name":"10 krok\u00f3w do ekologicznego ogrodu. Czy Ty te\u017c by\u015b sobie z nimi poradzi\u0142?"}]},{"@type":"WebSite","@id":"https:\/\/gardeon.pl\/#website","url":"https:\/\/gardeon.pl\/","name":"GARDEON","description":"","potentialAction":[{"@type":"SearchAction","target":{"@type":"EntryPoint","urlTemplate":"https:\/\/gardeon.pl\/?s={search_term_string}"},"query-input":{"@type":"PropertyValueSpecification","valueRequired":true,"valueName":"search_term_string"}}],"inLanguage":"pl-PL"},{"@type":"Person","@id":"https:\/\/gardeon.pl\/#\/schema\/person\/a5762ca5f0790bf92774af0899379463","name":"editor","image":{"@type":"ImageObject","inLanguage":"pl-PL","@id":"https:\/\/secure.gravatar.com\/avatar\/2b748151c2c748327307fd289a91b3bdafdd9e64e2d000e65e53d6dcf11c5830?s=96&d=mm&r=g","url":"https:\/\/secure.gravatar.com\/avatar\/2b748151c2c748327307fd289a91b3bdafdd9e64e2d000e65e53d6dcf11c5830?s=96&d=mm&r=g","contentUrl":"https:\/\/secure.gravatar.com\/avatar\/2b748151c2c748327307fd289a91b3bdafdd9e64e2d000e65e53d6dcf11c5830?s=96&d=mm&r=g","caption":"editor"}}]}},"_links":{"self":[{"href":"https:\/\/gardeon.pl\/pl\/wp-json\/wp\/v2\/posts\/48312","targetHints":{"allow":["GET"]}}],"collection":[{"href":"https:\/\/gardeon.pl\/pl\/wp-json\/wp\/v2\/posts"}],"about":[{"href":"https:\/\/gardeon.pl\/pl\/wp-json\/wp\/v2\/types\/post"}],"author":[{"embeddable":true,"href":"https:\/\/gardeon.pl\/pl\/wp-json\/wp\/v2\/users\/2"}],"replies":[{"embeddable":true,"href":"https:\/\/gardeon.pl\/pl\/wp-json\/wp\/v2\/comments?post=48312"}],"version-history":[{"count":0,"href":"https:\/\/gardeon.pl\/pl\/wp-json\/wp\/v2\/posts\/48312\/revisions"}],"wp:featuredmedia":[{"embeddable":true,"href":"https:\/\/gardeon.pl\/pl\/wp-json\/wp\/v2\/media\/48318"}],"wp:attachment":[{"href":"https:\/\/gardeon.pl\/pl\/wp-json\/wp\/v2\/media?parent=48312"}],"wp:term":[{"taxonomy":"category","embeddable":true,"href":"https:\/\/gardeon.pl\/pl\/wp-json\/wp\/v2\/categories?post=48312"},{"taxonomy":"post_tag","embeddable":true,"href":"https:\/\/gardeon.pl\/pl\/wp-json\/wp\/v2\/tags?post=48312"}],"curies":[{"name":"wp","href":"https:\/\/api.w.org\/{rel}","templated":true}]}}