{"id":48333,"date":"2026-04-23T18:41:14","date_gmt":"2026-04-23T16:41:14","guid":{"rendered":"https:\/\/gardeon.pl\/?p=48333"},"modified":"2026-04-23T18:44:19","modified_gmt":"2026-04-23T16:44:19","slug":"6-kreatywnych-pomyslow-na-wielkanocna-dekoracje-ogrodu-dodatkowe-kryjowki-przed-polewaczami","status":"publish","type":"post","link":"https:\/\/gardeon.pl\/pl\/blog\/6-kreatywnych-pomyslow-na-wielkanocna-dekoracje-ogrodu-dodatkowe-kryjowki-przed-polewaczami\/","title":{"rendered":"6 kreatywnych pomys\u0142\u00f3w na wielkanocn\u0105 dekoracj\u0119 ogrodu + dodatkowe kryj\u00f3wki przed polewaczami"},"content":{"rendered":"<p><em>Wielkanoc nale\u017cy do najwa\u017cniejszych \u015bwi\u0105t chrze\u015bcija\u0144skich. Czy i wy macie zwyczaj dekorowa\u0107 sw\u00f3j dom? Przedstawiamy wam kilka inspiracji na wielkanocne dekoracje do ogrodu. Dodatkowo zdradzimy 3 skuteczne wskaz\u00f3wki na kryj\u00f3wk\u0119 przed polewaczami. Przydadz\u0105 si\u0119 wam, zw\u0142aszcza je\u015bli nie wierzycie tym miodowym s\u0142\u00f3wkom, \u017ce dzi\u0119ki wielkanocnemu polewaniu uro\u015bniecie do pi\u0119kna.    <\/em><\/p>\n<p><!--more--><\/p>\n<p><em>Chcecie i wy pochwali\u0107 si\u0119 przed s\u0105siadami i go\u015bciami swoj\u0105 wielkanocn\u0105 dekoracj\u0105? Niezale\u017cnie od tego, czy jeste\u015bcie domow\u0105 gospodyni\u0105 czy zdolnym majsterkowiczem, oto 6 kreatywnych pomys\u0142\u00f3w na dekoracj\u0119 waszego ogr\u00f3dka, kt\u00f3re wykonacie lew\u0105 r\u0119k\u0105. <\/em><\/p>\n<p><img loading=\"lazy\" decoding=\"async\" class=\"aligncenter wp-image-20081\" src=\"http:\/\/gardeon.pl\/wp-content\/uploads\/2019\/07\/f-1.jpg\" alt=\"Dekoracja wielkanocna\" width=\"800\" height=\"1200\" srcset=\"https:\/\/gardeon.pl\/wp-content\/uploads\/2019\/07\/f-1.jpg 564w, https:\/\/gardeon.pl\/wp-content\/uploads\/2019\/07\/f-1-200x300.jpg 200w\" sizes=\"auto, (max-width: 800px) 100vw, 800px\" \/><\/p>\n<h3>1. Unikalny wielkanocny wieniec<\/h3>\n<p>Udekorujcie swoje drzwi wej\u015bciowe lub altank\u0119 stylowym wielkanocnym wie\u0144cem. Ucieszy oko go\u015bci ju\u017c przy drzwiach. <\/p>\n<p><img loading=\"lazy\" decoding=\"async\" class=\"aligncenter wp-image-20069\" src=\"http:\/\/gardeon.pl\/wp-content\/uploads\/2019\/07\/a-1.jpg\" alt=\"Wieniec wielkanocny\" width=\"800\" height=\"826\" srcset=\"https:\/\/gardeon.pl\/wp-content\/uploads\/2019\/07\/a-1.jpg 563w, https:\/\/gardeon.pl\/wp-content\/uploads\/2019\/07\/a-1-291x300.jpg 291w\" sizes=\"auto, (max-width: 800px) 100vw, 800px\" \/><\/p>\n<p><img loading=\"lazy\" decoding=\"async\" class=\"aligncenter wp-image-20071\" src=\"http:\/\/gardeon.pl\/wp-content\/uploads\/2019\/07\/b.jpg\" alt=\"Wieniec wielkanocny z motylami i jajkami\" width=\"800\" height=\"1067\" srcset=\"https:\/\/gardeon.pl\/wp-content\/uploads\/2019\/07\/b.jpg 564w, https:\/\/gardeon.pl\/wp-content\/uploads\/2019\/07\/b-225x300.jpg 225w\" sizes=\"auto, (max-width: 800px) 100vw, 800px\" \/><\/p>\n<p><img loading=\"lazy\" decoding=\"async\" class=\"aligncenter wp-image-20075\" src=\"http:\/\/gardeon.pl\/wp-content\/uploads\/2019\/07\/c-1.jpg\" alt=\"Wieniec wielkanocny z kwiatami\" width=\"800\" height=\"1197\" srcset=\"https:\/\/gardeon.pl\/wp-content\/uploads\/2019\/07\/c-1.jpg 564w, https:\/\/gardeon.pl\/wp-content\/uploads\/2019\/07\/c-1-200x300.jpg 200w\" sizes=\"auto, (max-width: 800px) 100vw, 800px\" \/><\/p>\n<h3>2. Zaj\u0105czek, kurczaczek czy baranek nie powinni zabrakn\u0105\u0107<\/h3>\n<p>Te symbole sta\u0142y si\u0119 w naszych stronach nieod\u0142\u0105czn\u0105 cz\u0119\u015bci\u0105 Wielkanocy. Zastanawiali\u015bcie si\u0119 kiedy\u015b dlaczego? Zaj\u0105c i kurczak maj\u0105 prawdopodobnie pochodzenie w poga\u0144skich rytua\u0142ach na cze\u015b\u0107 nadej\u015bcia wiosny. Baranek jest z kolei symbolem niewinno\u015bci i chrze\u015bcija\u0144skiej ofiary. Wykorzystajcie je i wy jako cz\u0119\u015b\u0107 dekoracji nie tylko na stole, ale i w ogrodzie. Na przyk\u0142ad w ten spos\u00f3b.     <\/p>\n<p><img loading=\"lazy\" decoding=\"async\" class=\"aligncenter wp-image-20077\" src=\"http:\/\/gardeon.pl\/wp-content\/uploads\/2019\/07\/d-1.jpg\" alt=\"Drewniany zaj\u0105czek z kokard\u0105\" width=\"800\" height=\"1301\" srcset=\"https:\/\/gardeon.pl\/wp-content\/uploads\/2019\/07\/d-1.jpg 564w, https:\/\/gardeon.pl\/wp-content\/uploads\/2019\/07\/d-1-185x300.jpg 185w\" sizes=\"auto, (max-width: 800px) 100vw, 800px\" \/><\/p>\n<p><img loading=\"lazy\" decoding=\"async\" class=\"aligncenter wp-image-20061\" src=\"http:\/\/gardeon.pl\/wp-content\/uploads\/2019\/07\/m.jpg\" alt=\"Pude\u0142ko z ozdobami \u015bwi\u0105tecznymi\" width=\"800\" height=\"1200\" srcset=\"https:\/\/gardeon.pl\/wp-content\/uploads\/2019\/07\/m.jpg 500w, https:\/\/gardeon.pl\/wp-content\/uploads\/2019\/07\/m-200x300.jpg 200w\" sizes=\"auto, (max-width: 800px) 100vw, 800px\" \/><\/p>\n<h3>3. Wielkanocne jajka &#8211; najwa\u017cniejszy symbol Wielkanocy<\/h3>\n<p>Na S\u0142owacji po prostu bez wielkanocnego jajka si\u0119 nie obejdzie. Jest symbolem narodzin i \u017cycia. Wkomponujcie w wasz\u0105 dekoracj\u0119 kreatywnie ozdobione jajka. Mo\u017cecie je tak\u017ce powiesi\u0107 na zadaszenie ogrodowe lub umie\u015bci\u0107 w koszyku i pi\u0119kna wielkanocna ozdoba gotowa.    <\/p>\n<p><img loading=\"lazy\" decoding=\"async\" class=\"aligncenter wp-image-20083\" src=\"http:\/\/gardeon.pl\/wp-content\/uploads\/2019\/07\/g.jpg\" alt=\"Waza w kszta\u0142cie kury z akcesoriami kuchennymi\" width=\"800\" height=\"800\" srcset=\"https:\/\/gardeon.pl\/wp-content\/uploads\/2019\/07\/g.jpg 564w, https:\/\/gardeon.pl\/wp-content\/uploads\/2019\/07\/g-150x150.jpg 150w, https:\/\/gardeon.pl\/wp-content\/uploads\/2019\/07\/g-300x300.jpg 300w\" sizes=\"auto, (max-width: 800px) 100vw, 800px\" \/><\/p>\n<p><img loading=\"lazy\" decoding=\"async\" class=\"aligncenter wp-image-20085\" src=\"http:\/\/gardeon.pl\/wp-content\/uploads\/2019\/07\/h.jpg\" alt=\"Malowane wielkanocne jajka\" width=\"800\" height=\"1207\" srcset=\"https:\/\/gardeon.pl\/wp-content\/uploads\/2019\/07\/h.jpg 564w, https:\/\/gardeon.pl\/wp-content\/uploads\/2019\/07\/h-199x300.jpg 199w\" sizes=\"auto, (max-width: 800px) 100vw, 800px\" \/><\/p>\n<p><img loading=\"lazy\" decoding=\"async\" class=\"aligncenter wp-image-20087\" src=\"http:\/\/gardeon.pl\/wp-content\/uploads\/2019\/07\/i.jpg\" alt=\"Niebieskie malowane wielkanocne jajka\" width=\"800\" height=\"800\" srcset=\"https:\/\/gardeon.pl\/wp-content\/uploads\/2019\/07\/i.jpg 564w, https:\/\/gardeon.pl\/wp-content\/uploads\/2019\/07\/i-150x150.jpg 150w, https:\/\/gardeon.pl\/wp-content\/uploads\/2019\/07\/i-300x300.jpg 300w\" sizes=\"auto, (max-width: 800px) 100vw, 800px\" \/><\/p>\n<p><img loading=\"lazy\" decoding=\"async\" class=\"aligncenter wp-image-20089\" src=\"http:\/\/gardeon.pl\/wp-content\/uploads\/2019\/07\/j.jpg\" alt=\"Wielkanocne jajka ze \u015bwieczkami\" width=\"800\" height=\"1425\" srcset=\"https:\/\/gardeon.pl\/wp-content\/uploads\/2019\/07\/j.jpg 517w, https:\/\/gardeon.pl\/wp-content\/uploads\/2019\/07\/j-168x300.jpg 168w\" sizes=\"auto, (max-width: 800px) 100vw, 800px\" \/><\/p>\n<p>A mo\u017ce wolicie tak\u0105 &#8220;dekoracj\u0119&#8221;? Gwarantujemy wam, \u017ce z hu\u015btawki w kszta\u0142cie jajka b\u0119dziecie mie\u0107 rado\u015b\u0107 przez ca\u0142y rok.  :)<\/p>\n<p><img loading=\"lazy\" decoding=\"async\" class=\"aligncenter wp-image-20091\" src=\"http:\/\/gardeon.pl\/wp-content\/uploads\/2019\/07\/k-512x1024.jpg\" alt=\"Br\u0105zowe wisz\u0105ce krzes\u0142o-hu\u015btawka\" width=\"800\" height=\"1600\" srcset=\"https:\/\/gardeon.pl\/wp-content\/uploads\/2019\/07\/k-512x1024.jpg 512w, https:\/\/gardeon.pl\/wp-content\/uploads\/2019\/07\/k-150x300.jpg 150w, https:\/\/gardeon.pl\/wp-content\/uploads\/2019\/07\/k.jpg 564w\" sizes=\"auto, (max-width: 800px) 100vw, 800px\" \/><\/p>\n<h3>4. Pleciony koszyk ozdobiony wielkanocnymi dekoracjami<\/h3>\n<p>Pleciony koszyk znajdzie si\u0119 prawie w ka\u017cdym domu. Wystarczy niewiele, by sta\u0142 si\u0119 z niego unikalna dekoracja na Wielkanoc. <\/p>\n<p><img loading=\"lazy\" decoding=\"async\" class=\"aligncenter wp-image-20079\" src=\"http:\/\/gardeon.pl\/wp-content\/uploads\/2019\/07\/e-1.jpg\" alt=\"Drewniane zaj\u0105czki z plecionymi koszykami\" width=\"800\" height=\"1420\" srcset=\"https:\/\/gardeon.pl\/wp-content\/uploads\/2019\/07\/e-1.jpg 564w, https:\/\/gardeon.pl\/wp-content\/uploads\/2019\/07\/e-1-169x300.jpg 169w\" sizes=\"auto, (max-width: 800px) 100vw, 800px\" \/><\/p>\n<p><img loading=\"lazy\" decoding=\"async\" class=\"aligncenter wp-image-20059\" src=\"http:\/\/gardeon.pl\/wp-content\/uploads\/2019\/07\/l.jpg\" alt=\"Dekoracja wielkanocnych koszyk\u00f3w z zielonym zaj\u0105czkiem\" width=\"800\" height=\"1067\" srcset=\"https:\/\/gardeon.pl\/wp-content\/uploads\/2019\/07\/l.jpg 564w, https:\/\/gardeon.pl\/wp-content\/uploads\/2019\/07\/l-225x300.jpg 225w\" sizes=\"auto, (max-width: 800px) 100vw, 800px\" \/><\/p>\n<h3>5. Marchewka jako oryginalny element waszej dekoracji<\/h3>\n<p>Od tradycyjnych ozd\u00f3b wielkanocnych przejdziemy do bardziej oryginalnych. Kolory marchewki s\u0105 wyraziste, dlatego mo\u017cecie j\u0105 wykorzysta\u0107 na kilka sposob\u00f3w przy wielkanocnej dekoracji. Mo\u017ce rozbawi\u0105 waszych go\u015bci.  <\/p>\n<p><img loading=\"lazy\" decoding=\"async\" class=\"aligncenter wp-image-20099\" src=\"http:\/\/gardeon.pl\/wp-content\/uploads\/2019\/07\/bricolage-P%C3%A2ques-panier-carottes-papier-cr%C3%A9pon.jpg\" alt=\"Koszyk ze sztucznymi marchewkami z krepiny\" width=\"800\" height=\"800\"><\/p>\n<p><img loading=\"lazy\" decoding=\"async\" class=\"aligncenter wp-image-20097\" src=\"http:\/\/gardeon.pl\/wp-content\/uploads\/2019\/07\/96-726x1024.jpg\" alt=\"Sztuczne pomara\u0144czowe wype\u0142nione marchewki\" width=\"800\" height=\"1128\" srcset=\"https:\/\/gardeon.pl\/wp-content\/uploads\/2019\/07\/96-726x1024.jpg 726w, https:\/\/gardeon.pl\/wp-content\/uploads\/2019\/07\/96-213x300.jpg 213w, https:\/\/gardeon.pl\/wp-content\/uploads\/2019\/07\/96-768x1083.jpg 768w, https:\/\/gardeon.pl\/wp-content\/uploads\/2019\/07\/96.jpg 1000w\" sizes=\"auto, (max-width: 800px) 100vw, 800px\" \/><\/p>\n<h3>6. Kolorowe kalosze i kwiaty = oryginalna kombinacja<\/h3>\n<p><b><span class=\"Apple-converted-space\"> <\/span><\/b>Kolejna odwa\u017cniejsza kombinacja, kt\u00f3r\u0105 mo\u017cecie wypr\u00f3bowa\u0107. Jest naprawd\u0119 wyj\u0105tkowa, a wystarcz\u0105 wam tylko kalosze i kwiatki typowe dla wiosennego okresu. <\/p>\n<p><img loading=\"lazy\" decoding=\"async\" class=\"aligncenter wp-image-20063\" src=\"http:\/\/gardeon.pl\/wp-content\/uploads\/2019\/07\/n-1024x736.jpg\" alt=\"Tulipany w niebieskich kaloszach\" width=\"800\" height=\"575\" srcset=\"https:\/\/gardeon.pl\/wp-content\/uploads\/2019\/07\/n-1024x736.jpg 1024w, https:\/\/gardeon.pl\/wp-content\/uploads\/2019\/07\/n-300x216.jpg 300w, https:\/\/gardeon.pl\/wp-content\/uploads\/2019\/07\/n-768x552.jpg 768w\" sizes=\"auto, (max-width: 800px) 100vw, 800px\" \/><\/p>\n<h4>Kobiety i polewacze &#8211; odwieczny problem Wielkanocnego Poniedzia\u0142ku<\/h4>\n<p>Gdzie maj\u0105 si\u0119 schowa\u0107 kobietki, gdy przyci\u0105gn\u0119\u0142y niezliczon\u0105 ilo\u015b\u0107 polewaczy nie tylko swoj\u0105 oryginaln\u0105 dekoracj\u0105? Drogie kobietki, ju\u017c nie musicie si\u0119 ba\u0107. Przygotowali\u015bmy kilka oryginalnych pomys\u0142\u00f3w na kryj\u00f3wki, w kt\u00f3rych \u017caden polewacz was nie znajdzie.  <\/p>\n<h4>Zr\u00f3bcie sobie ladies party u waszej niezam\u0119\u017cnej kole\u017canki<\/h4>\n<p>W domu kole\u017canki polewacze na pewno was nie znajd\u0105. Zorganizujcie u waszej niezam\u0119\u017cnej przyjaci\u00f3\u0142ki ladies party, gdzie wsp\u00f3lnie \u015bwi\u0119towa\u0107 b\u0119dziecie te \u015bwi\u0119ta. Sucha b\u0119dzie nie tylko winka, kt\u00f3r\u0105 sobie nalejecie, ale i wasze ubranie!  <\/p>\n<p><img loading=\"lazy\" decoding=\"async\" class=\"aligncenter wp-image-20065\" src=\"http:\/\/gardeon.pl\/wp-content\/uploads\/2019\/07\/o-1024x683.jpg\" alt=\"Dziewczyny si\u0119 bawi\u0105\" width=\"800\" height=\"533\" srcset=\"https:\/\/gardeon.pl\/wp-content\/uploads\/2019\/07\/o-1024x683.jpg 1024w, https:\/\/gardeon.pl\/wp-content\/uploads\/2019\/07\/o-300x200.jpg 300w, https:\/\/gardeon.pl\/wp-content\/uploads\/2019\/07\/o-768x512.jpg 768w, https:\/\/gardeon.pl\/wp-content\/uploads\/2019\/07\/o.jpg 1200w\" sizes=\"auto, (max-width: 800px) 100vw, 800px\" \/><\/p>\n<h4>Ukryjcie si\u0119 w cz\u0119\u015bci w\u0142asnego domu, gdzie was nie wytropi\u0105<span class=\"Apple-converted-space\"> <\/span><\/h4>\n<p>Na pewno macie w domu pomieszczenia, do kt\u00f3rych cz\u0119sto nie wchodzicie, np. strych czy spi\u017carni\u0119. Spr\u00f3bujcie zrobi\u0107 z nich na jeden dzie\u0144 kryj\u00f3wk\u0119. Wasi go\u015bcie na pewno nie b\u0119d\u0105 was tam szuka\u0107. Ale uwaga, drzwi powinny da\u0107 si\u0119 zamkn\u0105\u0107 na klucz! I nie zapomnijcie zamkn\u0105\u0107 si\u0119 ze wszystkim potrzebnym na dany dzie\u0144 \u2013 laptop z filmami, telefon, ksi\u0105\u017cki czy troch\u0119 winka.     <\/p>\n<p><img loading=\"lazy\" decoding=\"async\" class=\"aligncenter wp-image-20067\" src=\"http:\/\/gardeon.pl\/wp-content\/uploads\/2019\/07\/p-1024x576.jpg\" alt=\"Kobieta czyta\" width=\"800\" height=\"450\" srcset=\"https:\/\/gardeon.pl\/wp-content\/uploads\/2019\/07\/p-1024x576.jpg 1024w, https:\/\/gardeon.pl\/wp-content\/uploads\/2019\/07\/p-300x169.jpg 300w, https:\/\/gardeon.pl\/wp-content\/uploads\/2019\/07\/p-768x432.jpg 768w, https:\/\/gardeon.pl\/wp-content\/uploads\/2019\/07\/p.jpg 1920w\" sizes=\"auto, (max-width: 800px) 100vw, 800px\" \/><\/p>\n<h4>Znajd\u017acie sobie super kryj\u00f3wk\u0119 poza waszym mieszkaniem<\/h4>\n<p>I wreszcie mo\u017cecie si\u0119 ukry\u0107 bezpo\u015brednio w ogrodzie. Altanka ogrodowa lub montowana gara\u017c was przytul\u0105. Je\u015bli zdecydujecie si\u0119 na t\u0119 kryj\u00f3wk\u0119, umilcie sobie czas np. wasz\u0105 ulubion\u0105 ksi\u0105\u017ck\u0105 i smacznym koktajlem.  <\/p>\n<p><img loading=\"lazy\" decoding=\"async\" class=\"aligncenter wp-image-19334\" src=\"http:\/\/gardeon.pl\/wp-content\/uploads\/2019\/04\/marcel-taka%C4%8D5-1024x768.jpg\" alt=\"Montowany domek ogrodowy GARDEON w jasnoszarym tynku\" width=\"800\" height=\"600\"><\/p>\n<p>Mamy nadziej\u0119, \u017ce spodoba\u0142y si\u0119 wam nasze wielkanocne propozycje. Je\u015bli kt\u00f3ry\u015b z nich zrealizowali\u015bcie, napiszcie nam w komentarzach, czy wyszed\u0142 zgodnie z oczekiwaniami. <\/p>\n<p>\u017byczymy wam przyjemnego prze\u017cycia \u015bwi\u0105t wielkanocnych.<\/p>\n<h5>\u0179r\u00f3d\u0142o (Source):<\/h5>\n<h5>https:\/\/sk.pinterest.com\/<br \/>\nhttps:\/\/www.rd.com\/home\/decorating\/spring-home-decorating\/<br \/>\nhttps:\/\/www.thriftyfun.com\/Birthday-Party-Ideas-for-Teens.html<br \/>\nhttps:\/\/www.telemundo.com\/noticias\/2016\/03\/15\/votacion-anticipada-conoce-como-votar-en-circunstancias-especiales-fotos<br \/>\nhttps:\/\/www.1zoom.me\/de\/wallpaper\/517241\/z7086.9\/<\/h5>\n<h5>http:\/\/vickyundricky.blogspot.com\/2014_04_01_archive.html?m=1<\/h5>\n<h5>https:\/\/deavita.fr\/deco-de-fete\/paques\/bricolage-paques-deco-cadeaux\/<\/h5>\n","protected":false},"excerpt":{"rendered":"<p>Wielkanoc nale\u017cy do najwa\u017cniejszych \u015bwi\u0105t chrze\u015bcija\u0144skich. Czy i wy macie zwyczaj dekorowa\u0107 sw\u00f3j dom? Przedstawiamy wam kilka inspiracji na wielkanocne dekoracje do ogrodu. Dodatkowo zdradzimy 3 skuteczne wskaz\u00f3wki na kryj\u00f3wk\u0119 przed polewaczami. Przydadz\u0105 si\u0119 wam, zw\u0142aszcza je\u015bli nie wierzycie tym miodowym s\u0142\u00f3wkom, \u017ce dzi\u0119ki wielkanocnemu polewaniu uro\u015bniecie do pi\u0119kna.<\/p>\n","protected":false},"author":2,"featured_media":48341,"comment_status":"open","ping_status":"open","sticky":false,"template":"","format":"standard","meta":{"_acf_changed":false,"inline_featured_image":false,"footnotes":""},"categories":[631],"tags":[],"class_list":["post-48333","post","type-post","status-publish","format-standard","has-post-thumbnail","hentry","category-inne"],"acf":[],"yoast_head":"<!-- This site is optimized with the Yoast SEO plugin v27.4 - https:\/\/yoast.com\/product\/yoast-seo-wordpress\/ -->\n<title>6 kreatywnych pomys\u0142\u00f3w na wielkanocn\u0105 dekoracj\u0119 ogrodu + dodatkowe kryj\u00f3wki przed polewaczami - GARDEON<\/title>\n<meta name=\"robots\" content=\"index, follow, max-snippet:-1, max-image-preview:large, max-video-preview:-1\" \/>\n<link rel=\"canonical\" href=\"https:\/\/gardeon.pl\/pl\/blog\/6-kreatywnych-pomyslow-na-wielkanocna-dekoracje-ogrodu-dodatkowe-kryjowki-przed-polewaczami\/\" \/>\n<meta property=\"og:locale\" content=\"pl_PL\" \/>\n<meta property=\"og:type\" content=\"article\" \/>\n<meta property=\"og:title\" content=\"6 kreatywnych pomys\u0142\u00f3w na wielkanocn\u0105 dekoracj\u0119 ogrodu + dodatkowe kryj\u00f3wki przed polewaczami - GARDEON\" \/>\n<meta property=\"og:description\" content=\"Wielkanoc nale\u017cy do najwa\u017cniejszych \u015bwi\u0105t chrze\u015bcija\u0144skich. Czy i wy macie zwyczaj dekorowa\u0107 sw\u00f3j dom? Przedstawiamy wam kilka inspiracji na wielkanocne dekoracje do ogrodu. Dodatkowo zdradzimy 3 skuteczne wskaz\u00f3wki na kryj\u00f3wk\u0119 przed polewaczami. Przydadz\u0105 si\u0119 wam, zw\u0142aszcza je\u015bli nie wierzycie tym miodowym s\u0142\u00f3wkom, \u017ce dzi\u0119ki wielkanocnemu polewaniu uro\u015bniecie do pi\u0119kna.\" \/>\n<meta property=\"og:url\" content=\"https:\/\/gardeon.pl\/pl\/blog\/6-kreatywnych-pomyslow-na-wielkanocna-dekoracje-ogrodu-dodatkowe-kryjowki-przed-polewaczami\/\" \/>\n<meta property=\"og:site_name\" content=\"GARDEON\" \/>\n<meta property=\"article:published_time\" content=\"2026-04-23T16:41:14+00:00\" \/>\n<meta property=\"article:modified_time\" content=\"2026-04-23T16:44:19+00:00\" \/>\n<meta property=\"og:image\" content=\"http:\/\/gardeon.pl\/wp-content\/uploads\/2019\/07\/banner-1.jpg\" \/>\n\t<meta property=\"og:image:width\" content=\"1280\" \/>\n\t<meta property=\"og:image:height\" content=\"958\" \/>\n\t<meta property=\"og:image:type\" content=\"image\/jpeg\" \/>\n<meta name=\"author\" content=\"editor\" \/>\n<meta name=\"twitter:card\" content=\"summary_large_image\" \/>\n<meta name=\"twitter:label1\" content=\"Napisane przez\" \/>\n\t<meta name=\"twitter:data1\" content=\"editor\" \/>\n\t<meta name=\"twitter:label2\" content=\"Szacowany czas czytania\" \/>\n\t<meta name=\"twitter:data2\" content=\"3 minuty\" \/>\n<script type=\"application\/ld+json\" class=\"yoast-schema-graph\">{\"@context\":\"https:\\\/\\\/schema.org\",\"@graph\":[{\"@type\":\"Article\",\"@id\":\"https:\\\/\\\/gardeon.pl\\\/pl\\\/blog\\\/6-kreatywnych-pomyslow-na-wielkanocna-dekoracje-ogrodu-dodatkowe-kryjowki-przed-polewaczami\\\/#article\",\"isPartOf\":{\"@id\":\"https:\\\/\\\/gardeon.pl\\\/pl\\\/blog\\\/6-kreatywnych-pomyslow-na-wielkanocna-dekoracje-ogrodu-dodatkowe-kryjowki-przed-polewaczami\\\/\"},\"author\":{\"name\":\"editor\",\"@id\":\"https:\\\/\\\/gardeon.pl\\\/#\\\/schema\\\/person\\\/a5762ca5f0790bf92774af0899379463\"},\"headline\":\"6 kreatywnych pomys\u0142\u00f3w na wielkanocn\u0105 dekoracj\u0119 ogrodu + dodatkowe kryj\u00f3wki przed polewaczami\",\"datePublished\":\"2026-04-23T16:41:14+00:00\",\"dateModified\":\"2026-04-23T16:44:19+00:00\",\"mainEntityOfPage\":{\"@id\":\"https:\\\/\\\/gardeon.pl\\\/pl\\\/blog\\\/6-kreatywnych-pomyslow-na-wielkanocna-dekoracje-ogrodu-dodatkowe-kryjowki-przed-polewaczami\\\/\"},\"wordCount\":691,\"commentCount\":0,\"image\":{\"@id\":\"https:\\\/\\\/gardeon.pl\\\/pl\\\/blog\\\/6-kreatywnych-pomyslow-na-wielkanocna-dekoracje-ogrodu-dodatkowe-kryjowki-przed-polewaczami\\\/#primaryimage\"},\"thumbnailUrl\":\"https:\\\/\\\/gardeon.pl\\\/wp-content\\\/uploads\\\/2019\\\/07\\\/banner-1.jpg\",\"articleSection\":[\"Inne\"],\"inLanguage\":\"pl-PL\",\"potentialAction\":[{\"@type\":\"CommentAction\",\"name\":\"Comment\",\"target\":[\"https:\\\/\\\/gardeon.pl\\\/pl\\\/blog\\\/6-kreatywnych-pomyslow-na-wielkanocna-dekoracje-ogrodu-dodatkowe-kryjowki-przed-polewaczami\\\/#respond\"]}]},{\"@type\":\"WebPage\",\"@id\":\"https:\\\/\\\/gardeon.pl\\\/pl\\\/blog\\\/6-kreatywnych-pomyslow-na-wielkanocna-dekoracje-ogrodu-dodatkowe-kryjowki-przed-polewaczami\\\/\",\"url\":\"https:\\\/\\\/gardeon.pl\\\/pl\\\/blog\\\/6-kreatywnych-pomyslow-na-wielkanocna-dekoracje-ogrodu-dodatkowe-kryjowki-przed-polewaczami\\\/\",\"name\":\"6 kreatywnych pomys\u0142\u00f3w na wielkanocn\u0105 dekoracj\u0119 ogrodu + dodatkowe kryj\u00f3wki przed polewaczami - GARDEON\",\"isPartOf\":{\"@id\":\"https:\\\/\\\/gardeon.pl\\\/#website\"},\"primaryImageOfPage\":{\"@id\":\"https:\\\/\\\/gardeon.pl\\\/pl\\\/blog\\\/6-kreatywnych-pomyslow-na-wielkanocna-dekoracje-ogrodu-dodatkowe-kryjowki-przed-polewaczami\\\/#primaryimage\"},\"image\":{\"@id\":\"https:\\\/\\\/gardeon.pl\\\/pl\\\/blog\\\/6-kreatywnych-pomyslow-na-wielkanocna-dekoracje-ogrodu-dodatkowe-kryjowki-przed-polewaczami\\\/#primaryimage\"},\"thumbnailUrl\":\"https:\\\/\\\/gardeon.pl\\\/wp-content\\\/uploads\\\/2019\\\/07\\\/banner-1.jpg\",\"datePublished\":\"2026-04-23T16:41:14+00:00\",\"dateModified\":\"2026-04-23T16:44:19+00:00\",\"author\":{\"@id\":\"https:\\\/\\\/gardeon.pl\\\/#\\\/schema\\\/person\\\/a5762ca5f0790bf92774af0899379463\"},\"breadcrumb\":{\"@id\":\"https:\\\/\\\/gardeon.pl\\\/pl\\\/blog\\\/6-kreatywnych-pomyslow-na-wielkanocna-dekoracje-ogrodu-dodatkowe-kryjowki-przed-polewaczami\\\/#breadcrumb\"},\"inLanguage\":\"pl-PL\",\"potentialAction\":[{\"@type\":\"ReadAction\",\"target\":[\"https:\\\/\\\/gardeon.pl\\\/pl\\\/blog\\\/6-kreatywnych-pomyslow-na-wielkanocna-dekoracje-ogrodu-dodatkowe-kryjowki-przed-polewaczami\\\/\"]}]},{\"@type\":\"ImageObject\",\"inLanguage\":\"pl-PL\",\"@id\":\"https:\\\/\\\/gardeon.pl\\\/pl\\\/blog\\\/6-kreatywnych-pomyslow-na-wielkanocna-dekoracje-ogrodu-dodatkowe-kryjowki-przed-polewaczami\\\/#primaryimage\",\"url\":\"https:\\\/\\\/gardeon.pl\\\/wp-content\\\/uploads\\\/2019\\\/07\\\/banner-1.jpg\",\"contentUrl\":\"https:\\\/\\\/gardeon.pl\\\/wp-content\\\/uploads\\\/2019\\\/07\\\/banner-1.jpg\",\"width\":1280,\"height\":958,\"caption\":\"Bukiet tulipan\u00f3w na drewnianym stole\"},{\"@type\":\"BreadcrumbList\",\"@id\":\"https:\\\/\\\/gardeon.pl\\\/pl\\\/blog\\\/6-kreatywnych-pomyslow-na-wielkanocna-dekoracje-ogrodu-dodatkowe-kryjowki-przed-polewaczami\\\/#breadcrumb\",\"itemListElement\":[{\"@type\":\"ListItem\",\"position\":1,\"name\":\"Domov\",\"item\":\"https:\\\/\\\/gardeon.pl\\\/pl\\\/\"},{\"@type\":\"ListItem\",\"position\":2,\"name\":\"6 kreatywnych pomys\u0142\u00f3w na wielkanocn\u0105 dekoracj\u0119 ogrodu + dodatkowe kryj\u00f3wki przed polewaczami\"}]},{\"@type\":\"WebSite\",\"@id\":\"https:\\\/\\\/gardeon.pl\\\/#website\",\"url\":\"https:\\\/\\\/gardeon.pl\\\/\",\"name\":\"GARDEON\",\"description\":\"\",\"potentialAction\":[{\"@type\":\"SearchAction\",\"target\":{\"@type\":\"EntryPoint\",\"urlTemplate\":\"https:\\\/\\\/gardeon.pl\\\/?s={search_term_string}\"},\"query-input\":{\"@type\":\"PropertyValueSpecification\",\"valueRequired\":true,\"valueName\":\"search_term_string\"}}],\"inLanguage\":\"pl-PL\"},{\"@type\":\"Person\",\"@id\":\"https:\\\/\\\/gardeon.pl\\\/#\\\/schema\\\/person\\\/a5762ca5f0790bf92774af0899379463\",\"name\":\"editor\",\"image\":{\"@type\":\"ImageObject\",\"inLanguage\":\"pl-PL\",\"@id\":\"https:\\\/\\\/secure.gravatar.com\\\/avatar\\\/2b748151c2c748327307fd289a91b3bdafdd9e64e2d000e65e53d6dcf11c5830?s=96&d=mm&r=g\",\"url\":\"https:\\\/\\\/secure.gravatar.com\\\/avatar\\\/2b748151c2c748327307fd289a91b3bdafdd9e64e2d000e65e53d6dcf11c5830?s=96&d=mm&r=g\",\"contentUrl\":\"https:\\\/\\\/secure.gravatar.com\\\/avatar\\\/2b748151c2c748327307fd289a91b3bdafdd9e64e2d000e65e53d6dcf11c5830?s=96&d=mm&r=g\",\"caption\":\"editor\"}}]}<\/script>\n<!-- \/ Yoast SEO plugin. -->","yoast_head_json":{"title":"6 kreatywnych pomys\u0142\u00f3w na wielkanocn\u0105 dekoracj\u0119 ogrodu + dodatkowe kryj\u00f3wki przed polewaczami - GARDEON","robots":{"index":"index","follow":"follow","max-snippet":"max-snippet:-1","max-image-preview":"max-image-preview:large","max-video-preview":"max-video-preview:-1"},"canonical":"https:\/\/gardeon.pl\/pl\/blog\/6-kreatywnych-pomyslow-na-wielkanocna-dekoracje-ogrodu-dodatkowe-kryjowki-przed-polewaczami\/","og_locale":"pl_PL","og_type":"article","og_title":"6 kreatywnych pomys\u0142\u00f3w na wielkanocn\u0105 dekoracj\u0119 ogrodu + dodatkowe kryj\u00f3wki przed polewaczami - GARDEON","og_description":"Wielkanoc nale\u017cy do najwa\u017cniejszych \u015bwi\u0105t chrze\u015bcija\u0144skich. Czy i wy macie zwyczaj dekorowa\u0107 sw\u00f3j dom? Przedstawiamy wam kilka inspiracji na wielkanocne dekoracje do ogrodu. Dodatkowo zdradzimy 3 skuteczne wskaz\u00f3wki na kryj\u00f3wk\u0119 przed polewaczami. Przydadz\u0105 si\u0119 wam, zw\u0142aszcza je\u015bli nie wierzycie tym miodowym s\u0142\u00f3wkom, \u017ce dzi\u0119ki wielkanocnemu polewaniu uro\u015bniecie do pi\u0119kna.","og_url":"https:\/\/gardeon.pl\/pl\/blog\/6-kreatywnych-pomyslow-na-wielkanocna-dekoracje-ogrodu-dodatkowe-kryjowki-przed-polewaczami\/","og_site_name":"GARDEON","article_published_time":"2026-04-23T16:41:14+00:00","article_modified_time":"2026-04-23T16:44:19+00:00","og_image":[{"width":1280,"height":958,"url":"http:\/\/gardeon.pl\/wp-content\/uploads\/2019\/07\/banner-1.jpg","type":"image\/jpeg"}],"author":"editor","twitter_card":"summary_large_image","twitter_misc":{"Napisane przez":"editor","Szacowany czas czytania":"3 minuty"},"schema":{"@context":"https:\/\/schema.org","@graph":[{"@type":"Article","@id":"https:\/\/gardeon.pl\/pl\/blog\/6-kreatywnych-pomyslow-na-wielkanocna-dekoracje-ogrodu-dodatkowe-kryjowki-przed-polewaczami\/#article","isPartOf":{"@id":"https:\/\/gardeon.pl\/pl\/blog\/6-kreatywnych-pomyslow-na-wielkanocna-dekoracje-ogrodu-dodatkowe-kryjowki-przed-polewaczami\/"},"author":{"name":"editor","@id":"https:\/\/gardeon.pl\/#\/schema\/person\/a5762ca5f0790bf92774af0899379463"},"headline":"6 kreatywnych pomys\u0142\u00f3w na wielkanocn\u0105 dekoracj\u0119 ogrodu + dodatkowe kryj\u00f3wki przed polewaczami","datePublished":"2026-04-23T16:41:14+00:00","dateModified":"2026-04-23T16:44:19+00:00","mainEntityOfPage":{"@id":"https:\/\/gardeon.pl\/pl\/blog\/6-kreatywnych-pomyslow-na-wielkanocna-dekoracje-ogrodu-dodatkowe-kryjowki-przed-polewaczami\/"},"wordCount":691,"commentCount":0,"image":{"@id":"https:\/\/gardeon.pl\/pl\/blog\/6-kreatywnych-pomyslow-na-wielkanocna-dekoracje-ogrodu-dodatkowe-kryjowki-przed-polewaczami\/#primaryimage"},"thumbnailUrl":"https:\/\/gardeon.pl\/wp-content\/uploads\/2019\/07\/banner-1.jpg","articleSection":["Inne"],"inLanguage":"pl-PL","potentialAction":[{"@type":"CommentAction","name":"Comment","target":["https:\/\/gardeon.pl\/pl\/blog\/6-kreatywnych-pomyslow-na-wielkanocna-dekoracje-ogrodu-dodatkowe-kryjowki-przed-polewaczami\/#respond"]}]},{"@type":"WebPage","@id":"https:\/\/gardeon.pl\/pl\/blog\/6-kreatywnych-pomyslow-na-wielkanocna-dekoracje-ogrodu-dodatkowe-kryjowki-przed-polewaczami\/","url":"https:\/\/gardeon.pl\/pl\/blog\/6-kreatywnych-pomyslow-na-wielkanocna-dekoracje-ogrodu-dodatkowe-kryjowki-przed-polewaczami\/","name":"6 kreatywnych pomys\u0142\u00f3w na wielkanocn\u0105 dekoracj\u0119 ogrodu + dodatkowe kryj\u00f3wki przed polewaczami - GARDEON","isPartOf":{"@id":"https:\/\/gardeon.pl\/#website"},"primaryImageOfPage":{"@id":"https:\/\/gardeon.pl\/pl\/blog\/6-kreatywnych-pomyslow-na-wielkanocna-dekoracje-ogrodu-dodatkowe-kryjowki-przed-polewaczami\/#primaryimage"},"image":{"@id":"https:\/\/gardeon.pl\/pl\/blog\/6-kreatywnych-pomyslow-na-wielkanocna-dekoracje-ogrodu-dodatkowe-kryjowki-przed-polewaczami\/#primaryimage"},"thumbnailUrl":"https:\/\/gardeon.pl\/wp-content\/uploads\/2019\/07\/banner-1.jpg","datePublished":"2026-04-23T16:41:14+00:00","dateModified":"2026-04-23T16:44:19+00:00","author":{"@id":"https:\/\/gardeon.pl\/#\/schema\/person\/a5762ca5f0790bf92774af0899379463"},"breadcrumb":{"@id":"https:\/\/gardeon.pl\/pl\/blog\/6-kreatywnych-pomyslow-na-wielkanocna-dekoracje-ogrodu-dodatkowe-kryjowki-przed-polewaczami\/#breadcrumb"},"inLanguage":"pl-PL","potentialAction":[{"@type":"ReadAction","target":["https:\/\/gardeon.pl\/pl\/blog\/6-kreatywnych-pomyslow-na-wielkanocna-dekoracje-ogrodu-dodatkowe-kryjowki-przed-polewaczami\/"]}]},{"@type":"ImageObject","inLanguage":"pl-PL","@id":"https:\/\/gardeon.pl\/pl\/blog\/6-kreatywnych-pomyslow-na-wielkanocna-dekoracje-ogrodu-dodatkowe-kryjowki-przed-polewaczami\/#primaryimage","url":"https:\/\/gardeon.pl\/wp-content\/uploads\/2019\/07\/banner-1.jpg","contentUrl":"https:\/\/gardeon.pl\/wp-content\/uploads\/2019\/07\/banner-1.jpg","width":1280,"height":958,"caption":"Bukiet tulipan\u00f3w na drewnianym stole"},{"@type":"BreadcrumbList","@id":"https:\/\/gardeon.pl\/pl\/blog\/6-kreatywnych-pomyslow-na-wielkanocna-dekoracje-ogrodu-dodatkowe-kryjowki-przed-polewaczami\/#breadcrumb","itemListElement":[{"@type":"ListItem","position":1,"name":"Domov","item":"https:\/\/gardeon.pl\/pl\/"},{"@type":"ListItem","position":2,"name":"6 kreatywnych pomys\u0142\u00f3w na wielkanocn\u0105 dekoracj\u0119 ogrodu + dodatkowe kryj\u00f3wki przed polewaczami"}]},{"@type":"WebSite","@id":"https:\/\/gardeon.pl\/#website","url":"https:\/\/gardeon.pl\/","name":"GARDEON","description":"","potentialAction":[{"@type":"SearchAction","target":{"@type":"EntryPoint","urlTemplate":"https:\/\/gardeon.pl\/?s={search_term_string}"},"query-input":{"@type":"PropertyValueSpecification","valueRequired":true,"valueName":"search_term_string"}}],"inLanguage":"pl-PL"},{"@type":"Person","@id":"https:\/\/gardeon.pl\/#\/schema\/person\/a5762ca5f0790bf92774af0899379463","name":"editor","image":{"@type":"ImageObject","inLanguage":"pl-PL","@id":"https:\/\/secure.gravatar.com\/avatar\/2b748151c2c748327307fd289a91b3bdafdd9e64e2d000e65e53d6dcf11c5830?s=96&d=mm&r=g","url":"https:\/\/secure.gravatar.com\/avatar\/2b748151c2c748327307fd289a91b3bdafdd9e64e2d000e65e53d6dcf11c5830?s=96&d=mm&r=g","contentUrl":"https:\/\/secure.gravatar.com\/avatar\/2b748151c2c748327307fd289a91b3bdafdd9e64e2d000e65e53d6dcf11c5830?s=96&d=mm&r=g","caption":"editor"}}]}},"_links":{"self":[{"href":"https:\/\/gardeon.pl\/pl\/wp-json\/wp\/v2\/posts\/48333","targetHints":{"allow":["GET"]}}],"collection":[{"href":"https:\/\/gardeon.pl\/pl\/wp-json\/wp\/v2\/posts"}],"about":[{"href":"https:\/\/gardeon.pl\/pl\/wp-json\/wp\/v2\/types\/post"}],"author":[{"embeddable":true,"href":"https:\/\/gardeon.pl\/pl\/wp-json\/wp\/v2\/users\/2"}],"replies":[{"embeddable":true,"href":"https:\/\/gardeon.pl\/pl\/wp-json\/wp\/v2\/comments?post=48333"}],"version-history":[{"count":0,"href":"https:\/\/gardeon.pl\/pl\/wp-json\/wp\/v2\/posts\/48333\/revisions"}],"wp:featuredmedia":[{"embeddable":true,"href":"https:\/\/gardeon.pl\/pl\/wp-json\/wp\/v2\/media\/48341"}],"wp:attachment":[{"href":"https:\/\/gardeon.pl\/pl\/wp-json\/wp\/v2\/media?parent=48333"}],"wp:term":[{"taxonomy":"category","embeddable":true,"href":"https:\/\/gardeon.pl\/pl\/wp-json\/wp\/v2\/categories?post=48333"},{"taxonomy":"post_tag","embeddable":true,"href":"https:\/\/gardeon.pl\/pl\/wp-json\/wp\/v2\/tags?post=48333"}],"curies":[{"name":"wp","href":"https:\/\/api.w.org\/{rel}","templated":true}]}}